{"id":10752,"date":"2025-07-13T15:27:30","date_gmt":"2025-07-13T15:27:30","guid":{"rendered":"https:\/\/verdadincomodadiario.ar\/?p=10752"},"modified":"2025-07-13T15:27:30","modified_gmt":"2025-07-13T15:27:30","slug":"historico-el-parlamento-israeli-homenajeara-a-victimas-de-la-amia","status":"publish","type":"post","link":"https:\/\/verdadincomodadiario.ar\/?p=10752","title":{"rendered":"Hist\u00f3rico: el Parlamento israel\u00ed homenajear\u00e1 a v\u00edctimas de la AMIA"},"content":{"rendered":"<p>A 31 a\u00f1os del atentado terrorista contra la AMIA en Buenos Aires, <strong>Israel rendir\u00e1 por primera vez un homenaje oficial a las v\u00edctimas<\/strong>\u00a0 en el coraz\u00f3n de su vida democr\u00e1tica: la Knesset. El acto, que se celebrar\u00e1 la pr\u00f3xima semana, ser\u00e1 encabezado por <strong>el presidente del Parlamento israel\u00ed, Amir Ohana, y contar\u00e1 con la presencia del embajador argentino Axel Wahnish, ministros del gobierno israel\u00ed y el Gran Rabino Ashkenaz\u00ed de Israel, Rav Kalman Ber<\/strong>.<\/p>\n<p>El homenaje no es solo un acto de memoria, sino tambi\u00e9n una afirmaci\u00f3n simb\u00f3lica de una relaci\u00f3n bilateral que ha cobrado nueva fuerza en los \u00faltimos meses. <strong>Desde la llegada de Javier Milei a la presidencia argentina, el v\u00ednculo entre ambos pa\u00edses ha tomado un rumbo definido, claro y sin ambig\u00fcedades: una alianza firme basada en valores compartidos, defensa de la democracia y una postura com\u00fan frente al terrorismo internacional<\/strong>.<\/p>\n<div class=\"inter_image image_horizontal\">\n<picture><source class=\"img-responsive\" type=\"image\/webp\" data-srcset=\"https:\/\/filesedc.com\/uploads\/image\/post\/2025\/07\/bibimilei_300_200.webp 300w, https:\/\/filesedc.com\/uploads\/image\/post\/2025\/07\/bibimilei_630_420.webp 630w, https:\/\/filesedc.com\/uploads\/image\/post\/2025\/07\/bibimilei_760_507.webp 760w, https:\/\/filesedc.com\/uploads\/image\/post\/2025\/07\/bibimilei_1200_800.webp 1200w, https:\/\/filesedc.com\/uploads\/image\/post\/2025\/07\/bibimilei_1600_1067.webp 1600w, \"><img decoding=\"async\" src=\"https:\/\/derechadiario.com.ar\/filesedc\/uploads\/image\/post\/2025\/07\/bibimilei_1200_800.webp\" class=\"img-responsive lazyload\" alt=\"Dos hombres vestidos de traje y kip\u00e1 se toman de la mano y sonr\u00eden frente al Muro de los Lamentos uno de ellos sostiene unos papeles y el otro lleva un talit sobre los hombros\" title=\"Dos hombres vestidos de traje y kip\u00e1 se toman de la mano y sonr\u00eden frente al Muro de los Lamentos uno de ellos sostiene unos papeles y el otro lleva un talit sobre los hombros\"><\/picture>\n<div>\n<span class=\"img_footer\">El PM Netanyahu y el presidente Milei <\/span>| <span class=\"img_author\">La Derecha Diario<\/span>\n<\/div>\n<\/div>\n<p><strong>\u201cFue un ataque perpetrado por Ir\u00e1n, no solo contra la comunidad jud\u00eda, sino contra todo el pueblo argentino\u201d<\/strong>, afirm\u00f3 el embajador Wahnish en sus redes sociales. Record\u00f3 que el atentado del 18 de julio de 1994 dej\u00f3 85 muertos y m\u00e1s de 300 heridos, y subray\u00f3 que <strong>\u201cArgentina seguir\u00e1 exigiendo justicia hasta que todos los responsables paguen por el crimen que cometieron\u201d<\/strong>.<\/p>\n<p>El gesto de la Knesset no ocurre en el vac\u00edo. Llega en un contexto de creciente hostilidad por parte del r\u00e9gimen iran\u00ed y de expansi\u00f3n de su influencia a trav\u00e9s de grupos como Hezbollah, cuyos integrantes \u2014junto a funcionarios iran\u00edes\u2014 enfrentar\u00e1n un juicio en ausencia en Argentina por su presunta responsabilidad en el atentado.<\/p>\n<figure><img decoding=\"async\" src=\"https:\/\/derechadiario.com.ar\/filesedc\/uploads\/image\/post\/2025\/07\/wahnish_1200_800.webp\" class=\"img-responsive lazyload\" alt=\"Hombre con barba y gafas hablando en un podio oficial con las banderas de Israel y Argentina de fondo\" title=\"Hombre con barba y gafas hablando en un podio oficial con las banderas de Israel y Argentina de fondo\"><\/figure>\n<p><strong>\u201cEste homenaje es una se\u00f1al clara de la profunda amistad entre ambos pa\u00edses\u201d<\/strong>, expres\u00f3 el embajador. Una amistad que, <strong>bajo el liderazgo de Milei, ha dejado de ser protocolar para convertirse en un compromiso pol\u00edtico y moral<\/strong>. En tiempos de sombras ideol\u00f3gicas y terrorismo global, Argentina ha decidido estar del lado de la luz.<\/p>\n","protected":false},"excerpt":{"rendered":"<p>A 31 a\u00f1os del atentado terrorista contra la AMIA en Buenos Aires, Israel rendir\u00e1 por primera vez un homenaje oficial a las v\u00edctimas\u00a0 en el coraz\u00f3n de su vida democr\u00e1tica: la Knesset. El acto, que se celebrar\u00e1 la pr\u00f3xima semana, ser\u00e1 encabezado por el presidente del Parlamento israel\u00ed, Amir Ohana, y contar\u00e1 con la presencia [&hellip;]<\/p>\n","protected":false},"author":2,"featured_media":10753,"comment_status":"open","ping_status":"open","sticky":false,"template":"","format":"standard","meta":{"_et_pb_use_builder":"","_et_pb_old_content":"","_et_gb_content_width":"","footnotes":""},"categories":[84],"tags":[],"class_list":["post-10752","post","type-post","status-publish","format-standard","has-post-thumbnail","hentry","category-ultimomomento"],"_links":{"self":[{"href":"https:\/\/verdadincomodadiario.ar\/index.php?rest_route=\/wp\/v2\/posts\/10752","targetHints":{"allow":["GET"]}}],"collection":[{"href":"https:\/\/verdadincomodadiario.ar\/index.php?rest_route=\/wp\/v2\/posts"}],"about":[{"href":"https:\/\/verdadincomodadiario.ar\/index.php?rest_route=\/wp\/v2\/types\/post"}],"author":[{"embeddable":true,"href":"https:\/\/verdadincomodadiario.ar\/index.php?rest_route=\/wp\/v2\/users\/2"}],"replies":[{"embeddable":true,"href":"https:\/\/verdadincomodadiario.ar\/index.php?rest_route=%2Fwp%2Fv2%2Fcomments&post=10752"}],"version-history":[{"count":0,"href":"https:\/\/verdadincomodadiario.ar\/index.php?rest_route=\/wp\/v2\/posts\/10752\/revisions"}],"wp:featuredmedia":[{"embeddable":true,"href":"https:\/\/verdadincomodadiario.ar\/index.php?rest_route=\/wp\/v2\/media\/10753"}],"wp:attachment":[{"href":"https:\/\/verdadincomodadiario.ar\/index.php?rest_route=%2Fwp%2Fv2%2Fmedia&parent=10752"}],"wp:term":[{"taxonomy":"category","embeddable":true,"href":"https:\/\/verdadincomodadiario.ar\/index.php?rest_route=%2Fwp%2Fv2%2Fcategories&post=10752"},{"taxonomy":"post_tag","embeddable":true,"href":"https:\/\/verdadincomodadiario.ar\/index.php?rest_route=%2Fwp%2Fv2%2Ftags&post=10752"}],"curies":[{"name":"wp","href":"https:\/\/api.w.org\/{rel}","templated":true}]}}