{"id":10742,"date":"2025-07-13T02:25:30","date_gmt":"2025-07-13T02:25:30","guid":{"rendered":"https:\/\/verdadincomodadiario.ar\/?p=10742"},"modified":"2025-07-13T02:25:30","modified_gmt":"2025-07-13T02:25:30","slug":"el-oscuro-financiamiento-del-pasquin-comunista-la-diaria","status":"publish","type":"post","link":"https:\/\/verdadincomodadiario.ar\/?p=10742","title":{"rendered":"El oscuro financiamiento del pasqu\u00edn comunista La Diaria"},"content":{"rendered":"<p>El panfleto de ultra izquierda se fund\u00f3 en 2006.<\/p>\n<p>El prop\u00f3sito era apoyar al entonces primer gobierno del Frente Amplio encabezado por Tabar\u00e9 <strong>V\u00e1zquez<\/strong> .<\/p>\n<p>Un grupo de comunistas, socialistas, sindicalistas, feministas radicales y operadores pol\u00edticos de izquierda, quer\u00edan <strong>defender<\/strong> la primera gesti\u00f3n <strong>frenteamplista<\/strong>, y lanzaron este supuesto &#8220;medio de prensa&#8221;.\u00a0<\/p>\n<p>Adem\u00e1s de <strong>defender<\/strong> permanentemente al Frente Amplio, el pasqu\u00edn promueve a todos sus sat\u00e9lites, como el <strong>PIT<\/strong>&#8211;<strong>CNT<\/strong>, la FEUU (organizaci\u00f3n de estudiantes universitarios dominada por la ultra izquierda chavista), <strong>FUCVAM<\/strong> (cooperativistas de viviendas que tuvo como su l\u00edder a Gustavo Gonz\u00e1lez, actual senador del Partido Socialista), y por supuesto fomentar el <strong>feminismo<\/strong> radical anti familia y anti varones.\u00a0<\/p>\n<h2>Natalia Uval, la directora<\/h2>\n<p>Uval es su directora y su cara visible. Es una feminista ultra radical, que adem\u00e1s ha sido <strong>dependiente<\/strong> de la intendencia de Montevideo.<\/p>\n<p>En 2021, con <strong>Cosse<\/strong> como intendente, Uval comenz\u00f3 su participaci\u00f3n en el programa de <strong>propaganda<\/strong> La letra chica, emitido por <strong>Tv<\/strong>\u00a0<strong>Ciudad<\/strong>, canal de la intendencia.<\/p>\n<div class=\"inter_image image_horizontal\">\n<picture><source class=\"img-responsive\" type=\"image\/webp\" data-srcset=\"https:\/\/filesedc.com\/uploads\/image\/post\/2025\/07\/aebu-20191015nc-23-1080x675_300_200.webp 300w, https:\/\/filesedc.com\/uploads\/image\/post\/2025\/07\/aebu-20191015nc-23-1080x675_630_420.webp 630w, https:\/\/filesedc.com\/uploads\/image\/post\/2025\/07\/aebu-20191015nc-23-1080x675_760_507.webp 760w, https:\/\/filesedc.com\/uploads\/image\/post\/2025\/07\/aebu-20191015nc-23-1080x675_1200_800.webp 1200w, https:\/\/filesedc.com\/uploads\/image\/post\/2025\/07\/aebu-20191015nc-23-1080x675_1600_1067.webp 1600w, \"><img decoding=\"async\" src=\"https:\/\/derechadiario.com.ar\/filesedc\/uploads\/image\/post\/2025\/07\/aebu-20191015nc-23-1080x675_1200_800.webp\" class=\"img-responsive lazyload\" alt=\"Mujer de cabello oscuro hablando mientras sostiene un micr\u00f3fono con fondo azul desenfocado\" title=\"Mujer de cabello oscuro hablando mientras sostiene un micr\u00f3fono con fondo azul desenfocado\"><\/picture>\n<div>\n<span class=\"img_footer\">Natalia Uval  <\/span>| <span class=\"img_author\">La Derecha Diario<\/span>\n<\/div>\n<\/div>\n<p>Desde el mencionado programa se dedic\u00f3 a elogiar, no solo al Frente Amplio, sino a sus diversos sat\u00e9lites como los familiares de &#8220;desaparecidos&#8221; y al PIT-CNT. Es m\u00e1s que obvio que si la directora de La Diaria depende <strong>econ\u00f3micamente<\/strong> de Cosse jam\u00e1s la iba a criticar.<\/p>\n<p>Y por supuesto tampoco iba a <strong>criticar<\/strong> las p\u00e9simas gestiones de los gobiernos departamentales de Montevideo.\u00a0<\/p>\n<h2>Agresi\u00f3n medi\u00e1tica a una ni\u00f1a<\/h2>\n<p>Otra que escrib\u00eda en el panfleto era <strong>Denisse<\/strong>\u00a0<strong>Legrand<\/strong>, quien tambi\u00e9n integr\u00f3 el mencionado programa de TV Ciudad cobrando, por supuesto, dinero p\u00fablico.\u00a0<\/p>\n<p>Legrand <strong>agredi\u00f3<\/strong> medi\u00e1ticamente a una menor con capacidades diferentes en 2021, por lo cual fue <strong>denunciada<\/strong> en un juzgado.<\/p>\n<p>Jam\u00e1s se retract\u00f3 de su agresi\u00f3n medi\u00e1tica, y desde La Diaria tampoco brindaron explicaciones de por qu\u00e9 ten\u00edan como columnista a una <strong>agresora<\/strong> de menores.\u00a0<\/p>\n<h2>Financiamiento internacional<\/h2>\n<p>El pasqu\u00edn no solo se financia con dinero de los <strong>contribuyentes<\/strong> uruguayos, tambi\u00e9n recibe <strong>millones<\/strong> desde el exterior, fundamentalmente a trav\u00e9s de fundaciones que supuestamente apuestan a la libertad de expresi\u00f3n y a los Derechos Humanos.<\/p>\n<p>Una es la Fundaci\u00f3n <strong>Avina<\/strong>, que junto con Omidyar Network y Avina Americas, cre\u00f3 la Alianza Latinoamericana para la Tecnolog\u00eda C\u00edvica (<strong>ALTEC<\/strong>) en 2017, con un fondo de 3,5 millones de <strong>d\u00f3lares<\/strong> para &#8220;apoyar proyectos de tecnolog\u00eda c\u00edvica en Am\u00e9rica Latina&#8221;.\u00a0<\/p>\n<figure><img decoding=\"async\" src=\"https:\/\/derechadiario.com.ar\/filesedc\/uploads\/image\/post\/2025\/07\/ladiaria3original_1200_800.webp\" class=\"img-responsive lazyload\" alt=\"Varias personas trabajan en computadoras en una oficina moderna con el cartel la diaria lab en la pared.\" title=\"Varias personas trabajan en computadoras en una oficina moderna con el cartel la diaria lab en la pared.\"><\/figure>\n<p>La Diaria se <strong>benefici\u00f3<\/strong> de este fondo para desarrollar &#8220;R\u00edo Abierto&#8221;, un proyecto que, seg\u00fan ellos, &#8220;democratiza informaci\u00f3n sobre la calidad del agua en Uruguay, en colaboraci\u00f3n con universidades y actores sociales&#8221;.<\/p>\n<p>Esta fundaci\u00f3n promueve la Agenda 2030, el feminismo radical anti familia, el fanatismo medioambiental, y por supuesto, apoya a las narco <strong>dictaduras<\/strong> de Cuba, Venezuela y Nicaragua.<\/p>\n<p>Est\u00e1 claro que si La Diaria est\u00e1 <strong>financiada<\/strong> por esta fundaci\u00f3n internacional seguir\u00e1 los lineamientos que le marcan. De independientes no tienen nada.<\/p>\n<p>El pasqu\u00edn suele asegurar que gran parte de su financiamiento proviene de las <strong>suscripciones<\/strong> de sus lectores. Esto es totalmente <strong>falso<\/strong>.<\/p>\n<p>No se sabe exactamente cu\u00e1ntos suscriptores tienen, pero sin duda que no son muchos y esos suscriptores de ninguna manera alcanzan para financiarlos.<\/p>\n<p>La verdadera financiaci\u00f3n proviene de organismos estatales, y de fundaciones internacionales que le inyectan <strong>dinero<\/strong>.<\/p>\n<h2>La Diaria no verifica\u00a0<\/h2>\n<p>Como se creen los due\u00f1os de la verdad hace un par de a\u00f1os lanzaron una secci\u00f3n denominada &#8220;La Diaria verifica&#8221;, donde a noticias y publicaciones que circulan en redes sociales le ponen el mote de noticia &#8220;<strong>falsa<\/strong>&#8221; o &#8220;<strong>enga\u00f1osa<\/strong>&#8220;, aunque esa noticia sea real.<\/p>\n<p>Pretenden descalificar noticias reales o publicaciones en redes que no sean de su agrado.\u00a0<\/p>\n<p>Le ponen el mote de &#8220;noticia falsa&#8221;, con una explicaci\u00f3n <strong>tergiversada<\/strong> de los hechos.\u00a0<\/p>\n<h2>Algunas de sus mentiras<\/h2>\n<p>El 8 de noviembre de 2024, antes de la segunda vuelta electoral, dijeron que era &#8220;falso&#8221; que el dirigente frenteamplista Pablo <strong>Ferreri<\/strong> hab\u00eda dicho que el Interior debe financiar obras en Montevideo. Sin embargo Ferreri <strong>s\u00ed<\/strong> hab\u00eda manifestado eso.<\/p>\n<p>El 31 de marzo del presente a\u00f1o se\u00f1alaron que era &#8220;enga\u00f1oso&#8221; que el gobierno de Orsi hab\u00eda subido los <strong>alquileres<\/strong>. Lo cierto es que los alquileres de inmuebles si hab\u00edan subido.\u00a0<\/p>\n<p>El 11 de abril pasado indicaron que es &#8220;enga\u00f1oso&#8221; que el abogado del Partido Socialista <strong>Juan<\/strong>\u00a0<strong>Ceretta<\/strong> hab\u00eda sido denunciado por agredir a una <strong>menor<\/strong>.\u00a0<\/p>\n<p>La realidad es que Ceretta s\u00ed fue <strong>denunciado<\/strong> por la familia de la v\u00edctima en enero, y en los primeros d\u00edas de febrero compareci\u00f3 en un juzgado y le impusieron <strong>medidas<\/strong>\u00a0<strong>cautelares<\/strong> por su <strong>agresi\u00f3n<\/strong> medi\u00e1tica a una ni\u00f1a que padece capacidades diferentes.\u00a0<\/p>\n<p>Hace unos d\u00edas el 30 de junio aseguraron que es &#8220;enga\u00f1oso&#8221; que el 53% de los uruguayos no apruebe la gesti\u00f3n de <strong>Orsi<\/strong>.\u00a0<\/p>\n<p>Tal porcentaje no es enga\u00f1oso, es totalmente <strong>cierto<\/strong>. Pero su fanatismo llev\u00f3 al pasqu\u00edn a poner en duda lo reflejado por una encuesta seria.\u00a0<\/p>\n<h2>Campa\u00f1a electoral 2024<\/h2>\n<p>Durante la campa\u00f1a electoral de 2024 cada pocos d\u00edas le pon\u00edan el cartel de &#8220;falsa&#8221; a noticias que eran totalmente reales. La idea era &#8220;construir una verdad&#8221; <strong>deslegitimar<\/strong> a noticias que no les conven\u00eda al candidato presidencial Yamand\u00fa Orsi, por el cual apostaban.\u00a0<\/p>\n<figure><img decoding=\"async\" src=\"https:\/\/derechadiario.com.ar\/filesedc\/uploads\/image\/post\/2025\/07\/descarga-1752362502132_1200_800.webp\" class=\"img-responsive lazyload\" alt=\"Texto la diaria en letras negras sobre fondo celeste\" title=\"Texto la diaria en letras negras sobre fondo celeste\"><\/figure>\n<p>Hasta la elecci\u00f3n interna del 30 de junio de 2024 apoyaron a Carolina <strong>Cosse<\/strong>, que era una de las precandidatas, cuando perdi\u00f3 desde julio hasta el balotaje promovieron la f\u00f3rmula presidencial Orsi &#8211; Cosse.\u00a0<\/p>\n<p>La Diaria tiene todo el derecho a apoyar el comunismo, el <strong>feminismo<\/strong> radical, y a las narco <strong>dictaduras<\/strong> caribe\u00f1as, lo que no tiene derecho es a disfrazarse de &#8220;medio de prensa independiente&#8221;, y de cobrar dinero de todos los uruguayos.\u00a0<\/p>\n<p>Ser\u00eda mucho m\u00e1s sincero que se autodefinan como el medio de propaganda de la izquierda <strong>radical<\/strong> financiado con dinero p\u00fablico, y que no enga\u00f1en a sus lectores disfraz\u00e1ndose de lo que no son.<\/p>\n","protected":false},"excerpt":{"rendered":"<p>El panfleto de ultra izquierda se fund\u00f3 en 2006. El prop\u00f3sito era apoyar al entonces primer gobierno del Frente Amplio encabezado por Tabar\u00e9 V\u00e1zquez . Un grupo de comunistas, socialistas, sindicalistas, feministas radicales y operadores pol\u00edticos de izquierda, quer\u00edan defender la primera gesti\u00f3n frenteamplista, y lanzaron este supuesto &#8220;medio de prensa&#8221;.\u00a0 Adem\u00e1s de defender permanentemente [&hellip;]<\/p>\n","protected":false},"author":2,"featured_media":10743,"comment_status":"open","ping_status":"open","sticky":false,"template":"","format":"standard","meta":{"_et_pb_use_builder":"","_et_pb_old_content":"","_et_gb_content_width":"","footnotes":""},"categories":[84],"tags":[],"class_list":["post-10742","post","type-post","status-publish","format-standard","has-post-thumbnail","hentry","category-ultimomomento"],"_links":{"self":[{"href":"https:\/\/verdadincomodadiario.ar\/index.php?rest_route=\/wp\/v2\/posts\/10742","targetHints":{"allow":["GET"]}}],"collection":[{"href":"https:\/\/verdadincomodadiario.ar\/index.php?rest_route=\/wp\/v2\/posts"}],"about":[{"href":"https:\/\/verdadincomodadiario.ar\/index.php?rest_route=\/wp\/v2\/types\/post"}],"author":[{"embeddable":true,"href":"https:\/\/verdadincomodadiario.ar\/index.php?rest_route=\/wp\/v2\/users\/2"}],"replies":[{"embeddable":true,"href":"https:\/\/verdadincomodadiario.ar\/index.php?rest_route=%2Fwp%2Fv2%2Fcomments&post=10742"}],"version-history":[{"count":0,"href":"https:\/\/verdadincomodadiario.ar\/index.php?rest_route=\/wp\/v2\/posts\/10742\/revisions"}],"wp:featuredmedia":[{"embeddable":true,"href":"https:\/\/verdadincomodadiario.ar\/index.php?rest_route=\/wp\/v2\/media\/10743"}],"wp:attachment":[{"href":"https:\/\/verdadincomodadiario.ar\/index.php?rest_route=%2Fwp%2Fv2%2Fmedia&parent=10742"}],"wp:term":[{"taxonomy":"category","embeddable":true,"href":"https:\/\/verdadincomodadiario.ar\/index.php?rest_route=%2Fwp%2Fv2%2Fcategories&post=10742"},{"taxonomy":"post_tag","embeddable":true,"href":"https:\/\/verdadincomodadiario.ar\/index.php?rest_route=%2Fwp%2Fv2%2Ftags&post=10742"}],"curies":[{"name":"wp","href":"https:\/\/api.w.org\/{rel}","templated":true}]}}