{"id":10740,"date":"2025-07-13T00:25:00","date_gmt":"2025-07-13T00:25:00","guid":{"rendered":"https:\/\/verdadincomodadiario.ar\/?p=10740"},"modified":"2025-07-13T00:25:00","modified_gmt":"2025-07-13T00:25:00","slug":"fatal-choque-en-salsipuedes-cordoba-murio-un-motociclista-tras-impactar-con-un-auto","status":"publish","type":"post","link":"https:\/\/verdadincomodadiario.ar\/?p=10740","title":{"rendered":"Fatal choque en Salsipuedes, C\u00f3rdoba: muri\u00f3 un motociclista tras impactar con un auto"},"content":{"rendered":"<p><strong>Un joven de 27 a\u00f1os muri\u00f3 en la madrugada del viernes<\/strong> luego de protagonizar un <a href=\"https:\/\/derechadiario.com.ar\/sociedad\/cordoba-suma-9-victimas-fatales-por-accidentes-transito-solo-fin-semana\" title=\"C\u00f3rdoba suma 9 v\u00edctimas fatales por accidentes de tr\u00e1nsito en solo un fin de semana\">accidente<\/a> en barrio Cerro Sol, en la ciudad de Salsipuedes. El siniestro ocurri\u00f3 en la intersecci\u00f3n de avenida Sarmiento y calle San Luis, zona transitada de las Sierras Chicas. <strong>La moto que conduc\u00eda impact\u00f3 contra un veh\u00edculo particula<\/strong>r por causas que a\u00fan no se determinaron.<\/p>\n<p>El joven se desplazaba en una Corven 110 cuando colision\u00f3 con un Citro\u00ebn C3 manejado por una mujer de 63 a\u00f1os. <strong>La fuerza del impacto provoc\u00f3 heridas que resultaron fatales para el conductor del rodado menor.<\/strong> Personal m\u00e9dico constat\u00f3 su fallecimiento en el lugar del hecho.<\/p>\n<p><strong>La conductora del autom\u00f3vil result\u00f3 ilesa y fue asistida por efectivos policiales<\/strong> y el servicio de emergencia. El \u00e1rea fue inmediatamente perimetrada para preservar la escena. Las pericias intentan reconstruir la din\u00e1mica del choque para deslindar responsabilidades.<\/p>\n<div class=\"inter_image image_vertical\">\n<picture><source class=\"img-responsive\" type=\"image\/webp\" data-srcset=\"https:\/\/filesedc.com\/uploads\/image\/post\/2025\/07\/419_300_400.webp 300w, https:\/\/filesedc.com\/uploads\/image\/post\/2025\/07\/419_630_840.webp 630w, https:\/\/filesedc.com\/uploads\/image\/post\/2025\/07\/419_760_1013.webp 760w, https:\/\/filesedc.com\/uploads\/image\/post\/2025\/07\/419_1200_1600.webp 1200w, https:\/\/filesedc.com\/uploads\/image\/post\/2025\/07\/419_1600_2133.webp 1600w, \"><img decoding=\"async\" src=\"https:\/\/derechadiario.com.ar\/filesedc\/uploads\/image\/post\/2025\/07\/419_1200_1600.webp\" class=\"img-responsive lazyload\" alt=\"Auto Citro\u00ebn plateado con la luneta trasera rota estacionado en una calle mojada de noche con personas y luces al fondo\" title=\"Auto Citro\u00ebn plateado con la luneta trasera rota estacionado en una calle mojada de noche con personas y luces al fondo\"><\/picture>\n<div>\n<span class=\"img_footer\">el auto protagonista del accidente fatal. <\/span>| <span class=\"img_author\">La Derecha Diario<\/span>\n<\/div>\n<\/div>\n<h2>Intervenci\u00f3n judicial y peritajes para esclarecer el hecho<\/h2>\n<p>La causa qued\u00f3 en manos de la Fiscal\u00eda de turno del Departamento Judicial Sierras Chicas. Se orden\u00f3 la revisi\u00f3n del material de c\u00e1maras urbanas y entrevistas a testigos. <strong>Los <a href=\"https:\/\/derechadiario.com.ar\/sociedad\/dramaticos-choques-cordoba-choque-circunvalacion-y-camion-volcado-zona-sur\" title=\"Dram\u00e1ticos choques en C\u00f3rdoba: choque en Circunvalaci\u00f3n y cami\u00f3n volcado en zona sur\">veh\u00edculos involucrados<\/a> fueron secuestrados para su peritaje<\/strong> mec\u00e1nico correspondiente.<\/p>\n<aside class=\"are-you-interested-container-photo\"><\/aside>\n<p>Desde la Polic\u00eda de C\u00f3rdoba informaron que se realiz\u00f3 el test de alcoholemia a la conductora del auto, el cual arroj\u00f3 resultado negativo. Adem\u00e1s, se constat\u00f3 que ambos veh\u00edculos contaban con la documentaci\u00f3n al d\u00eda. No se descarta ninguna hip\u00f3tesis sobre la causa del impacto.<\/p>\n<p>Vecinos del sector se\u00f1alaron que el cruce donde ocurri\u00f3 el siniestro suele presentar <strong>alta circulaci\u00f3n y escasa visibilidad nocturna<\/strong>. Solicitaron mayor presencia policial y luminarias en la zona para evitar nuevos accidentes. La Municipalidad no se pronunci\u00f3 sobre los reclamos.<\/p>\n<figure><img decoding=\"async\" src=\"https:\/\/derechadiario.com.ar\/filesedc\/uploads\/image\/post\/2025\/07\/418_1200_800.webp\" class=\"img-responsive lazyload\" alt=\"Letras blancas grandes que forman la palabra Salsipuedes frente a una cerca de madera y \u00e1rboles al fondo\" title=\"Letras blancas grandes que forman la palabra Salsipuedes frente a una cerca de madera y \u00e1rboles al fondo\"><\/figure>\n<h2>C\u00f3rdoba registra aumento de siniestros viales en zonas suburbanas<\/h2>\n<p>Este nuevo hecho se suma a una <strong>preocupante seguidilla de accidentes en corredores urbanos de las Sierras Chicas.<\/strong> Las autoridades admiten un incremento de colisiones fatales en zonas suburbanas con tr\u00e1nsito intermunicipal. Entre las principales causas figuran exceso de velocidad y falta de se\u00f1alizaci\u00f3n.<\/p>\n<p>El fallecido a\u00fan no fue identificado oficialmente al cierre de esta edici\u00f3n. Se aguardaba la presencia de sus familiares para concretar el reconocimiento. Desde la Polic\u00eda Caminera recomendaron <strong>extremar las precauciones al circular por rutas internas del corredor serrano.<\/strong><\/p>\n<aside class=\"whatsappChannelText\"><a href=\"https:\/\/whatsapp.com\/channel\/0029VagEjILGE56eKjedWF2U\" rel=\"nofollow\" title=\"WhatsApp Link\"><img alt=\"Logo de WhatsApp\" class=\"lazyload\" data-src=\"https:\/\/derechadiario.com.ar\/filesedc\/uploads\/other\/whatsapp_icon_mid_article.png\" width=\"32\" height=\"32\"><\/a> <a href=\"https:\/\/whatsapp.com\/channel\/0029VagEjILGE56eKjedWF2U\" rel=\"nofollow\" title=\"WhatsApp Link\"><strong>NO SE PIERDAN NINGUNA NOTICIA<\/strong>: Click aqu\u00ed para sumarte <strong>GRATIS<\/strong> al canal de noticias de <strong>La Derecha Diario en WhatsApp.<\/strong><\/a><\/aside>\n<p>La tragedia volvi\u00f3 a encender alarmas sobre la necesidad de medidas de prevenci\u00f3n vial en ciudades dormitorio. Salsipuedes, como otras localidades cercanas a C\u00f3rdoba capital, ha experimentado un fuerte crecimiento demogr\u00e1fico. Sin embargo, muchas de sus v\u00edas no est\u00e1n preparadas para el volumen de tr\u00e1nsito actual.<\/p>\n","protected":false},"excerpt":{"rendered":"<p>Un joven de 27 a\u00f1os muri\u00f3 en la madrugada del viernes luego de protagonizar un accidente en barrio Cerro Sol, en la ciudad de Salsipuedes. El siniestro ocurri\u00f3 en la intersecci\u00f3n de avenida Sarmiento y calle San Luis, zona transitada de las Sierras Chicas. La moto que conduc\u00eda impact\u00f3 contra un veh\u00edculo particular por causas [&hellip;]<\/p>\n","protected":false},"author":2,"featured_media":10741,"comment_status":"open","ping_status":"open","sticky":false,"template":"","format":"standard","meta":{"_et_pb_use_builder":"","_et_pb_old_content":"","_et_gb_content_width":"","footnotes":""},"categories":[84],"tags":[],"class_list":["post-10740","post","type-post","status-publish","format-standard","has-post-thumbnail","hentry","category-ultimomomento"],"_links":{"self":[{"href":"https:\/\/verdadincomodadiario.ar\/index.php?rest_route=\/wp\/v2\/posts\/10740","targetHints":{"allow":["GET"]}}],"collection":[{"href":"https:\/\/verdadincomodadiario.ar\/index.php?rest_route=\/wp\/v2\/posts"}],"about":[{"href":"https:\/\/verdadincomodadiario.ar\/index.php?rest_route=\/wp\/v2\/types\/post"}],"author":[{"embeddable":true,"href":"https:\/\/verdadincomodadiario.ar\/index.php?rest_route=\/wp\/v2\/users\/2"}],"replies":[{"embeddable":true,"href":"https:\/\/verdadincomodadiario.ar\/index.php?rest_route=%2Fwp%2Fv2%2Fcomments&post=10740"}],"version-history":[{"count":0,"href":"https:\/\/verdadincomodadiario.ar\/index.php?rest_route=\/wp\/v2\/posts\/10740\/revisions"}],"wp:featuredmedia":[{"embeddable":true,"href":"https:\/\/verdadincomodadiario.ar\/index.php?rest_route=\/wp\/v2\/media\/10741"}],"wp:attachment":[{"href":"https:\/\/verdadincomodadiario.ar\/index.php?rest_route=%2Fwp%2Fv2%2Fmedia&parent=10740"}],"wp:term":[{"taxonomy":"category","embeddable":true,"href":"https:\/\/verdadincomodadiario.ar\/index.php?rest_route=%2Fwp%2Fv2%2Fcategories&post=10740"},{"taxonomy":"post_tag","embeddable":true,"href":"https:\/\/verdadincomodadiario.ar\/index.php?rest_route=%2Fwp%2Fv2%2Ftags&post=10740"}],"curies":[{"name":"wp","href":"https:\/\/api.w.org\/{rel}","templated":true}]}}