{"id":10738,"date":"2025-07-13T00:25:01","date_gmt":"2025-07-13T00:25:01","guid":{"rendered":"https:\/\/verdadincomodadiario.ar\/?p=10738"},"modified":"2025-07-13T00:25:01","modified_gmt":"2025-07-13T00:25:01","slug":"juan-valdez-abrio-su-primer-local-en-cordoba-y-proyecta-mas-inversiones-en-argentina","status":"publish","type":"post","link":"https:\/\/verdadincomodadiario.ar\/?p=10738","title":{"rendered":"Juan Valdez abri\u00f3 su primer local en C\u00f3rdoba y proyecta m\u00e1s inversiones en Argentina"},"content":{"rendered":"<p>La marca colombiana <strong><a href=\"https:\/\/derechadiario.com.ar\/economia\/inversion-argentina-crecio-mas-22-enero-y-supero-los-usd-7500-millones\" title=\"Desembarco: finalmente Juan Valdez llega a la Argentina\">Juan Valdez<\/a> inaugur\u00f3 su primer local en la provincia de C\u00f3rdoba<\/strong>, en el Aeropuerto Internacional Ambrosio Taravella. Se trata de la <strong>cuarta tienda de la firma en Argentina y marca el inicio de un ambicioso plan de expansi\u00f3n nacional.<\/strong> En las pr\u00f3ximas semanas abrir\u00e1 una segunda sucursal en la sala de preembarque de la misma terminal.<\/p>\n<p>Este nuevo desembarco no es casual: <strong>C\u00f3rdoba fue elegida por su conectividad a\u00e9rea, su ubicaci\u00f3n estrat\u00e9gica y el crecimiento sostenido del consumo.<\/strong> La apertura fue encabezada por \u00a0<strong>Jorge Garc\u00eda Allende, director general de Juan Valdez en el pa\u00eds<\/strong>, junto al grupo inversor local. Ambos destacaron el potencial de la provincia como plataforma de desarrollo.<\/p>\n<p>Desde la compa\u00f1\u00eda confirmaron que <strong>se estudia la apertura de un tercer local en C\u00f3rdoba, esta vez fuera del aeropuerto.<\/strong> La inversi\u00f3n estimada por cada tienda ronda los 200 a 220 mil d\u00f3lares. Esta apuesta demuestra confianza en el mercado argentino y en la capacidad de recuperaci\u00f3n de su econom\u00eda.<\/p>\n<div class=\"inter_image image_horizontal\">\n<picture><source class=\"img-responsive\" type=\"image\/webp\" data-srcset=\"https:\/\/filesedc.com\/uploads\/image\/post\/2025\/07\/423-1752350898834_300_200.webp 300w, https:\/\/filesedc.com\/uploads\/image\/post\/2025\/07\/423-1752350898834_630_420.webp 630w, https:\/\/filesedc.com\/uploads\/image\/post\/2025\/07\/423-1752350898834_760_507.webp 760w, https:\/\/filesedc.com\/uploads\/image\/post\/2025\/07\/423-1752350898834_1200_800.webp 1200w, https:\/\/filesedc.com\/uploads\/image\/post\/2025\/07\/423-1752350898834_1600_1067.webp 1600w, \"><img decoding=\"async\" src=\"https:\/\/derechadiario.com.ar\/filesedc\/uploads\/image\/post\/2025\/07\/423-1752350898834_1200_800.webp\" class=\"img-responsive lazyload\" alt=\"Varias personas participan en una ceremonia de inauguraci\u00f3n frente a una cafeter\u00eda Juan Valdez Caf\u00e9 dentro de un centro comercial o aeropuerto, sosteniendo una cinta roja lista para ser cortada.\" title=\"Varias personas participan en una ceremonia de inauguraci\u00f3n frente a una cafeter\u00eda Juan Valdez Caf\u00e9 dentro de un centro comercial o aeropuerto, sosteniendo una cinta roja lista para ser cortada.\"><\/picture>\n<div>\n<span class=\"img_footer\">La inauguraci\u00f3n del primer local de la cafeter\u00eda Juan Valdez en C\u00f3rdoba. <\/span>| <span class=\"img_author\">La Derecha Diario<\/span>\n<\/div>\n<\/div>\n<h2>La llegada de capital privado fortalece el crecimiento regional<\/h2>\n<p><strong>Cada una de las sucursales ofrece el men\u00fa insignia de la marca<\/strong>, con caf\u00e9 premium colombiano y pasteler\u00eda t\u00edpica. Los locales cordobeses fueron dise\u00f1ados para ofrecer comodidad y calidad a los miles de pasajeros que transitan por la terminal a\u00e9rea. <strong>La marca refuerza as\u00ed su presencia en aeropuertos<\/strong>, donde ya es l\u00edder en Colombia y otras regiones.<\/p>\n<aside class=\"are-you-interested-container-photo\"><\/aside>\n<p><strong>Juan Valdez destac\u00f3 que C\u00f3rdoba es el tercer mercado en ventas online de la marca a nivel nacional.<\/strong> La conectividad del aeropuerto con destinos clave como Panam\u00e1, Lima, Madrid y R\u00edo de Janeiro fue determinante para la elecci\u00f3n. Aeropuertos Argentina tambi\u00e9n celebr\u00f3 la llegada de la firma, destacando la mejora en la experiencia del usuario.<\/p>\n<p>Este nivel de conectividad a\u00e9rea que hoy posiciona a <strong>C\u00f3rdoba como un hub estrat\u00e9gico<\/strong> no es casualidad. <strong>Es fruto del trabajo del exsecretario de Transporte de la Naci\u00f3n, Franco Mogetta.<\/strong>\u00a0 Fue el exfuncionario\u00a0quien impuls\u00f3 una pol\u00edtica de cielos abiertos que facilit\u00f3 la llegada de nuevas rutas y operadores.<\/p>\n<figure><img decoding=\"async\" src=\"https:\/\/derechadiario.com.ar\/filesedc\/uploads\/image\/post\/2025\/07\/421_1200_800.webp\" class=\"img-responsive lazyload\" alt=\"Hombre calvo con barba usando traje y corbata hablando en un micr\u00f3fono durante una reuni\u00f3n en una oficina\" title=\"Hombre calvo con barba usando traje y corbata hablando en un micr\u00f3fono durante una reuni\u00f3n en una oficina\"><\/figure>\n<p>Mogetta lo hizo en coordinaci\u00f3n con el ministro de Desregulaci\u00f3n, Federico Sturzenegger, en el marco de una agenda clara: <strong>abrir mercados, reducir trabas y volver a <a href=\"https:\/\/derechadiario.com.ar\/opinion\/argentina-camino-ocde-otro-paso-hacia-desarrollo-y-inversion\" title=\"La Argentina camino a la OCDE, otro paso hacia el desarrollo y la inversi\u00f3n\">integrar a Argentina al mundo<\/a>.<\/strong><\/p>\n<p>Con esta apertura, ya son cinco los locales activos en Argentina: tres en Buenos Aires y dos en C\u00f3rdoba. Antes de fin de a\u00f1o se sumar\u00e1n nuevos puntos de venta en Aeroparque, Ezeiza, el microcentro porte\u00f1o y Neuqu\u00e9n. Adem\u00e1s, <strong>avanzan negociaciones para llegar a Mendoza, Bariloche, Iguaz\u00fa y Comodoro Rivadavia.<\/strong><\/p>\n<h2>La inversi\u00f3n extranjera es motor de empleo y desarrollo local<\/h2>\n<p><strong>Juan Valdez proyecta finalizar 2025 con al menos ocho tiendas en el pa\u00eds<\/strong>, en el marco de una estrategia federal. Cada local genera empleo directo y derrame en proveedores, log\u00edstica y servicios asociados. El modelo de negocios se basa en calidad, eficiencia operativa y conexi\u00f3n con el cliente.<\/p>\n<p>El caso argentino replica el modelo exitoso que la marca ya consolid\u00f3 en Colombia y el exterior. El grupo a cargo de la operaci\u00f3n local tambi\u00e9n lidera otras marcas gastron\u00f3micas como Almac\u00e9n de Pizzas. La experiencia del equipo y el respaldo del capital privado fueron claves para el r\u00e1pido crecimiento.<\/p>\n<p><strong>Uno de los hitos recientes fue la apertura del local m\u00e1s grande de Juan Valdez en el mundo<\/strong>, en el barrio de N\u00fa\u00f1ez, Buenos Aires. Ese espacio opera bajo un formato extendido, con oferta gastron\u00f3mica ampliada. La marca tambi\u00e9n proyecta traer al pa\u00eds nuevas propuestas internacionales como Cien Montaditos.<\/p>\n<aside class=\"whatsappChannelText\"><a href=\"https:\/\/whatsapp.com\/channel\/0029VagEjILGE56eKjedWF2U\" rel=\"nofollow\" title=\"WhatsApp Link\"><img alt=\"Logo de WhatsApp\" class=\"lazyload\" data-src=\"https:\/\/derechadiario.com.ar\/filesedc\/uploads\/other\/whatsapp_icon_mid_article.png\" width=\"32\" height=\"32\"><\/a> <a href=\"https:\/\/whatsapp.com\/channel\/0029VagEjILGE56eKjedWF2U\" rel=\"nofollow\" title=\"WhatsApp Link\"><strong>NO SE PIERDAN NINGUNA NOTICIA<\/strong>: Click aqu\u00ed para sumarte <strong>GRATIS<\/strong> al canal de noticias de <strong>La Derecha Diario en WhatsApp.<\/strong><\/a><\/aside>\n<figure><img decoding=\"async\" src=\"https:\/\/derechadiario.com.ar\/filesedc\/uploads\/image\/post\/2025\/07\/422_1200_800.webp\" class=\"img-responsive lazyload\" alt=\"Cafeter\u00eda Juan Valdez en el centro de un pasillo amplio de centro comercial con varias personas sentadas en las mesas\" title=\"Cafeter\u00eda Juan Valdez en el centro de un pasillo amplio de centro comercial con varias personas sentadas en las mesas\"><\/figure>\n<h2>Una apuesta al trabajo, al orden y a la Argentina productiva<\/h2>\n<p><strong>Juan Valdez fue creada en 2002 por la Federaci\u00f3n Nacional de Cafeteros de Colombia<\/strong>, y representa a m\u00e1s de 550.000 familias caficultoras. Por cada venta, la compa\u00f1\u00eda canaliza regal\u00edas para mejorar la calidad de vida en zonas rurales. En 2021, fue certificada como Empresa B, destac\u00e1ndose por su impacto social y ambiental positivo.<\/p>\n<p><strong>La llegada de nuevas marcas, <a href=\"https:\/\/derechadiario.com.ar\/politica\/gobierno-milei-planea-darle-ciudadania-quienes-inviertan-mas-usd-500000\" title=\"El Gobierno de Milei planea darle la ciudadan\u00eda a quienes inviertan m\u00e1s de USD 500.000\">inversiones<\/a> y proyectos al pa\u00eds es una muestra del rumbo elegido.<\/strong>\u00a0 En un contexto donde el orden macroecon\u00f3mico vuelve a ser prioridad, el sector privado responde con confianza. A<strong>rgentina vuelve a ser un destino posible para el capital, el empleo y el futuro.<\/strong><\/p>\n","protected":false},"excerpt":{"rendered":"<p>La marca colombiana Juan Valdez inaugur\u00f3 su primer local en la provincia de C\u00f3rdoba, en el Aeropuerto Internacional Ambrosio Taravella. Se trata de la cuarta tienda de la firma en Argentina y marca el inicio de un ambicioso plan de expansi\u00f3n nacional. En las pr\u00f3ximas semanas abrir\u00e1 una segunda sucursal en la sala de preembarque [&hellip;]<\/p>\n","protected":false},"author":2,"featured_media":10739,"comment_status":"open","ping_status":"open","sticky":false,"template":"","format":"standard","meta":{"_et_pb_use_builder":"","_et_pb_old_content":"","_et_gb_content_width":"","footnotes":""},"categories":[84],"tags":[],"class_list":["post-10738","post","type-post","status-publish","format-standard","has-post-thumbnail","hentry","category-ultimomomento"],"_links":{"self":[{"href":"https:\/\/verdadincomodadiario.ar\/index.php?rest_route=\/wp\/v2\/posts\/10738","targetHints":{"allow":["GET"]}}],"collection":[{"href":"https:\/\/verdadincomodadiario.ar\/index.php?rest_route=\/wp\/v2\/posts"}],"about":[{"href":"https:\/\/verdadincomodadiario.ar\/index.php?rest_route=\/wp\/v2\/types\/post"}],"author":[{"embeddable":true,"href":"https:\/\/verdadincomodadiario.ar\/index.php?rest_route=\/wp\/v2\/users\/2"}],"replies":[{"embeddable":true,"href":"https:\/\/verdadincomodadiario.ar\/index.php?rest_route=%2Fwp%2Fv2%2Fcomments&post=10738"}],"version-history":[{"count":0,"href":"https:\/\/verdadincomodadiario.ar\/index.php?rest_route=\/wp\/v2\/posts\/10738\/revisions"}],"wp:featuredmedia":[{"embeddable":true,"href":"https:\/\/verdadincomodadiario.ar\/index.php?rest_route=\/wp\/v2\/media\/10739"}],"wp:attachment":[{"href":"https:\/\/verdadincomodadiario.ar\/index.php?rest_route=%2Fwp%2Fv2%2Fmedia&parent=10738"}],"wp:term":[{"taxonomy":"category","embeddable":true,"href":"https:\/\/verdadincomodadiario.ar\/index.php?rest_route=%2Fwp%2Fv2%2Fcategories&post=10738"},{"taxonomy":"post_tag","embeddable":true,"href":"https:\/\/verdadincomodadiario.ar\/index.php?rest_route=%2Fwp%2Fv2%2Ftags&post=10738"}],"curies":[{"name":"wp","href":"https:\/\/api.w.org\/{rel}","templated":true}]}}