{"id":10736,"date":"2025-07-13T00:25:02","date_gmt":"2025-07-13T00:25:02","guid":{"rendered":"https:\/\/verdadincomodadiario.ar\/?p=10736"},"modified":"2025-07-13T00:25:02","modified_gmt":"2025-07-13T00:25:02","slug":"hamas-rechazo-otra-vez-una-propuesta-de-alto-al-fuego","status":"publish","type":"post","link":"https:\/\/verdadincomodadiario.ar\/?p=10736","title":{"rendered":"Hamas rechaz\u00f3 otra vez una propuesta de alto al fuego"},"content":{"rendered":"<p>Las negociaciones en Doha entre Israel y Ham\u00e1s atraviesan una fase cr\u00edtica, marcada por la disparidad de intenciones entre las partes. <strong>Mientras Israel se ha mostrado abierto a f\u00f3rmulas de compromiso<\/strong>\u00a0 e incluso ha aceptado elementos propuestos por los mediadores qatar\u00edes, <strong>Ham\u00e1s parece decidido a dinamitar cualquier posibilidad de avance<\/strong>, aferrado a demandas extremas que evidencian su verdadero objetivo: <strong>perpetuar su control sobre Gaza y continuar con su campa\u00f1a terrorista<\/strong>.<\/p>\n<p>Una fuente diplom\u00e1tica israel\u00ed de alto nivel fue contundente al afirmar que <strong>\u201csi Ham\u00e1s hubiera aceptado la propuesta presentada por Catar, ya estar\u00edamos avanzando en una negociaci\u00f3n de 60 d\u00edas hacia el fin del conflicto\u201d<\/strong>.<\/p>\n<p>Pero lejos de mostrar voluntad de entendimiento, <strong>Ham\u00e1s ha rechazado la iniciativa<\/strong>, imponiendo condiciones inaceptables y desarrollando, en paralelo, una guerra de desinformaci\u00f3n orientada a obstaculizar los esfuerzos de di\u00e1logo y reforzar su imagen entre su base radical.<\/p>\n<div class=\"inter_image image_horizontal\">\n<picture><source class=\"img-responsive\" type=\"image\/webp\" data-srcset=\"https:\/\/filesedc.com\/uploads\/image\/post\/2025\/07\/netanyahu_300_200.webp 300w, https:\/\/filesedc.com\/uploads\/image\/post\/2025\/07\/netanyahu_630_420.webp 630w, https:\/\/filesedc.com\/uploads\/image\/post\/2025\/07\/netanyahu_760_507.webp 760w, https:\/\/filesedc.com\/uploads\/image\/post\/2025\/07\/netanyahu_1200_800.webp 1200w, https:\/\/filesedc.com\/uploads\/image\/post\/2025\/07\/netanyahu_1600_1067.webp 1600w, \"><img decoding=\"async\" src=\"https:\/\/derechadiario.com.ar\/filesedc\/uploads\/image\/post\/2025\/07\/netanyahu_1200_800.webp\" class=\"img-responsive lazyload\" alt=\"Hombre de cabello canoso con traje oscuro y corbata roja hablando frente a micr\u00f3fonos con banderas de Israel de fondo\" title=\"Hombre de cabello canoso con traje oscuro y corbata roja hablando frente a micr\u00f3fonos con banderas de Israel de fondo\"><\/picture>\n<div>\n<span class=\"img_footer\">El PM de Israel, Benjam\u00edn Netanyahu <\/span>| <span class=\"img_author\">La Derecha Diario<\/span>\n<\/div>\n<\/div>\n<p>Israel, por el contrario, ha enviado a Doha una delegaci\u00f3n de alto perfil \u2014compuesta por <strong>el asesor pol\u00edtico del primer ministro, Dr. Ofir Falk, el ex subdirector del Mossad conocido como \u201cM\u201d, y el coordinador para cautivos y desaparecidos, Gal Hirsch<\/strong>\u2014 que permanece en la capital qatar\u00ed a la espera de una se\u00f1al que permita reencauzar el proceso. El hecho de que a\u00fan no hayan recibido orden de regresar a Jerusal\u00e9n deja abierta una tenue posibilidad de reactivaci\u00f3n del di\u00e1logo.<\/p>\n<p><strong>Entre las exigencias centrales de Ham\u00e1s figuran el cese total de la guerra con garant\u00edas internacionales, la retirada completa de las FDI de toda la Franja<\/strong>\u00a0 \u2014incluido el corredor de Filadelfia\u2014, el desmantelamiento de una organizaci\u00f3n estadounidense que distribuye ayuda humanitaria al margen del control del grupo, y la restauraci\u00f3n de su hegemon\u00eda absoluta sobre el territorio y los recursos.<\/p>\n<p><strong>Estas condiciones no buscan la paz ni la reconstrucci\u00f3n de Gaza, sino consolidar el poder de una organizaci\u00f3n terrorista<\/strong>\u00a0 a expensas de los propios gazat\u00edes.<\/p>\n<p>La atm\u00f3sfera en Jerusal\u00e9n, que hasta hace pocos d\u00edas era moderadamente optimista, ha virado hacia <strong>una desconfianza creciente<\/strong>.<\/p>\n<p>La voluntad de Israel de explorar soluciones sigue en pie, <strong>pero el otro lado de la mesa parece estar ocupado por un grupo que no busca una salida pol\u00edtica, sino el mantenimiento de su r\u00e9gimen de terror<\/strong>.<\/p>\n","protected":false},"excerpt":{"rendered":"<p>Las negociaciones en Doha entre Israel y Ham\u00e1s atraviesan una fase cr\u00edtica, marcada por la disparidad de intenciones entre las partes. Mientras Israel se ha mostrado abierto a f\u00f3rmulas de compromiso\u00a0 e incluso ha aceptado elementos propuestos por los mediadores qatar\u00edes, Ham\u00e1s parece decidido a dinamitar cualquier posibilidad de avance, aferrado a demandas extremas que [&hellip;]<\/p>\n","protected":false},"author":2,"featured_media":10737,"comment_status":"open","ping_status":"open","sticky":false,"template":"","format":"standard","meta":{"_et_pb_use_builder":"","_et_pb_old_content":"","_et_gb_content_width":"","footnotes":""},"categories":[84],"tags":[],"class_list":["post-10736","post","type-post","status-publish","format-standard","has-post-thumbnail","hentry","category-ultimomomento"],"_links":{"self":[{"href":"https:\/\/verdadincomodadiario.ar\/index.php?rest_route=\/wp\/v2\/posts\/10736","targetHints":{"allow":["GET"]}}],"collection":[{"href":"https:\/\/verdadincomodadiario.ar\/index.php?rest_route=\/wp\/v2\/posts"}],"about":[{"href":"https:\/\/verdadincomodadiario.ar\/index.php?rest_route=\/wp\/v2\/types\/post"}],"author":[{"embeddable":true,"href":"https:\/\/verdadincomodadiario.ar\/index.php?rest_route=\/wp\/v2\/users\/2"}],"replies":[{"embeddable":true,"href":"https:\/\/verdadincomodadiario.ar\/index.php?rest_route=%2Fwp%2Fv2%2Fcomments&post=10736"}],"version-history":[{"count":0,"href":"https:\/\/verdadincomodadiario.ar\/index.php?rest_route=\/wp\/v2\/posts\/10736\/revisions"}],"wp:featuredmedia":[{"embeddable":true,"href":"https:\/\/verdadincomodadiario.ar\/index.php?rest_route=\/wp\/v2\/media\/10737"}],"wp:attachment":[{"href":"https:\/\/verdadincomodadiario.ar\/index.php?rest_route=%2Fwp%2Fv2%2Fmedia&parent=10736"}],"wp:term":[{"taxonomy":"category","embeddable":true,"href":"https:\/\/verdadincomodadiario.ar\/index.php?rest_route=%2Fwp%2Fv2%2Fcategories&post=10736"},{"taxonomy":"post_tag","embeddable":true,"href":"https:\/\/verdadincomodadiario.ar\/index.php?rest_route=%2Fwp%2Fv2%2Ftags&post=10736"}],"curies":[{"name":"wp","href":"https:\/\/api.w.org\/{rel}","templated":true}]}}