{"id":10724,"date":"2025-07-12T22:25:23","date_gmt":"2025-07-12T22:25:23","guid":{"rendered":"https:\/\/verdadincomodadiario.ar\/?p=10724"},"modified":"2025-07-12T22:25:23","modified_gmt":"2025-07-12T22:25:23","slug":"imagenes-ineditas-de-las-atrocidades-nazis-dejan-en-claro-que-en-gaza-no-hay-genocidio","status":"publish","type":"post","link":"https:\/\/verdadincomodadiario.ar\/?p=10724","title":{"rendered":"Im\u00e1genes in\u00e9ditas de las atrocidades Nazis dejan en claro que en Gaza NO hay genocidio"},"content":{"rendered":"<p>Una serie de <strong>im\u00e1genes recientemente recuperadas de las atrocidades cometidas por los nazis<\/strong>\u00a0 contra el pueblo jud\u00edo durante la Segunda Guerra Mundial ha vuelto a poner en primer plano la gravedad \u00fanica del Holocausto.<\/p>\n<p>Las im\u00e1genes, de una crudeza estremecedora, <strong>muestran escenas de exterminio sistem\u00e1tico<\/strong>, tortura y degradaci\u00f3n en los campos de concentraci\u00f3n.<\/p>\n<aside class=\"render-tweet\" data-tweet-id=\"1944113856571486558\"><\/aside>\n<p>La difusi\u00f3n del material visual busca no solo preservar la memoria hist\u00f3rica, sino tambi\u00e9n hacer frente a una narrativa cada vez m\u00e1s difundida en ciertos sectores ideol\u00f3gicos: <strong>la equiparaci\u00f3n del accionar militar israel\u00ed en Gaza con el genocidio nazi<\/strong>.<\/p>\n<aside class=\"render-tweet\" data-tweet-id=\"1944113856571486558\"><\/aside>\n<p><strong>El Ministro de la Di\u00e1spora y de la Lucha contra el Antisemitismo, Amijai Chikli<\/strong>, fue categ\u00f3rico al presentar el material. \u201c<strong>Esto es genocidio. Esto es un campo de concentraci\u00f3n. Ya no podemos permanecer en silencio ante el atropello y la distorsi\u00f3n de la memoria del Holocausto<\/strong>\u201d, declar\u00f3 a trav\u00e9s de su cuenta oficial, junto a algunas de las im\u00e1genes difundidas.<\/p>\n<p>Las palabras de Chikli apuntan directamente contra los intentos de sectores radicalizados, principalmente de la <strong>izquierda global<\/strong>, que han tildado de \u201cgenocidio\u201d la respuesta israel\u00ed en Gaza tras el ataque terrorista del 7 de octubre de 2023, perpetrado por Hamas.<\/p>\n<p>Aquella masacre dej\u00f3 m\u00e1s de 1.200 civiles israel\u00edes muertos, muchos de ellos torturados o mutilados, y dio inicio a una campa\u00f1a militar de autodefensa por parte del Estado de Israel.<\/p>\n<p>Los expertos se\u00f1alan <strong>que las comparaciones entre el Holocausto y el conflicto en Gaza no solo son hist\u00f3ricamente inexactas, sino tambi\u00e9n moralmente ofensivas<\/strong>.<\/p>\n<p>El genocidio nazi implic\u00f3 la <strong>industrializaci\u00f3n de la muerte y el aniquilamiento deliberado de un pueblo por razones \u00e9tnicas y raciales<\/strong>, algo diametralmente opuesto al objetivo israel\u00ed de neutralizar a una organizaci\u00f3n terrorista que ataca desde zonas civiles.<\/p>\n<p>La utilizaci\u00f3n irresponsable del t\u00e9rmino \u201cgenocidio\u201d para describir el conflicto actual no solo tergiversa los hechos contempor\u00e1neos, sino que banaliza una de las mayores tragedias de la humanidad. <strong>Las im\u00e1genes rescatadas del Holocausto nos recuerdan con brutal claridad qu\u00e9 es \u2014y qu\u00e9 no es\u2014 un genocidio<\/strong>.<\/p>\n","protected":false},"excerpt":{"rendered":"<p>Una serie de im\u00e1genes recientemente recuperadas de las atrocidades cometidas por los nazis\u00a0 contra el pueblo jud\u00edo durante la Segunda Guerra Mundial ha vuelto a poner en primer plano la gravedad \u00fanica del Holocausto. Las im\u00e1genes, de una crudeza estremecedora, muestran escenas de exterminio sistem\u00e1tico, tortura y degradaci\u00f3n en los campos de concentraci\u00f3n. La difusi\u00f3n [&hellip;]<\/p>\n","protected":false},"author":2,"featured_media":10725,"comment_status":"open","ping_status":"open","sticky":false,"template":"","format":"standard","meta":{"_et_pb_use_builder":"","_et_pb_old_content":"","_et_gb_content_width":"","footnotes":""},"categories":[84],"tags":[],"class_list":["post-10724","post","type-post","status-publish","format-standard","has-post-thumbnail","hentry","category-ultimomomento"],"_links":{"self":[{"href":"https:\/\/verdadincomodadiario.ar\/index.php?rest_route=\/wp\/v2\/posts\/10724","targetHints":{"allow":["GET"]}}],"collection":[{"href":"https:\/\/verdadincomodadiario.ar\/index.php?rest_route=\/wp\/v2\/posts"}],"about":[{"href":"https:\/\/verdadincomodadiario.ar\/index.php?rest_route=\/wp\/v2\/types\/post"}],"author":[{"embeddable":true,"href":"https:\/\/verdadincomodadiario.ar\/index.php?rest_route=\/wp\/v2\/users\/2"}],"replies":[{"embeddable":true,"href":"https:\/\/verdadincomodadiario.ar\/index.php?rest_route=%2Fwp%2Fv2%2Fcomments&post=10724"}],"version-history":[{"count":0,"href":"https:\/\/verdadincomodadiario.ar\/index.php?rest_route=\/wp\/v2\/posts\/10724\/revisions"}],"wp:featuredmedia":[{"embeddable":true,"href":"https:\/\/verdadincomodadiario.ar\/index.php?rest_route=\/wp\/v2\/media\/10725"}],"wp:attachment":[{"href":"https:\/\/verdadincomodadiario.ar\/index.php?rest_route=%2Fwp%2Fv2%2Fmedia&parent=10724"}],"wp:term":[{"taxonomy":"category","embeddable":true,"href":"https:\/\/verdadincomodadiario.ar\/index.php?rest_route=%2Fwp%2Fv2%2Fcategories&post=10724"},{"taxonomy":"post_tag","embeddable":true,"href":"https:\/\/verdadincomodadiario.ar\/index.php?rest_route=%2Fwp%2Fv2%2Ftags&post=10724"}],"curies":[{"name":"wp","href":"https:\/\/api.w.org\/{rel}","templated":true}]}}