{"id":10720,"date":"2025-07-12T21:25:53","date_gmt":"2025-07-12T21:25:53","guid":{"rendered":"https:\/\/verdadincomodadiario.ar\/?p=10720"},"modified":"2025-07-12T21:25:53","modified_gmt":"2025-07-12T21:25:53","slug":"delirante-ahora-tucker-carlson-dice-que-jeffrey-epstein-era-agente-del-mossad","status":"publish","type":"post","link":"https:\/\/verdadincomodadiario.ar\/?p=10720","title":{"rendered":"Delirante: Ahora Tucker Carlson dice que Jeffrey Epstein era agente del Mossad"},"content":{"rendered":"<p>En una nueva y pol\u00e9mica declaraci\u00f3n, el ex presentador de Fox News, <strong>Tucker Carlson, asegur\u00f3 que el ped\u00f3filo condenado Jeffrey Epstein era en realidad un agente del Mossad, el servicio de inteligencia israel\u00ed<\/strong>. La afirmaci\u00f3n, <strong>sin ninguna evidencia verificable<\/strong>, se alinea con la creciente ret\u00f3rica antisemita que Carlson ha adoptado desde que abandon\u00f3 la cadena conservadora.<\/p>\n<p><strong>La declaraci\u00f3n forma parte de una narrativa que busca fomentar el odio hacia Israel, disfrazada de cr\u00edtica pol\u00edtica<\/strong>. Aunque Carlson intent\u00f3 blindarse ante las acusaciones de antisemitismo afirmando que \u201ccada persona en Washington D.C. piensa eso\u201d y que \u201cno conoce a nadie que odie a Israel\u201d, sus palabras y comportamientos recientes parecen indicar lo contrario.<\/p>\n<p>Fuentes cercanas a sus nuevos emprendimientos medi\u00e1ticos se\u00f1alan que <strong>Carlson est\u00e1 siendo financiado por reg\u00edmenes hostiles a Occidente, en particular Qatar e Ir\u00e1n<\/strong>.<\/p>\n<p>Este \u00faltimo v\u00ednculo qued\u00f3 en evidencia cuando, en su nuevo programa de entrevistas, mantuvo una <strong>sorprendentemente cordial conversaci\u00f3n con el presidente iran\u00ed Masoud Pezeshkian<\/strong>. La entrevista, <strong>que evit\u00f3 cualquier cuestionamiento serio sobre las violaciones sistem\u00e1ticas de derechos humanos, el apoyo iran\u00ed al terrorismo y los ataques contra civiles<\/strong>, fue interpretada por muchos como una legitimaci\u00f3n encubierta del r\u00e9gimen teocr\u00e1tico.<\/p>\n<div class=\"inter_image image_horizontal\">\n<picture><source class=\"img-responsive\" type=\"image\/webp\" data-srcset=\"https:\/\/filesedc.com\/uploads\/image\/post\/2025\/07\/tucker-carlson-interviews-president-of-iran-mosoud-pezeshkian-1_300_200.webp 300w, https:\/\/filesedc.com\/uploads\/image\/post\/2025\/07\/tucker-carlson-interviews-president-of-iran-mosoud-pezeshkian-1_630_420.webp 630w, https:\/\/filesedc.com\/uploads\/image\/post\/2025\/07\/tucker-carlson-interviews-president-of-iran-mosoud-pezeshkian-1_760_507.webp 760w, https:\/\/filesedc.com\/uploads\/image\/post\/2025\/07\/tucker-carlson-interviews-president-of-iran-mosoud-pezeshkian-1_1200_800.webp 1200w, https:\/\/filesedc.com\/uploads\/image\/post\/2025\/07\/tucker-carlson-interviews-president-of-iran-mosoud-pezeshkian-1_1600_1067.webp 1600w, \"><img decoding=\"async\" src=\"https:\/\/derechadiario.com.ar\/filesedc\/uploads\/image\/post\/2025\/07\/tucker-carlson-interviews-president-of-iran-mosoud-pezeshkian-1_1200_800.webp\" class=\"img-responsive lazyload\" alt=\"Dos hombres participan en una entrevista virtual, uno en un estudio con micr\u00f3fono y el otro en una sala con una bandera de Ir\u00e1n y un retrato sobre la mesa\" title=\"Dos hombres participan en una entrevista virtual, uno en un estudio con micr\u00f3fono y el otro en una sala con una bandera de Ir\u00e1n y un retrato sobre la mesa\"><\/picture>\n<div>\n<span class=\"img_footer\">La &#8220;entrevista&#8221; al presidente de Ir\u00e1n <\/span>| <span class=\"img_author\">La Derecha Diario<\/span>\n<\/div>\n<\/div>\n<p>El uso de teor\u00edas conspirativas como la supuesta vinculaci\u00f3n de Epstein con el Mossad no es nuevo en ciertos sectores que buscan deslegitimar a Israel, pero adquiere otra dimensi\u00f3n cuando es <strong>impulsado por figuras medi\u00e1ticas influyentes<\/strong>.<\/p>\n<p>En un clima global donde <strong>el antisemitismo est\u00e1 en aumento<\/strong>, estas declaraciones irresponsables alimentan discursos peligrosos y contribuyen a blanquear a dictaduras como la iran\u00ed.<\/p>\n<p>Carlson, quien se presenta como defensor de la libertad, parece ahora ser un <strong>instrumento m\u00e1s de los enemigos de las democracias liberales<\/strong>.<\/p>\n","protected":false},"excerpt":{"rendered":"<p>En una nueva y pol\u00e9mica declaraci\u00f3n, el ex presentador de Fox News, Tucker Carlson, asegur\u00f3 que el ped\u00f3filo condenado Jeffrey Epstein era en realidad un agente del Mossad, el servicio de inteligencia israel\u00ed. La afirmaci\u00f3n, sin ninguna evidencia verificable, se alinea con la creciente ret\u00f3rica antisemita que Carlson ha adoptado desde que abandon\u00f3 la cadena [&hellip;]<\/p>\n","protected":false},"author":2,"featured_media":10721,"comment_status":"open","ping_status":"open","sticky":false,"template":"","format":"standard","meta":{"_et_pb_use_builder":"","_et_pb_old_content":"","_et_gb_content_width":"","footnotes":""},"categories":[84],"tags":[],"class_list":["post-10720","post","type-post","status-publish","format-standard","has-post-thumbnail","hentry","category-ultimomomento"],"_links":{"self":[{"href":"https:\/\/verdadincomodadiario.ar\/index.php?rest_route=\/wp\/v2\/posts\/10720","targetHints":{"allow":["GET"]}}],"collection":[{"href":"https:\/\/verdadincomodadiario.ar\/index.php?rest_route=\/wp\/v2\/posts"}],"about":[{"href":"https:\/\/verdadincomodadiario.ar\/index.php?rest_route=\/wp\/v2\/types\/post"}],"author":[{"embeddable":true,"href":"https:\/\/verdadincomodadiario.ar\/index.php?rest_route=\/wp\/v2\/users\/2"}],"replies":[{"embeddable":true,"href":"https:\/\/verdadincomodadiario.ar\/index.php?rest_route=%2Fwp%2Fv2%2Fcomments&post=10720"}],"version-history":[{"count":0,"href":"https:\/\/verdadincomodadiario.ar\/index.php?rest_route=\/wp\/v2\/posts\/10720\/revisions"}],"wp:featuredmedia":[{"embeddable":true,"href":"https:\/\/verdadincomodadiario.ar\/index.php?rest_route=\/wp\/v2\/media\/10721"}],"wp:attachment":[{"href":"https:\/\/verdadincomodadiario.ar\/index.php?rest_route=%2Fwp%2Fv2%2Fmedia&parent=10720"}],"wp:term":[{"taxonomy":"category","embeddable":true,"href":"https:\/\/verdadincomodadiario.ar\/index.php?rest_route=%2Fwp%2Fv2%2Fcategories&post=10720"},{"taxonomy":"post_tag","embeddable":true,"href":"https:\/\/verdadincomodadiario.ar\/index.php?rest_route=%2Fwp%2Fv2%2Ftags&post=10720"}],"curies":[{"name":"wp","href":"https:\/\/api.w.org\/{rel}","templated":true}]}}