{"id":10708,"date":"2025-07-12T06:25:00","date_gmt":"2025-07-12T06:25:00","guid":{"rendered":"https:\/\/verdadincomodadiario.ar\/?p=10708"},"modified":"2025-07-12T06:25:00","modified_gmt":"2025-07-12T06:25:00","slug":"villa-allende-el-capricho-ecologista-continua-frenando-la-ejecucion-de-la-obra-vial","status":"publish","type":"post","link":"https:\/\/verdadincomodadiario.ar\/?p=10708","title":{"rendered":"Villa Allende: el capricho ecologista contin\u00faa frenando la ejecuci\u00f3n de la obra vial"},"content":{"rendered":"<p>La novela por el <a href=\"https:\/\/derechadiario.com.ar\/sociedad\/villa-allende-traslado-del-quebracho-blanco-quedo-suspenso-por-falta-gruas\" title=\"Villa Allende: el traslado del quebracho blanco qued\u00f3 en suspenso por falta de gr\u00faas\">quebracho de Villa Allende<\/a> sum\u00f3 un nuevo cap\u00edtulo tras el anuncio oficial de la <strong>contrataci\u00f3n de una nueva empresa para continuar con la remoci\u00f3n del \u00e1rbol.<\/strong> El secretario de Gobierno, Felipe Crespo, confirm\u00f3 que la decisi\u00f3n responde al retiro de la anterior empresa por \u201cabandono de los trabajos\u201d. A pesar de no revelar el nombre de la nueva contratista, asegur\u00f3 que en los pr\u00f3ximos d\u00edas reiniciar\u00e1n las tareas.<\/p>\n<p>El funcionario tambi\u00e9n volvi\u00f3 a referirse al peque\u00f1o grupo de vecinos que sigue impidiendo el operativo. \u201cEst\u00e1n en una posici\u00f3n infranqueable de mantener el \u00e1rbol donde se encuentra\u201d, declar\u00f3 Crespo, dejando en claro que <strong>el capricho ecologista contin\u00faa por encima del cumplimiento de la ley.<\/strong> Desde la Municipalidad reiteraron que cuentan con todos los avales legales necesarios y que la decisi\u00f3n busca preservar al ejemplar dentro de lo posible.<\/p>\n<p>Mientras <a href=\"https:\/\/derechadiario.com.ar\/sociedad\/cordoba-con-amparo-ambientalistas-carga-nuevo-por-quebracho\" title=\"C\u00f3rdoba: con un amparo, ambientalistas van a la carga de nuevo por el quebracho\">los ambientalistas siguen frenando el avance de la obra<\/a>, el municipio defiende el traslado como una medida para \u201cdarle posibilidad de sobrevida\u201d. <strong>El \u00e1rbol, recordado por generar congestiones en una avenida clave, ha sido eje de disputas absurdas que desv\u00edan la atenci\u00f3n de los problemas reales.<\/strong> En el medio, los vecinos que transitan a diario por la zona siguen siendo los m\u00e1s perjudicados.<\/p>\n<div class=\"inter_image image_horizontal\">\n<picture><source class=\"img-responsive\" type=\"image\/webp\" data-srcset=\"https:\/\/filesedc.com\/uploads\/image\/post\/2025\/07\/captura-de-pantalla-2025-07-11-211329_300_200.webp 300w, https:\/\/filesedc.com\/uploads\/image\/post\/2025\/07\/captura-de-pantalla-2025-07-11-211329_630_420.webp 630w, https:\/\/filesedc.com\/uploads\/image\/post\/2025\/07\/captura-de-pantalla-2025-07-11-211329_760_507.webp 760w, https:\/\/filesedc.com\/uploads\/image\/post\/2025\/07\/captura-de-pantalla-2025-07-11-211329_1200_800.webp 1200w, https:\/\/filesedc.com\/uploads\/image\/post\/2025\/07\/captura-de-pantalla-2025-07-11-211329_1600_1067.webp 1600w, \"><img decoding=\"async\" src=\"https:\/\/derechadiario.com.ar\/filesedc\/uploads\/image\/post\/2025\/07\/captura-de-pantalla-2025-07-11-211329_1200_800.webp\" class=\"img-responsive lazyload\" alt=\"Una gr\u00faa levanta un \u00e1rbol grande mientras varias personas observan el proceso en una zona de construcci\u00f3n al aire libre\" title=\"Una gr\u00faa levanta un \u00e1rbol grande mientras varias personas observan el proceso en una zona de construcci\u00f3n al aire libre\"><\/picture>\n<div>\n<span class=\"img_footer\">La municipalidad de Villa Allende contrat\u00f3 una nueva empresa para continuar con la remoci\u00f3n del \u00e1rbol <\/span>| <span class=\"img_author\">La Derecha Diario<\/span>\n<\/div>\n<\/div>\n<h2>Presiones ideol\u00f3gicas por encima del sentido com\u00fan<\/h2>\n<p>El abogado y ambientalista Juan Smith asegur\u00f3 que <a href=\"https:\/\/derechadiario.com.ar\/sociedad\/cordoba-remueven-quebracho-pese-al-delirio-los-ambientalistas\" title=\"C\u00f3rdoba: remueven un quebracho pese a la confrontaci\u00f3n delirante de los ambientalistas\">el \u00e1rbol<\/a> ya sufri\u00f3 y que removerlo ser\u00eda casi imposible. Sin embargo, <strong>su diagn\u00f3stico es el mismo que dio antes de que se iniciaran los trabajos y carece de evidencia t\u00e9cnica que lo respalde<\/strong>. \u201cLo que necesitamos es que el \u00e1rbol se quede en el lugar en donde est\u00e1\u201d, afirm\u00f3, <strong>ignorando por completo la orden judicial que avala el traslado.<\/strong><\/p>\n<aside class=\"are-you-interested-container-photo\"><\/aside>\n<p>Smith intent\u00f3 justificar la inacci\u00f3n de la Justicia asegurando que \u201cla sentencia ambiental debe ejecutarse con especial atenci\u00f3n a la sobrevida\u201d. Lo que omite es que <strong>la exhortaci\u00f3n de la C\u00e1mara fue clara y que la Municipalidad ya actu\u00f3 conforme a lo dispuesto.<\/strong> La insistencia en judicializar cada paso del operativo responde m\u00e1s a una <strong>estrategia dilatoria<\/strong> que a una preocupaci\u00f3n genuina por la naturaleza.<\/p>\n<p><strong>La anterior empresa, Jorba, se retir\u00f3 luego de descubrir que el \u00e1rbol era m\u00e1s dif\u00edcil de mover de lo que la Municipalidad hab\u00eda previsto.<\/strong> Smith sostiene que la empresa lo hizo por presi\u00f3n social, aunque admite que \u201cescraches no hemos visto\u201d. As\u00ed, minimiza la campa\u00f1a de hostigamiento que incluy\u00f3 amenazas, protestas y bloqueo de maquinarias, sin mostrar una sola alternativa viable m\u00e1s all\u00e1 del \u201cno se toca\u201d.<\/p>\n<figure><img decoding=\"async\" src=\"https:\/\/derechadiario.com.ar\/filesedc\/uploads\/image\/post\/2025\/07\/captura-de-pantalla-2025-07-11-211419_1200_800.webp\" class=\"img-responsive lazyload\" alt=\"Dos personas se toman de la mano frente a un \u00e1rbol grande mientras sostienen un cartel verde que dice El quebracho no se toca\" title=\"Dos personas se toman de la mano frente a un \u00e1rbol grande mientras sostienen un cartel verde que dice El quebracho no se toca\"><\/figure>\n<h2>Un s\u00edmbolo de c\u00f3mo se frena el progreso<\/h2>\n<p><strong>La opci\u00f3n de modificar la traza de la avenida, planteada por Smith, nunca fue una soluci\u00f3n seria.<\/strong> \u201cCon un simple corrido a la traza esto se hubiera solucionado\u201d, dijo, como si redise\u00f1ar una v\u00eda urbana fuera algo que se resuelve con un par de pinceladas en un plano. Lo cierto es que <strong>los informes t\u00e9cnicos ya evaluaron esa opci\u00f3n y la descartaron por inviable.<\/strong><\/p>\n<p><strong>El <a href=\"https:\/\/derechadiario.com.ar\/sociedad\/ambientalismo-extremo-villa-allende-vecinos-se-encadenaron-arbol\" title=\"Ambientalismo extremo en Villa Allende: vecinos se encadenaron a un \u00e1rbol\">ambientalismo militante<\/a> volvi\u00f3 a colocar sus banderas por encima del inter\u00e9s general.<\/strong> Smith intenta instalar que el quebracho es \u201cic\u00f3nico de un problema en la provincia\u201d, pero no menciona que fue el propio municipio, con respaldo judicial, el que actu\u00f3 para preservar el \u00e1rbol con un trasplante, no una tala. <strong>En ning\u00fan momento se plante\u00f3 la destrucci\u00f3n del ejemplar, sino su conservaci\u00f3n fuera del asfalto.<\/strong><\/p>\n<aside class=\"whatsappChannelText\"><a href=\"https:\/\/whatsapp.com\/channel\/0029VagEjILGE56eKjedWF2U\" rel=\"nofollow\" title=\"WhatsApp Link\"><img alt=\"Logo de WhatsApp\" class=\"lazyload\" data-src=\"https:\/\/derechadiario.com.ar\/filesedc\/uploads\/other\/whatsapp_icon_mid_article.png\" width=\"32\" height=\"32\"><\/a> <a href=\"https:\/\/whatsapp.com\/channel\/0029VagEjILGE56eKjedWF2U\" rel=\"nofollow\" title=\"WhatsApp Link\"><strong>NO SE PIERDAN NINGUNA NOTICIA<\/strong>: Click aqu\u00ed para sumarte <strong>GRATIS<\/strong> al canal de noticias de <strong>La Derecha Diario en WhatsApp.<\/strong><\/a><\/aside>\n<p>Mientras tanto, <strong>los vecinos de Villa Allende siguen presos de un conflicto innecesario y prolongado<\/strong>. La Justicia a\u00fan no habilit\u00f3 actuaciones en feria, aunque los representantes legales del municipio ya solicitaron su intervenci\u00f3n para garantizar el cumplimiento de la sentencia. <strong>La defensa cerrada del \u00e1rbol, convertida en bandera ideol\u00f3gica, parece m\u00e1s un acto de obstinaci\u00f3n pol\u00edtica que un gesto de amor por el medio ambiente.<\/strong><\/p>\n","protected":false},"excerpt":{"rendered":"<p>La novela por el quebracho de Villa Allende sum\u00f3 un nuevo cap\u00edtulo tras el anuncio oficial de la contrataci\u00f3n de una nueva empresa para continuar con la remoci\u00f3n del \u00e1rbol. El secretario de Gobierno, Felipe Crespo, confirm\u00f3 que la decisi\u00f3n responde al retiro de la anterior empresa por \u201cabandono de los trabajos\u201d. A pesar de [&hellip;]<\/p>\n","protected":false},"author":2,"featured_media":10709,"comment_status":"open","ping_status":"open","sticky":false,"template":"","format":"standard","meta":{"_et_pb_use_builder":"","_et_pb_old_content":"","_et_gb_content_width":"","footnotes":""},"categories":[84],"tags":[],"class_list":["post-10708","post","type-post","status-publish","format-standard","has-post-thumbnail","hentry","category-ultimomomento"],"_links":{"self":[{"href":"https:\/\/verdadincomodadiario.ar\/index.php?rest_route=\/wp\/v2\/posts\/10708","targetHints":{"allow":["GET"]}}],"collection":[{"href":"https:\/\/verdadincomodadiario.ar\/index.php?rest_route=\/wp\/v2\/posts"}],"about":[{"href":"https:\/\/verdadincomodadiario.ar\/index.php?rest_route=\/wp\/v2\/types\/post"}],"author":[{"embeddable":true,"href":"https:\/\/verdadincomodadiario.ar\/index.php?rest_route=\/wp\/v2\/users\/2"}],"replies":[{"embeddable":true,"href":"https:\/\/verdadincomodadiario.ar\/index.php?rest_route=%2Fwp%2Fv2%2Fcomments&post=10708"}],"version-history":[{"count":0,"href":"https:\/\/verdadincomodadiario.ar\/index.php?rest_route=\/wp\/v2\/posts\/10708\/revisions"}],"wp:featuredmedia":[{"embeddable":true,"href":"https:\/\/verdadincomodadiario.ar\/index.php?rest_route=\/wp\/v2\/media\/10709"}],"wp:attachment":[{"href":"https:\/\/verdadincomodadiario.ar\/index.php?rest_route=%2Fwp%2Fv2%2Fmedia&parent=10708"}],"wp:term":[{"taxonomy":"category","embeddable":true,"href":"https:\/\/verdadincomodadiario.ar\/index.php?rest_route=%2Fwp%2Fv2%2Fcategories&post=10708"},{"taxonomy":"post_tag","embeddable":true,"href":"https:\/\/verdadincomodadiario.ar\/index.php?rest_route=%2Fwp%2Fv2%2Ftags&post=10708"}],"curies":[{"name":"wp","href":"https:\/\/api.w.org\/{rel}","templated":true}]}}