{"id":10668,"date":"2025-07-11T19:28:53","date_gmt":"2025-07-11T19:28:53","guid":{"rendered":"https:\/\/verdadincomodadiario.ar\/?p=10668"},"modified":"2025-07-11T19:28:53","modified_gmt":"2025-07-11T19:28:53","slug":"cabre-y-rocio-pardo-ya-tienen-fecha-y-lugar-de-casamiento","status":"publish","type":"post","link":"https:\/\/verdadincomodadiario.ar\/?p=10668","title":{"rendered":"Cabr\u00e9 y Roc\u00edo Pardo ya tienen fecha y lugar de casamiento"},"content":{"rendered":"<p><strong><a href=\"https:\/\/derechadiario.com.ar\/sociedad\/nicolas-cabre-y-su-apoyo-benjamin-vicuna-revocaria-permiso-china-suarez\" title=\"Nicol\u00e1s Cabr\u00e9 y su apoyo a Benjam\u00edn Vicu\u00f1a: revocar\u00eda el permiso de la China Su\u00e1rez\">Nicol\u00e1s Cabr\u00e9 <\/a>y Roc\u00edo Pardo<\/strong>\u00a0 dieron un paso firme en su relaci\u00f3n y ya definieron cu\u00e1ndo y d\u00f3nde se casar\u00e1n. Seg\u00fan revel\u00f3 el periodista <strong>Pablo Layus<\/strong> en<em> Intrusos<\/em> (Am\u00e9rica), la boda ser\u00e1 el 6 de diciembre en Villa Carlos Paz, C\u00f3rdoba.<\/p>\n<p>El lugar elegido no es casual: all\u00ed comenz\u00f3 su historia de amor, cuando Cabr\u00e9 protagonizaba<em> Los mosqueteros<\/em> en plena temporada teatral. La fecha tambi\u00e9n responde a razones pr\u00e1cticas: \u00a0<strong>Roc\u00edo asumi\u00f3 compromisos profesionales tras tomar junto a su hermano la direcci\u00f3n de la empresa teatral que fund\u00f3 su padre.<\/strong><\/p>\n<h2><strong>Un compromiso inesperado, pero muy sentido<\/strong><\/h2>\n<p><strong>Roc\u00edo Pardo habl\u00f3 hace tres meses con Catalina Dlugi<\/strong>\u00a0 en<em> La Once Diez<\/em>, donde comparti\u00f3 c\u00f3mo surgi\u00f3 la idea de casarse con Cabr\u00e9. Seg\u00fan relat\u00f3, el compromiso lleg\u00f3 de forma inesperada, <strong>durante un viaje a Punta Cana:<\/strong> \u201cFue una sorpresa para los dos. Ninguno lo ten\u00eda pensado\u201d, confes\u00f3.<\/p>\n<p><strong>En ese viaje, rodeados de tranquilidad caribe\u00f1a y lejos de la rutina<\/strong>, entendieron que su historia iba en serio. \u00a0<strong>\u201cTodo fluye tan normal, es tan f\u00e1cil, que ten\u00eda que ser as\u00ed. No lo imaginamos de otra manera\u201d,<\/strong> record\u00f3 la actriz, que tambi\u00e9n revel\u00f3 que \u00a0<strong>Rufina, la hija de Cabr\u00e9 y la China Su\u00e1rez,<\/strong> particip\u00f3 del momento y lo celebr\u00f3 con alegr\u00eda.<\/p>\n<aside class=\"are-you-interested-container-photo\"><\/aside>\n<div class=\"text-center\">\n<h3 class=\"dailyMotionTitle\">\ud83d\udc8d \u00daLTIMO MOMENTO- NICOL\u00c1S CABR\u00c9 Y ROC\u00cdO PARDO SE CASAN LA PRIMERA SEMANA DE DICIEMBRE #Intrusos<\/h3>\n<aside>\n<figure class=\"op-interactive\"><\/figure>\n<\/aside>\n<\/div>\n<h2><strong>Una boda sin lujos y con esencia cordobesa<\/strong><\/h2>\n<p>La pareja convive desde el inicio de la relaci\u00f3n y ya est\u00e1 en proceso de armar su hogar. En cuanto a los planes de boda, Roc\u00edo dej\u00f3 en claro que no habr\u00e1 excesos ni vestidos blancos de cuento.<\/p>\n<p><strong>\u201cNo soy muy Susanita que digamos. \u00c9l quer\u00eda algo un poquito m\u00e1s arriba, pero yo prefiero algo m\u00e1s tranquilito, bien \u00edntimo, con gente que queremos\u201d<\/strong>, explic\u00f3. Tambi\u00e9n revel\u00f3 su deseo de celebrar en su tierra: \u201cSoy de pueblo, nac\u00ed en Carlos Paz. Tenemos ganas de C\u00f3rdoba, con monta\u00f1as y \u00e1rboles\u201d.<\/p>\n<p>As\u00ed, Cabr\u00e9 y Pardo apuestan a una ceremonia sencilla, con identidad propia y lejos del show medi\u00e1tico. La fecha est\u00e1 marcada, el amor tambi\u00e9n.<\/p>\n<h2><strong>La boda, en medio de tensiones con la China Su\u00e1rez<\/strong><\/h2>\n<p><strong>El anuncio del casamiento entre Nicol\u00e1s Cabr\u00e9 y Roc\u00edo Pardo coincidi\u00f3 con un momento delicado<\/strong>\u00a0 en la relaci\u00f3n del actor con su expareja,<a href=\"https:\/\/derechadiario.com.ar\/sociedad\/nicolas-cabre-y-su-apoyo-benjamin-vicuna-revocaria-permiso-china-suarez\" title=\"Nicol\u00e1s Cabr\u00e9 y su apoyo a Benjam\u00edn Vicu\u00f1a: revocar\u00eda el permiso de la China Su\u00e1rez\"> \u00a0<strong>Eugenia \u201cla China\u201d Su\u00e1rez<\/strong>. <\/a>En los \u00faltimos d\u00edas, \u00a0<strong>trascendi\u00f3 que Cabr\u00e9 habr\u00eda decidido revocar el permiso legal<\/strong>\u00a0 que le permit\u00eda a la actriz salir libremente del pa\u00eds con <strong>Rufina, la hija de ambos.<\/strong><\/p>\n<p>Seg\u00fan inform\u00f3 <strong>Marcela Tauro<\/strong> en <em>Intrusos,<\/em> <strong>Cabr\u00e9 ya habr\u00eda enviado una carta documento al domicilio de Su\u00e1rez en la Ciudad de Buenos Aires, notific\u00e1ndole la revocaci\u00f3n<\/strong>\u00a0 del permiso permanente que hab\u00edan firmado tiempo atr\u00e1s. La decisi\u00f3n se oficializ\u00f3 mediante escribano.<\/p>\n<p>La medida gener\u00f3 un nuevo obst\u00e1culo en los planes de Su\u00e1rez, quien ten\u00eda la intenci\u00f3n de instalarse en Turqu\u00eda junto a sus hijos. <strong>\u201cLa intenci\u00f3n de llevarse a Rufina a Turqu\u00eda tambi\u00e9n peligra\u201d,<\/strong> se\u00f1al\u00f3 \u00a0<strong>Rodrigo Lussich<\/strong> al aire. Adri\u00e1n Pallares agreg\u00f3 que, a partir de ahora, cada viaje internacional requerir\u00e1 la autorizaci\u00f3n expresa de ambos progenitores.<\/p>\n<p><strong>\u201cEso no quiere decir que alguno vaya a negarse, pero desde ahora cada salida del pa\u00eds deber\u00e1 seguir un procedimiento formal\u201d,<\/strong>\u00a0 explic\u00f3 Pablo Layus, remarcando que la decisi\u00f3n apunta a reforzar el control compartido sobre la crianza de la ni\u00f1a.<\/p>\n<aside class=\"whatsappChannelText\"><a href=\"https:\/\/whatsapp.com\/channel\/0029VagEjILGE56eKjedWF2U\" rel=\"nofollow\" title=\"WhatsApp Link\"><img alt=\"Logo de WhatsApp\" class=\"lazyload\" data-src=\"https:\/\/derechadiario.com.ar\/filesedc\/uploads\/other\/whatsapp_icon_mid_article.png\" width=\"32\" height=\"32\"><\/a> <a href=\"https:\/\/whatsapp.com\/channel\/0029VagEjILGE56eKjedWF2U\" rel=\"nofollow\" title=\"WhatsApp Link\"><strong>NO SE PIERDAN NINGUNA NOTICIA<\/strong>: Click aqu\u00ed para sumarte <strong>GRATIS<\/strong> al canal de noticias de <strong>La Derecha Diario en WhatsApp.<\/strong><\/a><\/aside>\n<p><strong>As\u00ed, mientras Cabr\u00e9 proyecta una nueva vida en pareja,<\/strong> tambi\u00e9n marca l\u00edmites en su rol como padre, en un contexto donde los v\u00ednculos familiares, las decisiones personales y la exposici\u00f3n p\u00fablica se entrelazan con fuerza.<\/p>\n","protected":false},"excerpt":{"rendered":"<p>Nicol\u00e1s Cabr\u00e9 y Roc\u00edo Pardo\u00a0 dieron un paso firme en su relaci\u00f3n y ya definieron cu\u00e1ndo y d\u00f3nde se casar\u00e1n. Seg\u00fan revel\u00f3 el periodista Pablo Layus en Intrusos (Am\u00e9rica), la boda ser\u00e1 el 6 de diciembre en Villa Carlos Paz, C\u00f3rdoba. El lugar elegido no es casual: all\u00ed comenz\u00f3 su historia de amor, cuando Cabr\u00e9 [&hellip;]<\/p>\n","protected":false},"author":2,"featured_media":10669,"comment_status":"open","ping_status":"open","sticky":false,"template":"","format":"standard","meta":{"_et_pb_use_builder":"","_et_pb_old_content":"","_et_gb_content_width":"","footnotes":""},"categories":[84],"tags":[],"class_list":["post-10668","post","type-post","status-publish","format-standard","has-post-thumbnail","hentry","category-ultimomomento"],"_links":{"self":[{"href":"https:\/\/verdadincomodadiario.ar\/index.php?rest_route=\/wp\/v2\/posts\/10668","targetHints":{"allow":["GET"]}}],"collection":[{"href":"https:\/\/verdadincomodadiario.ar\/index.php?rest_route=\/wp\/v2\/posts"}],"about":[{"href":"https:\/\/verdadincomodadiario.ar\/index.php?rest_route=\/wp\/v2\/types\/post"}],"author":[{"embeddable":true,"href":"https:\/\/verdadincomodadiario.ar\/index.php?rest_route=\/wp\/v2\/users\/2"}],"replies":[{"embeddable":true,"href":"https:\/\/verdadincomodadiario.ar\/index.php?rest_route=%2Fwp%2Fv2%2Fcomments&post=10668"}],"version-history":[{"count":0,"href":"https:\/\/verdadincomodadiario.ar\/index.php?rest_route=\/wp\/v2\/posts\/10668\/revisions"}],"wp:featuredmedia":[{"embeddable":true,"href":"https:\/\/verdadincomodadiario.ar\/index.php?rest_route=\/wp\/v2\/media\/10669"}],"wp:attachment":[{"href":"https:\/\/verdadincomodadiario.ar\/index.php?rest_route=%2Fwp%2Fv2%2Fmedia&parent=10668"}],"wp:term":[{"taxonomy":"category","embeddable":true,"href":"https:\/\/verdadincomodadiario.ar\/index.php?rest_route=%2Fwp%2Fv2%2Fcategories&post=10668"},{"taxonomy":"post_tag","embeddable":true,"href":"https:\/\/verdadincomodadiario.ar\/index.php?rest_route=%2Fwp%2Fv2%2Ftags&post=10668"}],"curies":[{"name":"wp","href":"https:\/\/api.w.org\/{rel}","templated":true}]}}