{"id":10666,"date":"2025-07-11T19:28:54","date_gmt":"2025-07-11T19:28:54","guid":{"rendered":"https:\/\/verdadincomodadiario.ar\/?p=10666"},"modified":"2025-07-11T19:28:54","modified_gmt":"2025-07-11T19:28:54","slug":"rio-ceballos-destina-mas-de-640-millones-a-maquinaria-y-apoyo-a-ex-combatientes","status":"publish","type":"post","link":"https:\/\/verdadincomodadiario.ar\/?p=10666","title":{"rendered":"R\u00edo Ceballos destina m\u00e1s de $640 millones a maquinaria y apoyo a ex combatientes"},"content":{"rendered":"<p>Durante el acto oficial por el 9 de Julio, el municipio de <a href=\"https:\/\/derechadiario.com.ar\/entretenimiento\/rio-ceballos-recibe-muestra-interactiva-inspirada-leonardo-da-vinci\" title=\"R\u00edo Ceballos recibe una muestra interactiva inspirada en Leonardo Da Vinci\">R\u00edo Ceballos<\/a> inform\u00f3 una <strong>inversi\u00f3n que supera los 640 millones de pesos<\/strong>. El anuncio fue realizado por el intendente Ezequiel Lemos, quien detall\u00f3 que <strong>los fondos se destinar\u00e1n a renovar la flota vial municipal<\/strong>. La primera compra fue una motoniveladora 0 km adquirida con recursos propios.<\/p>\n<p>El plan contempla adem\u00e1s la incorporaci\u00f3n de un cami\u00f3n volcador y un cami\u00f3n compactador. Con estas adquisiciones, \u00a0<strong>se busca optimizar los servicios p\u00fablicos y ampliar su cobertura en los distintos barrios.<\/strong> Las autoridades indicaron que la inversi\u00f3n responde a una necesidad operativa del municipio.<\/p>\n<p>Uno de los momentos m\u00e1s significativos de la jornada fue el anuncio de una <strong>reparaci\u00f3n econ\u00f3mica para los veteranos de Malvinas que residen <a href=\"https:\/\/derechadiario.com.ar\/sociedad\/desarticulan-peligrosa-organizacion-narco-que-operaba-rio-ceballos-y-cordoba\" title=\"Desarticulan una peligrosa organizaci\u00f3n narco que operaba en R\u00edo Ceballos y C\u00f3rdoba\">en la ciudad<\/a><\/strong>. \u201cNo es un regalo, es un acto de justicia y reconocimiento\u201d, expres\u00f3 Lemos durante el evento. <strong>A los excombatientes se los defini\u00f3 como \u201cs\u00edmbolo de entrega, patriotismo y coraje\u201d.<\/strong><\/p>\n<div class=\"inter_image image_horizontal\">\n<picture><source class=\"img-responsive\" type=\"image\/webp\" data-srcset=\"https:\/\/filesedc.com\/uploads\/image\/post\/2025\/07\/captura-de-pantalla-2025-07-11-142957_300_200.webp 300w, https:\/\/filesedc.com\/uploads\/image\/post\/2025\/07\/captura-de-pantalla-2025-07-11-142957_630_420.webp 630w, https:\/\/filesedc.com\/uploads\/image\/post\/2025\/07\/captura-de-pantalla-2025-07-11-142957_760_507.webp 760w, https:\/\/filesedc.com\/uploads\/image\/post\/2025\/07\/captura-de-pantalla-2025-07-11-142957_1200_800.webp 1200w, https:\/\/filesedc.com\/uploads\/image\/post\/2025\/07\/captura-de-pantalla-2025-07-11-142957_1600_1067.webp 1600w, \"><img decoding=\"async\" src=\"https:\/\/derechadiario.com.ar\/filesedc\/uploads\/image\/post\/2025\/07\/captura-de-pantalla-2025-07-11-142957_1200_800.webp\" class=\"img-responsive lazyload\" alt=\"Personas de diferentes edades observan un desfile detr\u00e1s de una valla decorada con una tela celeste y blanca\" title=\"Personas de diferentes edades observan un desfile detr\u00e1s de una valla decorada con una tela celeste y blanca\"><\/picture>\n<div>\n<span class=\"img_footer\">Vecinos de la ciudad durante acto oficial por el 9 de Julio <\/span>| <span class=\"img_author\">La Derecha Diario<\/span>\n<\/div>\n<\/div>\n<h2>Reconocimiento a los que lucharon por la Patria<\/h2>\n<p>El aporte econ\u00f3mico anunciado\u00a0representa un <strong>gesto concreto hacia los veteranos locales.<\/strong> Estos hombres participaron en defensa del pa\u00eds durante uno de los episodios m\u00e1s dif\u00edciles de la historia argentina. <strong>Su entrega al servicio de la Naci\u00f3n contin\u00faa siendo motivo de respeto y memoria colectiva.<\/strong><\/p>\n<aside class=\"are-you-interested-container-photo\"><\/aside>\n<p>La medida fue comunicada en un marco institucional, pero cargado de emoci\u00f3n por su valor simb\u00f3lico. <strong>Al tratarse de residentes de la ciudad, el reconocimiento cobra a\u00fan m\u00e1s fuerza en el plano local<\/strong>. La decisi\u00f3n busca saldar una deuda pendiente con quienes enfrentaron la adversidad en nombre de la soberan\u00eda nacional.<\/p>\n<aside class=\"whatsappChannelText\"><a href=\"https:\/\/whatsapp.com\/channel\/0029VagEjILGE56eKjedWF2U\" rel=\"nofollow\" title=\"WhatsApp Link\"><img alt=\"Logo de WhatsApp\" class=\"lazyload\" data-src=\"https:\/\/derechadiario.com.ar\/filesedc\/uploads\/other\/whatsapp_icon_mid_article.png\" width=\"32\" height=\"32\"><\/a> <a href=\"https:\/\/whatsapp.com\/channel\/0029VagEjILGE56eKjedWF2U\" rel=\"nofollow\" title=\"WhatsApp Link\"><strong>NO SE PIERDAN NINGUNA NOTICIA<\/strong>: Click aqu\u00ed para sumarte <strong>GRATIS<\/strong> al canal de noticias de <strong>La Derecha Diario en WhatsApp.<\/strong><\/a><\/aside>\n<p>A la par de otras obras en marcha, como la pavimentaci\u00f3n de calles y avances en el Parque Industrial, <strong>este anuncio tuvo una dimensi\u00f3n distinta<\/strong>. No se trata de infraestructura ni de mejoras log\u00edsticas, sino de dar respuesta a un reclamo con peso hist\u00f3rico. <strong>El compromiso de quienes sirvieron al pa\u00eds en Malvinas recibi\u00f3, al fin, una se\u00f1al concreta de reparaci\u00f3n.<\/strong><\/p>\n","protected":false},"excerpt":{"rendered":"<p>Durante el acto oficial por el 9 de Julio, el municipio de R\u00edo Ceballos inform\u00f3 una inversi\u00f3n que supera los 640 millones de pesos. El anuncio fue realizado por el intendente Ezequiel Lemos, quien detall\u00f3 que los fondos se destinar\u00e1n a renovar la flota vial municipal. La primera compra fue una motoniveladora 0 km adquirida [&hellip;]<\/p>\n","protected":false},"author":2,"featured_media":10667,"comment_status":"open","ping_status":"open","sticky":false,"template":"","format":"standard","meta":{"_et_pb_use_builder":"","_et_pb_old_content":"","_et_gb_content_width":"","footnotes":""},"categories":[84],"tags":[],"class_list":["post-10666","post","type-post","status-publish","format-standard","has-post-thumbnail","hentry","category-ultimomomento"],"_links":{"self":[{"href":"https:\/\/verdadincomodadiario.ar\/index.php?rest_route=\/wp\/v2\/posts\/10666","targetHints":{"allow":["GET"]}}],"collection":[{"href":"https:\/\/verdadincomodadiario.ar\/index.php?rest_route=\/wp\/v2\/posts"}],"about":[{"href":"https:\/\/verdadincomodadiario.ar\/index.php?rest_route=\/wp\/v2\/types\/post"}],"author":[{"embeddable":true,"href":"https:\/\/verdadincomodadiario.ar\/index.php?rest_route=\/wp\/v2\/users\/2"}],"replies":[{"embeddable":true,"href":"https:\/\/verdadincomodadiario.ar\/index.php?rest_route=%2Fwp%2Fv2%2Fcomments&post=10666"}],"version-history":[{"count":0,"href":"https:\/\/verdadincomodadiario.ar\/index.php?rest_route=\/wp\/v2\/posts\/10666\/revisions"}],"wp:featuredmedia":[{"embeddable":true,"href":"https:\/\/verdadincomodadiario.ar\/index.php?rest_route=\/wp\/v2\/media\/10667"}],"wp:attachment":[{"href":"https:\/\/verdadincomodadiario.ar\/index.php?rest_route=%2Fwp%2Fv2%2Fmedia&parent=10666"}],"wp:term":[{"taxonomy":"category","embeddable":true,"href":"https:\/\/verdadincomodadiario.ar\/index.php?rest_route=%2Fwp%2Fv2%2Fcategories&post=10666"},{"taxonomy":"post_tag","embeddable":true,"href":"https:\/\/verdadincomodadiario.ar\/index.php?rest_route=%2Fwp%2Fv2%2Ftags&post=10666"}],"curies":[{"name":"wp","href":"https:\/\/api.w.org\/{rel}","templated":true}]}}