{"id":10636,"date":"2025-07-11T17:24:20","date_gmt":"2025-07-11T17:24:20","guid":{"rendered":"https:\/\/verdadincomodadiario.ar\/?p=10636"},"modified":"2025-07-11T17:24:20","modified_gmt":"2025-07-11T17:24:20","slug":"lazaro-baez-cumplira-15-anos-de-prision-luego-de-que-le-unificaran-sus-condenas","status":"publish","type":"post","link":"https:\/\/verdadincomodadiario.ar\/?p=10636","title":{"rendered":"L\u00e1zaro B\u00e1ez cumplir\u00e1 15 a\u00f1os de prisi\u00f3n luego de que le unificaran sus condenas"},"content":{"rendered":"<p>El\u00a0Tribunal Oral Federal 4 tom\u00f3 la decisi\u00f3n de\u00a0unificar las penas impuestas a <strong>L\u00e1zaro B\u00e1ez<\/strong>, el empresario cercano a la corrupta expresidente <a href=\"https:\/\/derechadiario.com.ar\/politica\/vialidad-cristina-kirchner-debera-devolver-685-mil-millones-pesos-al-estado\" target=\"_blank\" title=\"Vialidad: Cristina Kirchner deber\u00e1 devolver $685 mil millones de pesos al Estado\"><strong>Cristina Kirchner<\/strong><\/a>,\u00a0por las causas conocidas como &#8220;<strong>La Ruta del Dinero K<\/strong>&#8221; y &#8220;<strong>Vialidad<\/strong>&#8220;. Con esta resoluci\u00f3n de la Justicia, el empresario y exdue\u00f1o de Austral Construcciones deber\u00e1 cumplir una <strong>condena total de 15 a\u00f1os de prisi\u00f3n<\/strong>.<\/p>\n<p>Los jueces\u00a0<strong>N\u00e9stor Costabel<\/strong>, <strong>Fernando Canero<\/strong> y <strong>Ricardo Bas\u00edlico<\/strong> determinaron que B\u00e1ez deber\u00e1 cumplir esa pena unificada, adem\u00e1s de afrontar una <strong>multa<\/strong> equivalente a <strong>seis veces<\/strong> el monto comprobado en la causa por lavado de dinero, suma que asciende a <strong>54,8 millones de d\u00f3lares<\/strong>. Actualmente, el empresario se encuentra detenido en un penal de R\u00edo Gallegos.<\/p>\n<div class=\"inter_image image_horizontal\">\n<picture><source class=\"img-responsive\" type=\"image\/webp\" data-srcset=\"https:\/\/filesedc.com\/uploads\/image\/post\/2025\/07\/unifican-a-15-anos-las-condenas-a-lazaro-baez-optimized_300_200.webp 300w, https:\/\/filesedc.com\/uploads\/image\/post\/2025\/07\/unifican-a-15-anos-las-condenas-a-lazaro-baez-optimized_630_420.webp 630w, https:\/\/filesedc.com\/uploads\/image\/post\/2025\/07\/unifican-a-15-anos-las-condenas-a-lazaro-baez-optimized_760_507.webp 760w, https:\/\/filesedc.com\/uploads\/image\/post\/2025\/07\/unifican-a-15-anos-las-condenas-a-lazaro-baez-optimized_1200_800.webp 1200w, https:\/\/filesedc.com\/uploads\/image\/post\/2025\/07\/unifican-a-15-anos-las-condenas-a-lazaro-baez-optimized_1600_1067.webp 1600w, \"><img decoding=\"async\" src=\"https:\/\/derechadiario.com.ar\/filesedc\/uploads\/image\/post\/2025\/07\/unifican-a-15-anos-las-condenas-a-lazaro-baez-optimized_1200_800.webp\" class=\"img-responsive lazyload\" alt=\"Hombre canoso escoltado por agentes de la polic\u00eda federal argentina durante un operativo\" title=\"Hombre canoso escoltado por agentes de la polic\u00eda federal argentina durante un operativo\"><\/picture>\n<div>\n<span class=\"img_footer\">L\u00e1zaro B\u00e1ez. <\/span>| <span class=\"img_author\">La Derecha Diario<\/span>\n<\/div>\n<\/div>\n<p>En su resoluci\u00f3n, los jueces se\u00f1alaron que evaluaron el car\u00e1cter millonario de la maniobra atribuida a B\u00e1ez, as\u00ed como el control total que este ejerc\u00eda sobre esos fondos. Tambi\u00e9n destacaron el impacto que dichas acciones tuvieron sobre el orden econ\u00f3mico y financiero, lo que, seg\u00fan el tribunal, <strong>agrava el contenido del delito<\/strong> y su <strong>gravedad jur\u00eddica<\/strong>.<\/p>\n<p>La defensa de B\u00e1ez hab\u00eda solicitado que su cliente cumpliera solo <strong>seis a\u00f1os de prisi\u00f3n<\/strong>, pero el pedido fue <strong>rechazado<\/strong>. Las sentencias que ahora se unificaron contemplaban <strong>10 a\u00f1os por lavado de dinero<\/strong> y <strong>6 a\u00f1os por administraci\u00f3n fraudulenta<\/strong> en la causa Vialidad, quedando ahora condensadas en una <strong>\u00fanica condena de 15 a\u00f1os<\/strong>.<\/p>\n<figure><img decoding=\"async\" src=\"https:\/\/derechadiario.com.ar\/filesedc\/uploads\/image\/post\/fccqfhgyb-600x600--1_1200_800.webp\" class=\"img-responsive lazyload\" alt=\"Una persona hablando en un micr\u00f3fono con expresi\u00f3n enf\u00e1tica y fondo azul.\" title=\"Una persona hablando en un micr\u00f3fono con expresi\u00f3n enf\u00e1tica y fondo azul.\"><\/figure>\n<p>Como si la unificaci\u00f3n de las condenas no fuera suficiente, esta ma\u00f1ana L\u00e1zaro B\u00e1ez fue notificado de una nueva medida judicial. \u00c9l, <strong>Cristina Kirchner<\/strong> y <strong>otros condenados<\/strong> en la causa Vialidad deber\u00e1n reintegrar al Estado una suma de <strong>500 millones de d\u00f3lares<\/strong>, correspondiente al <strong>dinero desviado de fondos p\u00fablicos<\/strong> destinados a obras en la provincia de Santa Cruz.<\/p>\n<aside class=\"whatsappChannelText\"><a href=\"https:\/\/whatsapp.com\/channel\/0029VagEjILGE56eKjedWF2U\" rel=\"nofollow\" title=\"WhatsApp Link\"><img alt=\"Logo de WhatsApp\" class=\"lazyload\" data-src=\"https:\/\/derechadiario.com.ar\/filesedc\/uploads\/other\/whatsapp_icon_mid_article.png\" width=\"32\" height=\"32\"><\/a> <a href=\"https:\/\/whatsapp.com\/channel\/0029VagEjILGE56eKjedWF2U\" rel=\"nofollow\" title=\"WhatsApp Link\"><strong>NO SE PIERDAN NINGUNA NOTICIA<\/strong>: Click aqu\u00ed para sumarte <strong>GRATIS<\/strong> al canal de noticias de <strong>La Derecha Diario en WhatsApp.<\/strong><\/a><\/aside>\n<p>En caso de no efectuar el pago, la Justicia avanzar\u00e1, en un plazo de 10 d\u00edas, con el <strong>embargo<\/strong> y <strong>ejecuci\u00f3n<\/strong> de los bienes de los involucrados. Entre los m\u00e1s comprometidos figuran la corrupta expresidente Cristina Kirchner y el propio B\u00e1ez, debido a la magnitud de sus patrimonios.<\/p>\n<p>En el caso del empresario, posee unos <strong>130 inmuebles<\/strong>, en su mayor\u00eda ubicados en Santa Cruz,\u00a0adem\u00e1s del valor accionario de varias constructoras implicadas en la maniobra, como Austral Construcciones, Loscalzos y Del Cierto, Sucesi\u00f3n Adelmo Biancalani y Kank y Costilla.<\/p>\n<aside class=\"low-arrow-links automatic-low-arrow-links-end-body\"><\/aside>\n","protected":false},"excerpt":{"rendered":"<p>El\u00a0Tribunal Oral Federal 4 tom\u00f3 la decisi\u00f3n de\u00a0unificar las penas impuestas a L\u00e1zaro B\u00e1ez, el empresario cercano a la corrupta expresidente Cristina Kirchner,\u00a0por las causas conocidas como &#8220;La Ruta del Dinero K&#8221; y &#8220;Vialidad&#8220;. Con esta resoluci\u00f3n de la Justicia, el empresario y exdue\u00f1o de Austral Construcciones deber\u00e1 cumplir una condena total de 15 a\u00f1os [&hellip;]<\/p>\n","protected":false},"author":2,"featured_media":10637,"comment_status":"open","ping_status":"open","sticky":false,"template":"","format":"standard","meta":{"_et_pb_use_builder":"","_et_pb_old_content":"","_et_gb_content_width":"","footnotes":""},"categories":[84],"tags":[],"class_list":["post-10636","post","type-post","status-publish","format-standard","has-post-thumbnail","hentry","category-ultimomomento"],"_links":{"self":[{"href":"https:\/\/verdadincomodadiario.ar\/index.php?rest_route=\/wp\/v2\/posts\/10636","targetHints":{"allow":["GET"]}}],"collection":[{"href":"https:\/\/verdadincomodadiario.ar\/index.php?rest_route=\/wp\/v2\/posts"}],"about":[{"href":"https:\/\/verdadincomodadiario.ar\/index.php?rest_route=\/wp\/v2\/types\/post"}],"author":[{"embeddable":true,"href":"https:\/\/verdadincomodadiario.ar\/index.php?rest_route=\/wp\/v2\/users\/2"}],"replies":[{"embeddable":true,"href":"https:\/\/verdadincomodadiario.ar\/index.php?rest_route=%2Fwp%2Fv2%2Fcomments&post=10636"}],"version-history":[{"count":0,"href":"https:\/\/verdadincomodadiario.ar\/index.php?rest_route=\/wp\/v2\/posts\/10636\/revisions"}],"wp:featuredmedia":[{"embeddable":true,"href":"https:\/\/verdadincomodadiario.ar\/index.php?rest_route=\/wp\/v2\/media\/10637"}],"wp:attachment":[{"href":"https:\/\/verdadincomodadiario.ar\/index.php?rest_route=%2Fwp%2Fv2%2Fmedia&parent=10636"}],"wp:term":[{"taxonomy":"category","embeddable":true,"href":"https:\/\/verdadincomodadiario.ar\/index.php?rest_route=%2Fwp%2Fv2%2Fcategories&post=10636"},{"taxonomy":"post_tag","embeddable":true,"href":"https:\/\/verdadincomodadiario.ar\/index.php?rest_route=%2Fwp%2Fv2%2Ftags&post=10636"}],"curies":[{"name":"wp","href":"https:\/\/api.w.org\/{rel}","templated":true}]}}