{"id":10634,"date":"2025-07-11T17:24:21","date_gmt":"2025-07-11T17:24:21","guid":{"rendered":"https:\/\/verdadincomodadiario.ar\/?p=10634"},"modified":"2025-07-11T17:24:21","modified_gmt":"2025-07-11T17:24:21","slug":"las-fdi-eliminaron-a-6-figuras-clave-de-la-cupula-naval-de-hamas","status":"publish","type":"post","link":"https:\/\/verdadincomodadiario.ar\/?p=10634","title":{"rendered":"Las FDI eliminaron a 6 figuras clave de la c\u00fapula naval de Hamas"},"content":{"rendered":"<p>El Ej\u00e9rcito israel\u00ed anunci\u00f3 que <strong>seis altos miembros del comando naval de Ham\u00e1s fueron eliminados<\/strong>\u00a0 en los \u00faltimos meses por fuerzas de seguridad israel\u00edes. Algunos de ellos participaron en la planificaci\u00f3n de la masacre del 7 de octubre.<\/p>\n<p>Seg\u00fan inform\u00f3 el vocero de las FDI, las operaciones fueron llevadas a cabo en el marco de <strong>la ofensiva denominada Carros de Gide\u00f3n<\/strong>, mediante acciones conjuntas de la Marina, la Direcci\u00f3n de Inteligencia Militar, el Shin Bet y el Comando Sur.<\/p>\n<p>Los militantes abatidos <strong>desempe\u00f1aban un rol central en la promoci\u00f3n de ataques terroristas desde el mar<\/strong>\u00a0 contra ciudadanos israel\u00edes y fuerzas de seguridad durante la guerra Espadas de Hierro.<\/p>\n<p>Los eliminados son:<\/p>\n<ul>\n<li>\n<strong>Ramzi Salah<\/strong>, comandante de las fuerzas navales en el norte de la Franja de Gaza;<\/li>\n<li>\n<strong>Jamil al-Baba<\/strong>, responsable del comando naval en los campamentos centrales;<\/li>\n<li>\n<strong>Rateb Abu Zuheiban<\/strong>, jefe del comando en la ciudad de Gaza;<\/li>\n<li>\n<strong>Omar Abu Jalala<\/strong>, comandante en Jan Yunis;<\/li>\n<li>\n<strong>Muhammad Kashta<\/strong>, jefe naval en Rafah;<\/li>\n<li>\n<strong>Ahmad Ali<\/strong>, quien hab\u00eda asumido como reemplazo del comandante naval en Gaza capital.<\/li>\n<\/ul>\n<div class=\"inter_image image_horizontal\">\n<picture><source class=\"img-responsive\" type=\"image\/webp\" data-srcset=\"https:\/\/filesedc.com\/uploads\/image\/post\/2025\/07\/idfataque_300_200.webp 300w, https:\/\/filesedc.com\/uploads\/image\/post\/2025\/07\/idfataque_630_420.webp 630w, https:\/\/filesedc.com\/uploads\/image\/post\/2025\/07\/idfataque_760_507.webp 760w, https:\/\/filesedc.com\/uploads\/image\/post\/2025\/07\/idfataque_1200_800.webp 1200w, https:\/\/filesedc.com\/uploads\/image\/post\/2025\/07\/idfataque_1600_1067.webp 1600w, \"><img decoding=\"async\" src=\"https:\/\/derechadiario.com.ar\/filesedc\/uploads\/image\/post\/2025\/07\/idfataque_1200_800.webp\" class=\"img-responsive lazyload\" alt=\"Cuatro soldados armados con uniforme militar avanzan por un camino de tierra en una zona urbana rodeada de vegetaci\u00f3n y edificios\" title=\"Cuatro soldados armados con uniforme militar avanzan por un camino de tierra en una zona urbana rodeada de vegetaci\u00f3n y edificios\"><\/picture>\n<div>\n<span class=\"img_footer\">Las FDI siguen eliminando terroristas <\/span>| <span class=\"img_author\">La Derecha Diario<\/span>\n<\/div>\n<\/div>\n<p>Este operativo es parte de una <strong>ofensiva contra l\u00edderes terroristas palestinos<\/strong>. De hecho, el Ej\u00e9rcito israel\u00ed y el servicio de inteligencia interna Shin Bet confirmaron este viernes la eliminaci\u00f3n de <strong>Fadl Abu al-Ata, comandante del sector de Shejaiya de la Yihad Isl\u00e1mica Palestina<\/strong>, junto con otro militante, durante una operaci\u00f3n llevada a cabo en junio.<\/p>\n<p>Seg\u00fan las Fuerzas de Defensa de Israel, <strong>Abu al-Ata particip\u00f3 en la infiltraci\u00f3n a territorio israel\u00ed durante la masacre del 7 de octubre<\/strong>\u00a0 y, desde entonces, estuvo implicado en m\u00faltiples ataques contra las tropas israel\u00edes.<\/p>\n<p>En la misma jornada, <strong>las FDI anunciaron tambi\u00e9n la muerte de Hamed Kamel Abd al-Aziz Iyad, encargado del \u00e1rea de ingenier\u00eda y explosivos del Batall\u00f3n Turukman<\/strong>, perteneciente a la Yihad Isl\u00e1mica.<\/p>\n","protected":false},"excerpt":{"rendered":"<p>El Ej\u00e9rcito israel\u00ed anunci\u00f3 que seis altos miembros del comando naval de Ham\u00e1s fueron eliminados\u00a0 en los \u00faltimos meses por fuerzas de seguridad israel\u00edes. Algunos de ellos participaron en la planificaci\u00f3n de la masacre del 7 de octubre. Seg\u00fan inform\u00f3 el vocero de las FDI, las operaciones fueron llevadas a cabo en el marco de [&hellip;]<\/p>\n","protected":false},"author":2,"featured_media":10635,"comment_status":"open","ping_status":"open","sticky":false,"template":"","format":"standard","meta":{"_et_pb_use_builder":"","_et_pb_old_content":"","_et_gb_content_width":"","footnotes":""},"categories":[84],"tags":[],"class_list":["post-10634","post","type-post","status-publish","format-standard","has-post-thumbnail","hentry","category-ultimomomento"],"_links":{"self":[{"href":"https:\/\/verdadincomodadiario.ar\/index.php?rest_route=\/wp\/v2\/posts\/10634","targetHints":{"allow":["GET"]}}],"collection":[{"href":"https:\/\/verdadincomodadiario.ar\/index.php?rest_route=\/wp\/v2\/posts"}],"about":[{"href":"https:\/\/verdadincomodadiario.ar\/index.php?rest_route=\/wp\/v2\/types\/post"}],"author":[{"embeddable":true,"href":"https:\/\/verdadincomodadiario.ar\/index.php?rest_route=\/wp\/v2\/users\/2"}],"replies":[{"embeddable":true,"href":"https:\/\/verdadincomodadiario.ar\/index.php?rest_route=%2Fwp%2Fv2%2Fcomments&post=10634"}],"version-history":[{"count":0,"href":"https:\/\/verdadincomodadiario.ar\/index.php?rest_route=\/wp\/v2\/posts\/10634\/revisions"}],"wp:featuredmedia":[{"embeddable":true,"href":"https:\/\/verdadincomodadiario.ar\/index.php?rest_route=\/wp\/v2\/media\/10635"}],"wp:attachment":[{"href":"https:\/\/verdadincomodadiario.ar\/index.php?rest_route=%2Fwp%2Fv2%2Fmedia&parent=10634"}],"wp:term":[{"taxonomy":"category","embeddable":true,"href":"https:\/\/verdadincomodadiario.ar\/index.php?rest_route=%2Fwp%2Fv2%2Fcategories&post=10634"},{"taxonomy":"post_tag","embeddable":true,"href":"https:\/\/verdadincomodadiario.ar\/index.php?rest_route=%2Fwp%2Fv2%2Ftags&post=10634"}],"curies":[{"name":"wp","href":"https:\/\/api.w.org\/{rel}","templated":true}]}}