{"id":10632,"date":"2025-07-11T17:24:22","date_gmt":"2025-07-11T17:24:22","guid":{"rendered":"https:\/\/verdadincomodadiario.ar\/?p=10632"},"modified":"2025-07-11T17:24:22","modified_gmt":"2025-07-11T17:24:22","slug":"se-viene-las-fdi-le-piden-a-los-civiles-palestinos-que-despejen-zonas-de-gaza","status":"publish","type":"post","link":"https:\/\/verdadincomodadiario.ar\/?p=10632","title":{"rendered":"Se viene: Las FDI le piden a los civiles palestinos que despejen zonas de Gaza"},"content":{"rendered":"<p>Las Fuerzas de Defensa de Israel (FDI) emitieron este viernes una <strong>advertencia de evacuaci\u00f3n<\/strong>\u00a0 dirigida a los residentes palestinos de una zona central de la ciudad de Gaza, <strong>en preparaci\u00f3n para una ofensiva<\/strong>\u00a0 contra blancos pertenecientes a Ham\u00e1s.<\/p>\n<p>\u201cAnte el uso de zonas civiles por parte de la organizaci\u00f3n terrorista Ham\u00e1s para actividades terroristas, <strong>las FDI atacar\u00e1n el \u00e1rea con gran intensidad. Para su seguridad, evac\u00faen de inmediato<\/strong>\u201d, declar\u00f3 el vocero militar en \u00e1rabe, <strong>coronel Avijay Adraee<\/strong>, a trav\u00e9s de un mensaje publicado <strong>en la red social X<\/strong>.<\/p>\n<p>Las autoridades israel\u00edes instaron a los civiles palestinos a <strong>desplazarse hacia el sur de la Franja<\/strong>\u00a0 y a \u201cevitar regresar a zonas peligrosas\u201d.<\/p>\n<p>Este es otro de los tantos procedimientos que aplican las fuerzas de seguridad israel\u00edes <strong>para minimizar las v\u00edctimas civiles<\/strong>.<\/p>\n<p><em>(Noticia en desarrollo)<\/em><\/p>\n","protected":false},"excerpt":{"rendered":"<p>Las Fuerzas de Defensa de Israel (FDI) emitieron este viernes una advertencia de evacuaci\u00f3n\u00a0 dirigida a los residentes palestinos de una zona central de la ciudad de Gaza, en preparaci\u00f3n para una ofensiva\u00a0 contra blancos pertenecientes a Ham\u00e1s. \u201cAnte el uso de zonas civiles por parte de la organizaci\u00f3n terrorista Ham\u00e1s para actividades terroristas, las [&hellip;]<\/p>\n","protected":false},"author":2,"featured_media":10633,"comment_status":"open","ping_status":"open","sticky":false,"template":"","format":"standard","meta":{"_et_pb_use_builder":"","_et_pb_old_content":"","_et_gb_content_width":"","footnotes":""},"categories":[84],"tags":[],"class_list":["post-10632","post","type-post","status-publish","format-standard","has-post-thumbnail","hentry","category-ultimomomento"],"_links":{"self":[{"href":"https:\/\/verdadincomodadiario.ar\/index.php?rest_route=\/wp\/v2\/posts\/10632","targetHints":{"allow":["GET"]}}],"collection":[{"href":"https:\/\/verdadincomodadiario.ar\/index.php?rest_route=\/wp\/v2\/posts"}],"about":[{"href":"https:\/\/verdadincomodadiario.ar\/index.php?rest_route=\/wp\/v2\/types\/post"}],"author":[{"embeddable":true,"href":"https:\/\/verdadincomodadiario.ar\/index.php?rest_route=\/wp\/v2\/users\/2"}],"replies":[{"embeddable":true,"href":"https:\/\/verdadincomodadiario.ar\/index.php?rest_route=%2Fwp%2Fv2%2Fcomments&post=10632"}],"version-history":[{"count":0,"href":"https:\/\/verdadincomodadiario.ar\/index.php?rest_route=\/wp\/v2\/posts\/10632\/revisions"}],"wp:featuredmedia":[{"embeddable":true,"href":"https:\/\/verdadincomodadiario.ar\/index.php?rest_route=\/wp\/v2\/media\/10633"}],"wp:attachment":[{"href":"https:\/\/verdadincomodadiario.ar\/index.php?rest_route=%2Fwp%2Fv2%2Fmedia&parent=10632"}],"wp:term":[{"taxonomy":"category","embeddable":true,"href":"https:\/\/verdadincomodadiario.ar\/index.php?rest_route=%2Fwp%2Fv2%2Fcategories&post=10632"},{"taxonomy":"post_tag","embeddable":true,"href":"https:\/\/verdadincomodadiario.ar\/index.php?rest_route=%2Fwp%2Fv2%2Ftags&post=10632"}],"curies":[{"name":"wp","href":"https:\/\/api.w.org\/{rel}","templated":true}]}}