{"id":10616,"date":"2025-07-11T15:28:34","date_gmt":"2025-07-11T15:28:34","guid":{"rendered":"https:\/\/verdadincomodadiario.ar\/?p=10616"},"modified":"2025-07-11T15:28:34","modified_gmt":"2025-07-11T15:28:34","slug":"murio-un-soldado-israeli-en-el-sur-de-la-franja-de-gaza","status":"publish","type":"post","link":"https:\/\/verdadincomodadiario.ar\/?p=10616","title":{"rendered":"Muri\u00f3 un soldado israel\u00ed en el sur de la Franja de Gaza"},"content":{"rendered":"<p>Un oficial de las Fuerzas de Defensa de Israel (FDI) <strong>muri\u00f3<\/strong>\u00a0 en un aparente accidente <strong>en el sur de la Franja de Gaza<\/strong>. Con su fallecimiento, <strong>asciende a 41 el n\u00famero de soldados israel\u00edes muertos desde que se reanud\u00f3 la ofensiva terrestre contra Ham\u00e1s en marzo<\/strong>.<\/p>\n<p>El oficial fue identificado como el capit\u00e1n <strong>Reei Biran, de 21 a\u00f1os<\/strong>, comandante de equipo en la unidad de reconocimiento de la Brigada Golani, oriundo del kibutz Shorashim.<\/p>\n<p>Seg\u00fan una investigaci\u00f3n preliminar del ej\u00e9rcito, el incidente ocurri\u00f3 durante una <strong>operaci\u00f3n en curso en Khan Younis<\/strong>. Las tropas estaban desplegadas en una zona con edificaciones que, de acuerdo con informaci\u00f3n de inteligencia, hab\u00edan sido utilizadas por Hamas para actividades terroristas. Los soldados colocaron explosivos en los edificios con la intenci\u00f3n de demolerlos.<\/p>\n<p>Unas dos horas despu\u00e9s de haber colocado las minas, se produjo una explosi\u00f3n. <strong>Biran fue alcanzado, posiblemente por metralla o escombros, y fue declarado muerto poco despu\u00e9s.<\/strong><\/p>\n<p>El ej\u00e9rcito indic\u00f3 que el caso sigue bajo investigaci\u00f3n.<\/p>\n<p>Desde el inicio de la ofensiva terrestre contra Ham\u00e1s en Gaza \u2014y de las operaciones militares a lo largo de la frontera con la Franja\u2014 en octubre de 2023, <strong>el n\u00famero total de muertos israel\u00edes asciende a 450<\/strong>. La cifra incluye dos agentes de polic\u00eda y tres contratistas civiles del Ministerio de Defensa.<\/p>\n<p>La campa\u00f1a comenz\u00f3 <strong>tras el sangriento ataque de Ham\u00e1s del 7 de octubre de 2023, cuando terroristas del grupo irrumpieron en territorio israel\u00ed, asesinaron a unas 1.200 personas \u2014en su mayor\u00eda civiles\u2014 y secuestraron a otras 251<\/strong>.<\/p>\n","protected":false},"excerpt":{"rendered":"<p>Un oficial de las Fuerzas de Defensa de Israel (FDI) muri\u00f3\u00a0 en un aparente accidente en el sur de la Franja de Gaza. Con su fallecimiento, asciende a 41 el n\u00famero de soldados israel\u00edes muertos desde que se reanud\u00f3 la ofensiva terrestre contra Ham\u00e1s en marzo. El oficial fue identificado como el capit\u00e1n Reei Biran, [&hellip;]<\/p>\n","protected":false},"author":2,"featured_media":10617,"comment_status":"open","ping_status":"open","sticky":false,"template":"","format":"standard","meta":{"_et_pb_use_builder":"","_et_pb_old_content":"","_et_gb_content_width":"","footnotes":""},"categories":[84],"tags":[],"class_list":["post-10616","post","type-post","status-publish","format-standard","has-post-thumbnail","hentry","category-ultimomomento"],"_links":{"self":[{"href":"https:\/\/verdadincomodadiario.ar\/index.php?rest_route=\/wp\/v2\/posts\/10616","targetHints":{"allow":["GET"]}}],"collection":[{"href":"https:\/\/verdadincomodadiario.ar\/index.php?rest_route=\/wp\/v2\/posts"}],"about":[{"href":"https:\/\/verdadincomodadiario.ar\/index.php?rest_route=\/wp\/v2\/types\/post"}],"author":[{"embeddable":true,"href":"https:\/\/verdadincomodadiario.ar\/index.php?rest_route=\/wp\/v2\/users\/2"}],"replies":[{"embeddable":true,"href":"https:\/\/verdadincomodadiario.ar\/index.php?rest_route=%2Fwp%2Fv2%2Fcomments&post=10616"}],"version-history":[{"count":0,"href":"https:\/\/verdadincomodadiario.ar\/index.php?rest_route=\/wp\/v2\/posts\/10616\/revisions"}],"wp:featuredmedia":[{"embeddable":true,"href":"https:\/\/verdadincomodadiario.ar\/index.php?rest_route=\/wp\/v2\/media\/10617"}],"wp:attachment":[{"href":"https:\/\/verdadincomodadiario.ar\/index.php?rest_route=%2Fwp%2Fv2%2Fmedia&parent=10616"}],"wp:term":[{"taxonomy":"category","embeddable":true,"href":"https:\/\/verdadincomodadiario.ar\/index.php?rest_route=%2Fwp%2Fv2%2Fcategories&post=10616"},{"taxonomy":"post_tag","embeddable":true,"href":"https:\/\/verdadincomodadiario.ar\/index.php?rest_route=%2Fwp%2Fv2%2Ftags&post=10616"}],"curies":[{"name":"wp","href":"https:\/\/api.w.org\/{rel}","templated":true}]}}