{"id":10614,"date":"2025-07-11T15:28:35","date_gmt":"2025-07-11T15:28:35","guid":{"rendered":"https:\/\/verdadincomodadiario.ar\/?p=10614"},"modified":"2025-07-11T15:28:35","modified_gmt":"2025-07-11T15:28:35","slug":"cancelan-show-de-kanye-west-en-europa-por-sus-expresiones-antisemitas","status":"publish","type":"post","link":"https:\/\/verdadincomodadiario.ar\/?p=10614","title":{"rendered":"Cancelan show de Kanye West en Europa por sus expresiones antisemitas"},"content":{"rendered":"<p>El festival de hip hop <strong>Rubicon<\/strong>, que se celebrar\u00e1 en <strong>Bratislava, Eslovaquia<\/strong>, anunci\u00f3 la <strong>cancelaci\u00f3n del espect\u00e1culo de Kanye West<\/strong>\u00a0 previsto para el 20 de julio.<\/p>\n<p>La decisi\u00f3n llega tras una fuerte ola de rechazo p\u00fablico provocada por el lanzamiento de una canci\u00f3n en la que <strong>el rapero estadounidense glorifica al l\u00edder nazi Adolf Hitler<\/strong>. El concierto en Bratislava era hasta ahora la \u00fanica actuaci\u00f3n en vivo confirmada de West en Europa para este a\u00f1o.<\/p>\n<p>West, quien legalmente cambi\u00f3 su nombre a &#8220;Ye&#8221;, desat\u00f3 una nueva pol\u00e9mica el 8 de mayo con <strong>la publicaci\u00f3n de su tema &#8220;Heil Hitler&#8221;<\/strong>, coincidiendo con el 80.\u00ba aniversario de la derrota de la Alemania nazi en la Segunda Guerra Mundial.\u00a0<\/p>\n<p>La inclusi\u00f3n de West en el cartel del festival gener\u00f3 una r\u00e1pida reacci\u00f3n: miles de personas firmaron peticiones exigiendo su exclusi\u00f3n. Dos organizaciones impulsoras de las protestas se\u00f1alaron que el artista, ganador de varios premios Grammy, <strong>\u201cadhiere de forma reiterada y abierta a s\u00edmbolos e ideolog\u00edas asociadas con uno de los per\u00edodos m\u00e1s oscuros de la historia moderna\u201d.<\/strong><\/p>\n<p>En un comunicado publicado en Instagram, los organizadores del Rubicon confirmaron la cancelaci\u00f3n del show, alegando \u201cpresi\u00f3n medi\u00e1tica y <strong>el retiro de varios artistas y patrocinadores<\/strong>\u201d.<\/p>\n<div class=\"inter_image image_horizontal\">\n<picture><source class=\"img-responsive\" type=\"image\/webp\" data-srcset=\"https:\/\/filesedc.com\/uploads\/image\/post\/2025\/07\/kanyewest2_300_200.webp 300w, https:\/\/filesedc.com\/uploads\/image\/post\/2025\/07\/kanyewest2_630_420.webp 630w, https:\/\/filesedc.com\/uploads\/image\/post\/2025\/07\/kanyewest2_760_507.webp 760w, https:\/\/filesedc.com\/uploads\/image\/post\/2025\/07\/kanyewest2_1200_800.webp 1200w, https:\/\/filesedc.com\/uploads\/image\/post\/2025\/07\/kanyewest2_1600_1067.webp 1600w, \"><img decoding=\"async\" src=\"https:\/\/derechadiario.com.ar\/filesedc\/uploads\/image\/post\/2025\/07\/kanyewest2_1200_800.webp\" class=\"img-responsive lazyload\" alt=\"Hombre con gafas de sol y chaqueta blanca caminando junto a un guardia de seguridad mientras un periodista lo fotograf\u00eda y toma notas en la calle frente a un edificio y \u00e1rboles\" title=\"Hombre con gafas de sol y chaqueta blanca caminando junto a un guardia de seguridad mientras un periodista lo fotograf\u00eda y toma notas en la calle frente a un edificio y \u00e1rboles\"><\/picture>\n<div>\n<span class=\"img_footer\">Nuevo rev\u00e9s para el rapero Kanye West <\/span>| <span class=\"img_author\">La Derecha Diario<\/span>\n<\/div>\n<\/div>\n<p>El Rubicon, que se presenta como \u00a0<strong>el principal festival de hip hop de Europa Central<\/strong>, estaba programado del 18 al 20 de julio. Junto a West, tambi\u00e9n figuraban en el cartel los raperos estadounidenses Offset y Sheck Wes.<\/p>\n<p>Esta no es la primera consecuencia reciente para West: la semana pasada, <strong>Australia cancel\u00f3 su visa debido a sus declaraciones antisemitas<\/strong>.<\/p>\n<p>El historial del rapero con el antisemitismo es extenso. En 2022, public\u00f3 en la red social X (antes Twitter) que iba a lanzar un ataque \u201cdeath con 3\u201d contra los jud\u00edos, en un mensaje que gener\u00f3 fuerte indignaci\u00f3n. M\u00e1s tarde, intent\u00f3 justificarse afirmando que no pod\u00eda ser antisemita \u201cporque los negros en realidad son jud\u00edos\u201d.<\/p>\n<p>Sus comentarios llevaron a m\u00faltiples empresas a cortar relaciones con \u00e9l, entre ellas Adidas, la agencia CAA, Foot Locker y Apple Music<\/p>\n","protected":false},"excerpt":{"rendered":"<p>El festival de hip hop Rubicon, que se celebrar\u00e1 en Bratislava, Eslovaquia, anunci\u00f3 la cancelaci\u00f3n del espect\u00e1culo de Kanye West\u00a0 previsto para el 20 de julio. La decisi\u00f3n llega tras una fuerte ola de rechazo p\u00fablico provocada por el lanzamiento de una canci\u00f3n en la que el rapero estadounidense glorifica al l\u00edder nazi Adolf Hitler. [&hellip;]<\/p>\n","protected":false},"author":2,"featured_media":10615,"comment_status":"open","ping_status":"open","sticky":false,"template":"","format":"standard","meta":{"_et_pb_use_builder":"","_et_pb_old_content":"","_et_gb_content_width":"","footnotes":""},"categories":[84],"tags":[],"class_list":["post-10614","post","type-post","status-publish","format-standard","has-post-thumbnail","hentry","category-ultimomomento"],"_links":{"self":[{"href":"https:\/\/verdadincomodadiario.ar\/index.php?rest_route=\/wp\/v2\/posts\/10614","targetHints":{"allow":["GET"]}}],"collection":[{"href":"https:\/\/verdadincomodadiario.ar\/index.php?rest_route=\/wp\/v2\/posts"}],"about":[{"href":"https:\/\/verdadincomodadiario.ar\/index.php?rest_route=\/wp\/v2\/types\/post"}],"author":[{"embeddable":true,"href":"https:\/\/verdadincomodadiario.ar\/index.php?rest_route=\/wp\/v2\/users\/2"}],"replies":[{"embeddable":true,"href":"https:\/\/verdadincomodadiario.ar\/index.php?rest_route=%2Fwp%2Fv2%2Fcomments&post=10614"}],"version-history":[{"count":0,"href":"https:\/\/verdadincomodadiario.ar\/index.php?rest_route=\/wp\/v2\/posts\/10614\/revisions"}],"wp:featuredmedia":[{"embeddable":true,"href":"https:\/\/verdadincomodadiario.ar\/index.php?rest_route=\/wp\/v2\/media\/10615"}],"wp:attachment":[{"href":"https:\/\/verdadincomodadiario.ar\/index.php?rest_route=%2Fwp%2Fv2%2Fmedia&parent=10614"}],"wp:term":[{"taxonomy":"category","embeddable":true,"href":"https:\/\/verdadincomodadiario.ar\/index.php?rest_route=%2Fwp%2Fv2%2Fcategories&post=10614"},{"taxonomy":"post_tag","embeddable":true,"href":"https:\/\/verdadincomodadiario.ar\/index.php?rest_route=%2Fwp%2Fv2%2Ftags&post=10614"}],"curies":[{"name":"wp","href":"https:\/\/api.w.org\/{rel}","templated":true}]}}