{"id":10576,"date":"2025-07-10T22:26:07","date_gmt":"2025-07-10T22:26:07","guid":{"rendered":"https:\/\/verdadincomodadiario.ar\/?p=10576"},"modified":"2025-07-10T22:26:07","modified_gmt":"2025-07-10T22:26:07","slug":"descubren-una-fosa-comun-con-cadaveres-en-el-barrio-campo-de-la-ribera-cordoba","status":"publish","type":"post","link":"https:\/\/verdadincomodadiario.ar\/?p=10576","title":{"rendered":"Descubren una fosa com\u00fan con cad\u00e1veres en el barrio Campo de la Ribera, C\u00f3rdoba"},"content":{"rendered":"<p>Una excavaci\u00f3n en un terreno bald\u00edo del barrio Campo de la Ribera, al sudeste de <a href=\"https:\/\/derechadiario.com.ar\/sociedad\/cordoba-operativo-contra-banda-narco-dejo-ocho-detenidos-y-arsenal-incautado\" title=\"C\u00f3rdoba: operativo contra una banda narco dej\u00f3 ocho detenidos y un arsenal incautado\">C\u00f3rdoba<\/a> capital, sac\u00f3 a la luz un hallazgo estremecedor. Se trata de una fosa com\u00fan con al menos <strong>veinte cad\u00e1veres humanos<\/strong>, seg\u00fan confirmaron fuentes oficiales. El descubrimiento tuvo lugar a escasos metros del ex centro clandestino de detenci\u00f3n que funcion\u00f3 all\u00ed durante la \u00faltima dictadura militar.<\/p>\n<p>El hallazgo fue comunicado de inmediato a las autoridades provinciales y judiciales, que activaron el protocolo correspondiente. Al lugar acudieron equipos forenses especializados, que comenzaron los trabajos de an\u00e1lisis y recolecci\u00f3n de evidencias. <strong>Las primeras pericias indican que los restos tendr\u00edan m\u00e1s de un siglo de antig\u00fcedad.<\/strong><\/p>\n<p>\u201cSeg\u00fan informaci\u00f3n preliminar, los restos no estar\u00edan vinculados al terrorismo de Estado, sino que corresponder\u00edan a v\u00edctimas de una epidemia de c\u00f3lera que azot\u00f3 al pa\u00eds hacia fines del siglo XIX, especialmente en el a\u00f1o 1880\u201d, indicaron fuentes con acceso a la investigaci\u00f3n.<\/p>\n<div class=\"inter_image image_horizontal\">\n<picture><source class=\"img-responsive\" type=\"image\/webp\" data-srcset=\"https:\/\/filesedc.com\/uploads\/image\/post\/2025\/07\/captura-de-pantalla-2025-07-10-173254_300_200.webp 300w, https:\/\/filesedc.com\/uploads\/image\/post\/2025\/07\/captura-de-pantalla-2025-07-10-173254_630_420.webp 630w, https:\/\/filesedc.com\/uploads\/image\/post\/2025\/07\/captura-de-pantalla-2025-07-10-173254_760_507.webp 760w, https:\/\/filesedc.com\/uploads\/image\/post\/2025\/07\/captura-de-pantalla-2025-07-10-173254_1200_800.webp 1200w, https:\/\/filesedc.com\/uploads\/image\/post\/2025\/07\/captura-de-pantalla-2025-07-10-173254_1600_1067.webp 1600w, \"><img decoding=\"async\" src=\"https:\/\/derechadiario.com.ar\/filesedc\/uploads\/image\/post\/2025\/07\/captura-de-pantalla-2025-07-10-173254_1200_800.webp\" class=\"img-responsive lazyload\" alt=\"Edificio antiguo y deteriorado con paredes blancas, ventanas enrejadas y \u00e1rboles sin hojas en un patio de c\u00e9sped seco\" title=\"Edificio antiguo y deteriorado con paredes blancas, ventanas enrejadas y \u00e1rboles sin hojas en un patio de c\u00e9sped seco\"><\/picture>\n<div>\n<span class=\"img_footer\">Campo de la Ribera, centro clandestino que funcion\u00f3 entre 1975 y 1978 <\/span>| <span class=\"img_author\">La Derecha Diario<\/span>\n<\/div>\n<\/div>\n<h2>Los restos podr\u00edan\u00a0corresponder a una epidemia del siglo XIX<\/h2>\n<p>El hallazgo se produjo durante una <strong>excavaci\u00f3n en un terreno bald\u00edo del barrio Campo de la Ribera.<\/strong> El predio est\u00e1 ubicado a pocos metros del antiguo centro clandestino que funcion\u00f3 entre 1975 y 1978, aunque <strong>podr\u00edan no tener relaci\u00f3n con la dictadura<\/strong>. La aparici\u00f3n gener\u00f3 sorpresa entre los vecinos de la zona sudeste de <a href=\"https:\/\/derechadiario.com.ar\/sociedad\/cordoba-vecinos-filmaron-jorge-grasso-espiando-por-varias-cerraduras\" title=\"C\u00f3rdoba: vecinos filmaron a Jorge\u202fGrasso espiando por varias cerraduras\">C\u00f3rdoba<\/a>.<\/p>\n<aside class=\"are-you-interested-container-photo\"><\/aside>\n<p>Los trabajos quedaron a cargo de un equipo forense especializado, que comenz\u00f3 las tareas de relevamiento y an\u00e1lisis de los restos. Seg\u00fan las primeras pericias, los cad\u00e1veres datar\u00edan de fines del siglo XIX. <strong>Todo indica que se tratar\u00eda de v\u00edctimas de una epidemia de c\u00f3lera registrada en el a\u00f1o 1880.<\/strong><\/p>\n<aside class=\"whatsappChannelText\"><a href=\"https:\/\/whatsapp.com\/channel\/0029VagEjILGE56eKjedWF2U\" rel=\"nofollow\" title=\"WhatsApp Link\"><img alt=\"Logo de WhatsApp\" class=\"lazyload\" data-src=\"https:\/\/derechadiario.com.ar\/filesedc\/uploads\/other\/whatsapp_icon_mid_article.png\" width=\"32\" height=\"32\"><\/a> <a href=\"https:\/\/whatsapp.com\/channel\/0029VagEjILGE56eKjedWF2U\" rel=\"nofollow\" title=\"WhatsApp Link\"><strong>NO SE PIERDAN NINGUNA NOTICIA<\/strong>: Click aqu\u00ed para sumarte <strong>GRATIS<\/strong> al canal de noticias de <strong>La Derecha Diario en WhatsApp.<\/strong><\/a><\/aside>\n<p><strong>La zona ya hab\u00eda arrojado hallazgos similares en el pasado<\/strong>, durante obras de urbanizaci\u00f3n en las d\u00e9cadas recientes. En aquella ocasi\u00f3n tambi\u00e9n se trat\u00f3 de restos afectados por la misma enfermedad. El nuevo descubrimiento confirma la antig\u00fcedad del uso funerario de ese sector.<\/p>\n","protected":false},"excerpt":{"rendered":"<p>Una excavaci\u00f3n en un terreno bald\u00edo del barrio Campo de la Ribera, al sudeste de C\u00f3rdoba capital, sac\u00f3 a la luz un hallazgo estremecedor. Se trata de una fosa com\u00fan con al menos veinte cad\u00e1veres humanos, seg\u00fan confirmaron fuentes oficiales. El descubrimiento tuvo lugar a escasos metros del ex centro clandestino de detenci\u00f3n que funcion\u00f3 [&hellip;]<\/p>\n","protected":false},"author":2,"featured_media":10577,"comment_status":"open","ping_status":"open","sticky":false,"template":"","format":"standard","meta":{"_et_pb_use_builder":"","_et_pb_old_content":"","_et_gb_content_width":"","footnotes":""},"categories":[84],"tags":[],"class_list":["post-10576","post","type-post","status-publish","format-standard","has-post-thumbnail","hentry","category-ultimomomento"],"_links":{"self":[{"href":"https:\/\/verdadincomodadiario.ar\/index.php?rest_route=\/wp\/v2\/posts\/10576","targetHints":{"allow":["GET"]}}],"collection":[{"href":"https:\/\/verdadincomodadiario.ar\/index.php?rest_route=\/wp\/v2\/posts"}],"about":[{"href":"https:\/\/verdadincomodadiario.ar\/index.php?rest_route=\/wp\/v2\/types\/post"}],"author":[{"embeddable":true,"href":"https:\/\/verdadincomodadiario.ar\/index.php?rest_route=\/wp\/v2\/users\/2"}],"replies":[{"embeddable":true,"href":"https:\/\/verdadincomodadiario.ar\/index.php?rest_route=%2Fwp%2Fv2%2Fcomments&post=10576"}],"version-history":[{"count":0,"href":"https:\/\/verdadincomodadiario.ar\/index.php?rest_route=\/wp\/v2\/posts\/10576\/revisions"}],"wp:featuredmedia":[{"embeddable":true,"href":"https:\/\/verdadincomodadiario.ar\/index.php?rest_route=\/wp\/v2\/media\/10577"}],"wp:attachment":[{"href":"https:\/\/verdadincomodadiario.ar\/index.php?rest_route=%2Fwp%2Fv2%2Fmedia&parent=10576"}],"wp:term":[{"taxonomy":"category","embeddable":true,"href":"https:\/\/verdadincomodadiario.ar\/index.php?rest_route=%2Fwp%2Fv2%2Fcategories&post=10576"},{"taxonomy":"post_tag","embeddable":true,"href":"https:\/\/verdadincomodadiario.ar\/index.php?rest_route=%2Fwp%2Fv2%2Ftags&post=10576"}],"curies":[{"name":"wp","href":"https:\/\/api.w.org\/{rel}","templated":true}]}}