{"id":10574,"date":"2025-07-10T22:26:08","date_gmt":"2025-07-10T22:26:08","guid":{"rendered":"https:\/\/verdadincomodadiario.ar\/?p=10574"},"modified":"2025-07-10T22:26:08","modified_gmt":"2025-07-10T22:26:08","slug":"mirtha-legrand-vuelve-con-una-mesa-de-alto-voltaje-politico-y-emocional","status":"publish","type":"post","link":"https:\/\/verdadincomodadiario.ar\/?p=10574","title":{"rendered":"Mirtha Legrand vuelve con una mesa de alto voltaje pol\u00edtico y emocional"},"content":{"rendered":"<p><strong>Este s\u00e1bado 11 de julio a las 21:30,<\/strong> <a href=\"https:\/\/derechadiario.com.ar\/sociedad\/mirtha-legrand-desmintio-los-rumores-retiro-no-se-donde-salio-informacion\" title=\"Mirtha Legrand habl\u00f3 sobre los rumores de su inminente retiro\"><strong>Mirtha Legrand<\/strong>\u00a0 <\/a>vuelve a la pantalla de El Trece con una mesa que promete titulares. Con invitados que representan la actualidad, el espect\u00e1culo y la moda, la diva se prepara para una noche que tendr\u00e1 de todo.<\/p>\n<p>Uno de los nombres que genera mayor expectativa es el del economista <strong>Miguel Boggiano,<\/strong> asesor cercano al presidente Javier Milei y figura clave dentro del c\u00edrculo liberal que respalda el rumbo econ\u00f3mico del Gobierno. Su presencia en la mesaza no es menor: se espera que hable sobre el futuro del d\u00f3lar, la inflaci\u00f3n, y qu\u00e9 puede pasar en los pr\u00f3ximos meses con la econom\u00eda argentina.<\/p>\n<div class=\"inter_image image_vertical\">\n<picture><source class=\"img-responsive\" type=\"image\/webp\" data-srcset=\"https:\/\/filesedc.com\/uploads\/image\/post\/2025\/07\/segundo-de-todo-17-1752177098937_300_400.webp 300w, https:\/\/filesedc.com\/uploads\/image\/post\/2025\/07\/segundo-de-todo-17-1752177098937_630_840.webp 630w, https:\/\/filesedc.com\/uploads\/image\/post\/2025\/07\/segundo-de-todo-17-1752177098937_760_1013.webp 760w, https:\/\/filesedc.com\/uploads\/image\/post\/2025\/07\/segundo-de-todo-17-1752177098937_1200_1600.webp 1200w, https:\/\/filesedc.com\/uploads\/image\/post\/2025\/07\/segundo-de-todo-17-1752177098937_1600_2133.webp 1600w, \"><img decoding=\"async\" src=\"https:\/\/derechadiario.com.ar\/filesedc\/uploads\/image\/post\/2025\/07\/segundo-de-todo-17-1752177098937_1200_1600.webp\" class=\"img-responsive lazyload\" alt=\"Cinco personas posan frente al logo dorado de La Noche de Mirtha, con los nombres Miguel Boggiano, Cecilia Boufflet, Marcelo Polino, Mar\u00eda Fernanda Callej\u00f3n y Benito Fern\u00e1ndez, junto al horario s\u00e1bado 21:30 hs y el logo de eltrece.\" title=\"Cinco personas posan frente al logo dorado de La Noche de Mirtha, con los nombres Miguel Boggiano, Cecilia Boufflet, Marcelo Polino, Mar\u00eda Fernanda Callej\u00f3n y Benito Fern\u00e1ndez, junto al horario s\u00e1bado 21:30 hs y el logo de eltrece.\"><\/picture>\n<div>\n<span class=\"img_footer\">Los invitados para este s\u00e1bado 11 de julio a la mesa de Mirtha Legrand. <\/span>| <span class=\"img_author\">Redacci\u00f3n<\/span>\n<\/div>\n<\/div>\n<h2><strong>Pol\u00edtica, corazones rotos y glamour total: la receta de Mirtha<\/strong><\/h2>\n<p>En el plano period\u00edstico, la periodista <strong>Cecilia Boufflet<\/strong> aportar\u00e1 an\u00e1lisis sobre la coyuntura, en una mesa que promete debate y visiones cruzadas.<\/p>\n<p>Del lado del espect\u00e1culo, el plato fuerte ser\u00e1 \u00a0<strong><a href=\"https:\/\/derechadiario.com.ar\/sociedad\/marcelo-polino-conto-detalles-sobre-su-estrecha-relacion-con-gobierno-milei\" title=\"Marcelo Polino cont\u00f3 detalles sobre su estrecha relaci\u00f3n con el Gobierno de Milei\">Marcelo Polino<\/a><\/strong><a href=\"https:\/\/derechadiario.com.ar\/sociedad\/marcelo-polino-conto-detalles-sobre-su-estrecha-relacion-con-gobierno-milei\" title=\"Marcelo Polino cont\u00f3 detalles sobre su estrecha relaci\u00f3n con el Gobierno de Milei\">,<\/a> que se espera traiga sobre la mesa el tema del momento: la separaci\u00f3n de <a href=\"https:\/\/derechadiario.com.ar\/sociedad\/asi-fue-historia-amor-nico-vazquez-y-gime-accardi\" title=\"As\u00ed fue la historia de amor de Nicol\u00e1s V\u00e1zquez y Gimena Accardi\"><strong>Nicol\u00e1s V\u00e1zquez y Gimena Accardi<\/strong>,<\/a> una de las parejas m\u00e1s queridas del ambiente, que se distanci\u00f3 tras 18 a\u00f1os. A su lado, <strong>Mar\u00eda Fernanda Callej\u00f3n<\/strong> aportar\u00e1 su\u00a0mirada personal en un a\u00f1o de muchos desaf\u00edos y cambios para ella.<\/p>\n<aside class=\"are-you-interested-container-photo\"><\/aside>\n<p>El broche de oro lo dar\u00e1 <strong>Benito Fern\u00e1ndez,<\/strong> con su impronta <em>glam<\/em> y colorida, que llega a iluminar la mesa con estilo y an\u00e9cdotas del mundo de la moda.<\/p>\n<aside class=\"whatsappChannelText\"><a href=\"https:\/\/whatsapp.com\/channel\/0029VagEjILGE56eKjedWF2U\" rel=\"nofollow\" title=\"WhatsApp Link\"><img alt=\"Logo de WhatsApp\" class=\"lazyload\" data-src=\"https:\/\/derechadiario.com.ar\/filesedc\/uploads\/other\/whatsapp_icon_mid_article.png\" width=\"32\" height=\"32\"><\/a> <a href=\"https:\/\/whatsapp.com\/channel\/0029VagEjILGE56eKjedWF2U\" rel=\"nofollow\" title=\"WhatsApp Link\"><strong>NO SE PIERDAN NINGUNA NOTICIA<\/strong>: Click aqu\u00ed para sumarte <strong>GRATIS<\/strong> al canal de noticias de <strong>La Derecha Diario en WhatsApp.<\/strong><\/a><\/aside>\n<p>La #Mesaza de Mirtha reunir\u00e1 actualidad pol\u00edtica, esc\u00e1ndalos del coraz\u00f3n y el toque fashion que nunca falta. Una cita imperdible para quienes siguen de cerca el pulso de la Argentina, tanto en la calle como en la pasarela.<\/p>\n","protected":false},"excerpt":{"rendered":"<p>Este s\u00e1bado 11 de julio a las 21:30, Mirtha Legrand\u00a0 vuelve a la pantalla de El Trece con una mesa que promete titulares. Con invitados que representan la actualidad, el espect\u00e1culo y la moda, la diva se prepara para una noche que tendr\u00e1 de todo. Uno de los nombres que genera mayor expectativa es el [&hellip;]<\/p>\n","protected":false},"author":2,"featured_media":10575,"comment_status":"open","ping_status":"open","sticky":false,"template":"","format":"standard","meta":{"_et_pb_use_builder":"","_et_pb_old_content":"","_et_gb_content_width":"","footnotes":""},"categories":[84],"tags":[],"class_list":["post-10574","post","type-post","status-publish","format-standard","has-post-thumbnail","hentry","category-ultimomomento"],"_links":{"self":[{"href":"https:\/\/verdadincomodadiario.ar\/index.php?rest_route=\/wp\/v2\/posts\/10574","targetHints":{"allow":["GET"]}}],"collection":[{"href":"https:\/\/verdadincomodadiario.ar\/index.php?rest_route=\/wp\/v2\/posts"}],"about":[{"href":"https:\/\/verdadincomodadiario.ar\/index.php?rest_route=\/wp\/v2\/types\/post"}],"author":[{"embeddable":true,"href":"https:\/\/verdadincomodadiario.ar\/index.php?rest_route=\/wp\/v2\/users\/2"}],"replies":[{"embeddable":true,"href":"https:\/\/verdadincomodadiario.ar\/index.php?rest_route=%2Fwp%2Fv2%2Fcomments&post=10574"}],"version-history":[{"count":0,"href":"https:\/\/verdadincomodadiario.ar\/index.php?rest_route=\/wp\/v2\/posts\/10574\/revisions"}],"wp:featuredmedia":[{"embeddable":true,"href":"https:\/\/verdadincomodadiario.ar\/index.php?rest_route=\/wp\/v2\/media\/10575"}],"wp:attachment":[{"href":"https:\/\/verdadincomodadiario.ar\/index.php?rest_route=%2Fwp%2Fv2%2Fmedia&parent=10574"}],"wp:term":[{"taxonomy":"category","embeddable":true,"href":"https:\/\/verdadincomodadiario.ar\/index.php?rest_route=%2Fwp%2Fv2%2Fcategories&post=10574"},{"taxonomy":"post_tag","embeddable":true,"href":"https:\/\/verdadincomodadiario.ar\/index.php?rest_route=%2Fwp%2Fv2%2Ftags&post=10574"}],"curies":[{"name":"wp","href":"https:\/\/api.w.org\/{rel}","templated":true}]}}