{"id":10546,"date":"2025-07-10T21:26:25","date_gmt":"2025-07-10T21:26:25","guid":{"rendered":"https:\/\/verdadincomodadiario.ar\/?p=10546"},"modified":"2025-07-10T21:26:25","modified_gmt":"2025-07-10T21:26:25","slug":"allanan-a-la-barra-brava-de-all-boys-por-la-violencia-antisemita-contra-atlanta","status":"publish","type":"post","link":"https:\/\/verdadincomodadiario.ar\/?p=10546","title":{"rendered":"Allanan a la barra brava de All Boys por la violencia antisemita contra Atlanta"},"content":{"rendered":"<p>La Polic\u00eda de la Ciudad secuestr\u00f3 en distintos allanamientos <strong>una bandera de Palestina<\/strong>, una m\u00e1scara y ropas usadas durante el <strong>acto antisemita que barras bravas de All Boys<\/strong>\u00a0 realizaron a fines del mes pasado, horas antes de un partido frente a Atlanta.<\/p>\n<p>Adem\u00e1s,\u00a0el Ministerio de Seguridad porte\u00f1o <strong>sum\u00f3 otro barra a los 16<\/strong>\u00a0 que ya estaban <strong>inhabilitados para entrar a las canchas durante los pr\u00f3ximos cuatro a\u00f1os<\/strong>.<\/p>\n<p>Los operativos se realizaron como respuesta <strong>a los actos violentos que la barra brava de All Boys realiz\u00f3 el pasado 29 de junio<\/strong>, antes de disputar la fecha 20 de la Segunda Divisi\u00f3n del f\u00fatbol argentino.<\/p>\n<div class=\"inter_image image_vertical\">\n<picture><source class=\"img-responsive\" type=\"image\/webp\" data-srcset=\"https:\/\/filesedc.com\/uploads\/image\/post\/2025\/07\/allboys2_300_400.webp 300w, https:\/\/filesedc.com\/uploads\/image\/post\/2025\/07\/allboys2_630_840.webp 630w, https:\/\/filesedc.com\/uploads\/image\/post\/2025\/07\/allboys2_760_1013.webp 760w, https:\/\/filesedc.com\/uploads\/image\/post\/2025\/07\/allboys2_1200_1600.webp 1200w, https:\/\/filesedc.com\/uploads\/image\/post\/2025\/07\/allboys2_1600_2133.webp 1600w, \"><img decoding=\"async\" src=\"https:\/\/derechadiario.com.ar\/filesedc\/uploads\/image\/post\/2025\/07\/allboys2_1200_1600.webp\" class=\"img-responsive lazyload\" alt=\"Pancarta con mensaje pol\u00edtico fuerte colgada en una pared gris, un hombre mayor camina apoyado en un bast\u00f3n y lleva una bolsa, mientras un auto plateado est\u00e1 estacionado en la calle\" title=\"Pancarta con mensaje pol\u00edtico fuerte colgada en una pared gris, un hombre mayor camina apoyado en un bast\u00f3n y lleva una bolsa, mientras un auto plateado est\u00e1 estacionado en la calle\"><\/picture>\n<div>\n<span class=\"img_footer\">El pasacalle antisemita colgado por los hinchas de All Boys <\/span>| <span class=\"img_author\">La Derecha Diario<\/span>\n<\/div>\n<\/div>\n<p>Ese d\u00eda, los inadaptados colgaron un pasacalle con la leyenda <strong>\u201cMuerte al Estado Genocida de Israel\u201d<\/strong>\u00a0 a metros de la cancha. Adem\u00e1s,\u00a0un grupo de barras llev\u00f3 <strong>un ata\u00fad hecho de cart\u00f3n con la bandera de Israel<\/strong>, y tambi\u00e9n con los colores de Atlanta, un club muy ligado con la comunidad jud\u00eda en la Argentina.<\/p>\n<p>A partir de la solicitud de la Fiscal\u00eda Especializada en la Lucha contra la Discriminaci\u00f3n del Ministerio P\u00fablico Fiscal de la Ciudad, a cargo de Andrea Scanga, el Juzgado en lo Penal, Contravencional y de Faltas 20, Secretar\u00eda de Mar\u00eda Cecilia Mart\u00ednez, orden\u00f3 una serie de allanamientos, uno de ellos en un departamento ubicado a media cuadra de estadio de All Boys, sobre la avenida \u00c1lvarez Jonte al 4200, y en Santo Tom\u00e9 al 5000, a unas quince cuadras de la cancha.<\/p>\n<p><strong>Pero esa no fue la primera vez que se registran incidentes de este tipo en partidos entre All Boys y Atlanta<\/strong>. El pasado 7 de junio de 2024, el\u00a0Ministerio de Seguridad de la Ciudad de Buenos Aires\u00a0aplic\u00f3 el derecho de admisi\u00f3n a cinco hinchas de All Boys por haber cometido actos antisemitas durante el enfrentamiento entre ambos equipos por la fecha 19 de la Primera Nacional.<\/p>\n","protected":false},"excerpt":{"rendered":"<p>La Polic\u00eda de la Ciudad secuestr\u00f3 en distintos allanamientos una bandera de Palestina, una m\u00e1scara y ropas usadas durante el acto antisemita que barras bravas de All Boys\u00a0 realizaron a fines del mes pasado, horas antes de un partido frente a Atlanta. Adem\u00e1s,\u00a0el Ministerio de Seguridad porte\u00f1o sum\u00f3 otro barra a los 16\u00a0 que ya [&hellip;]<\/p>\n","protected":false},"author":2,"featured_media":10547,"comment_status":"open","ping_status":"open","sticky":false,"template":"","format":"standard","meta":{"_et_pb_use_builder":"","_et_pb_old_content":"","_et_gb_content_width":"","footnotes":""},"categories":[84],"tags":[],"class_list":["post-10546","post","type-post","status-publish","format-standard","has-post-thumbnail","hentry","category-ultimomomento"],"_links":{"self":[{"href":"https:\/\/verdadincomodadiario.ar\/index.php?rest_route=\/wp\/v2\/posts\/10546","targetHints":{"allow":["GET"]}}],"collection":[{"href":"https:\/\/verdadincomodadiario.ar\/index.php?rest_route=\/wp\/v2\/posts"}],"about":[{"href":"https:\/\/verdadincomodadiario.ar\/index.php?rest_route=\/wp\/v2\/types\/post"}],"author":[{"embeddable":true,"href":"https:\/\/verdadincomodadiario.ar\/index.php?rest_route=\/wp\/v2\/users\/2"}],"replies":[{"embeddable":true,"href":"https:\/\/verdadincomodadiario.ar\/index.php?rest_route=%2Fwp%2Fv2%2Fcomments&post=10546"}],"version-history":[{"count":0,"href":"https:\/\/verdadincomodadiario.ar\/index.php?rest_route=\/wp\/v2\/posts\/10546\/revisions"}],"wp:featuredmedia":[{"embeddable":true,"href":"https:\/\/verdadincomodadiario.ar\/index.php?rest_route=\/wp\/v2\/media\/10547"}],"wp:attachment":[{"href":"https:\/\/verdadincomodadiario.ar\/index.php?rest_route=%2Fwp%2Fv2%2Fmedia&parent=10546"}],"wp:term":[{"taxonomy":"category","embeddable":true,"href":"https:\/\/verdadincomodadiario.ar\/index.php?rest_route=%2Fwp%2Fv2%2Fcategories&post=10546"},{"taxonomy":"post_tag","embeddable":true,"href":"https:\/\/verdadincomodadiario.ar\/index.php?rest_route=%2Fwp%2Fv2%2Ftags&post=10546"}],"curies":[{"name":"wp","href":"https:\/\/api.w.org\/{rel}","templated":true}]}}