{"id":10544,"date":"2025-07-10T20:25:26","date_gmt":"2025-07-10T20:25:26","guid":{"rendered":"https:\/\/verdadincomodadiario.ar\/?p=10544"},"modified":"2025-07-10T20:25:26","modified_gmt":"2025-07-10T20:25:26","slug":"inseguridad-en-cordoba-un-naranjita-delincuente-roba-en-los-locales-de-pleno-centro","status":"publish","type":"post","link":"https:\/\/verdadincomodadiario.ar\/?p=10544","title":{"rendered":"Inseguridad en C\u00f3rdoba: un naranjita delincuente roba en los locales de pleno centro"},"content":{"rendered":"<p>Una comerciante fue v\u00edctima de un <strong>robo en su local ubicado en Bv\u00a0San Juan al 300<\/strong>, a metros de La Ca\u00f1ada. El ladr\u00f3n forz\u00f3 la puerta durante 15 minutos. <strong>Vest\u00eda un chaleco de <a href=\"https:\/\/derechadiario.com.ar\/sociedad\/buenas-noticias-cordoba-detuvieron-tres-naranjitas-delincuentes-por-amenazas\" title=\"Buenas noticias: detuvieron a tres naranjitas delincuentes por amenazas en C\u00f3rdoba\">naranjita<\/a><\/strong> y qued\u00f3 registrado por las c\u00e1maras de seguridad.<\/p>\n<p>El hecho ocurri\u00f3 el pasado 11 de junio durante la madrugada, sin que nadie interviniera. <strong>El delincuente actu\u00f3 con total tranquilidad y escap\u00f3 sin dejar rastros.<\/strong> Se llev\u00f3 30 mil pesos en efectivo y el celular del comercio.<\/p>\n<p>Las im\u00e1genes muestran al mismo sujeto que <strong>ya hab\u00eda sido filmado robando<\/strong> en una verduler\u00eda de Nueva C\u00f3rdoba. En ambos casos, <strong>el modo de operar fue id\u00e9ntico.<\/strong> La diferencia es que esta vez no dej\u00f3 el chaleco dentro del local.<\/p>\n<div class=\"text-center\">\n<h3 class=\"dailyMotionTitle\">Inseguridad en C\u00f3rdoba: un naranjita delincuente roba en los locales de pleno centro<\/h3>\n<aside>\n<figure class=\"op-interactive\"><\/figure>\n<\/aside>\n<\/div>\n<aside class=\"are-you-interested-container-photo\"><\/aside>\n<h2>El naranjita oper\u00f3 con tiempo y sin obst\u00e1culos<\/h2>\n<p>La due\u00f1a del comercio afectado tambi\u00e9n denunci\u00f3 una transferencia no autorizada. A las 6 de la ma\u00f1ana, <strong>desde el celular robado se giraron 100 mil pesos.<\/strong> Todo indica que el ladr\u00f3n logr\u00f3 desbloquear el equipo protegido con PIN.<\/p>\n<p>La comerciante calific\u00f3 al delincuente como \u201cun profesional para abrir puertas\u201d. Expres\u00f3 su impotencia al verlo en las c\u00e1maras y reconocerlo por el chaleco. \u201cSe hace pasar por naranjita, pero <strong>es un experto en robar<\/strong>\u201d, afirm\u00f3.<\/p>\n<p>Este nuevo caso refuerza la sospecha sobre los cuidacoches que merodean el centro de C\u00f3rdoba. Comerciantes denuncian la falta de controles y presencia policial. <strong>Muchos aseguran que conocen a los sospechosos<\/strong>, que frecuentan la zona.<\/p>\n<div class=\"text-center\">\n<h3 class=\"dailyMotionTitle\">Naranjita robando en verduler\u00eda de Nueva C\u00f3rdoba<\/h3>\n<aside>\n<figure class=\"op-interactive\"><\/figure>\n<\/aside>\n<\/div>\n<h2>Inseguridad urbana sin respuesta efectiva<\/h2>\n<p>El robo se suma al ocurrido en la calle Paran\u00e1 al 600, tambi\u00e9n en plena ciudad. All\u00ed, <strong>otro comerciante tambi\u00e9n se\u00f1al\u00f3 a cuidacoches como posibles responsables.<\/strong> Ambos robos fueron de madrugada, con herramientas y sin ning\u00fan impedimento.<\/p>\n<aside class=\"whatsappChannelText\"><a href=\"https:\/\/whatsapp.com\/channel\/0029VagEjILGE56eKjedWF2U\" rel=\"nofollow\" title=\"WhatsApp Link\"><img alt=\"Logo de WhatsApp\" class=\"lazyload\" data-src=\"https:\/\/derechadiario.com.ar\/filesedc\/uploads\/other\/whatsapp_icon_mid_article.png\" width=\"32\" height=\"32\"><\/a> <a href=\"https:\/\/whatsapp.com\/channel\/0029VagEjILGE56eKjedWF2U\" rel=\"nofollow\" title=\"WhatsApp Link\"><strong>NO SE PIERDAN NINGUNA NOTICIA<\/strong>: Click aqu\u00ed para sumarte <strong>GRATIS<\/strong> al canal de noticias de <strong>La Derecha Diario en WhatsApp.<\/strong><\/a><\/aside>\n<p>Los videos reflejan una <strong>preocupante naturalizaci\u00f3n del delito en zonas c\u00e9ntricas.<\/strong> Ni alarmas, ni patrullaje, ni c\u00e1maras disuadieron al ladr\u00f3n. La sensaci\u00f3n de impunidad crece entre comerciantes y vecinos.<\/p>\n<p>Pese a las pruebas audiovisuales, <strong>hasta ahora no hay detenidos ni avances concretos en la investigaci\u00f3n.<\/strong> La ciudad est\u00e1 expuesta al delito cotidiano.<a href=\"https:\/\/derechadiario.com.ar\/sociedad\/cordoba-condenaron-trapito-por-agredir-mujer-amenazo-al-fiscal\" title=\"C\u00f3rdoba: condenaron a un trapito por agredir a una mujer y amenaz\u00f3 al fiscal\"> <\/a><strong><a href=\"https:\/\/derechadiario.com.ar\/sociedad\/cordoba-condenaron-trapito-por-agredir-mujer-amenazo-al-fiscal\" title=\"C\u00f3rdoba: condenaron a un trapito por agredir a una mujer y amenaz\u00f3 al fiscal\">Los naranjitas se mueven sin control a cualquier hora<\/a>.<\/strong><\/p>\n<div class=\"inter_image image_horizontal\">\n<picture><source class=\"img-responsive\" type=\"image\/webp\" data-srcset=\"https:\/\/filesedc.com\/uploads\/image\/post\/2025\/07\/388_300_200.webp 300w, https:\/\/filesedc.com\/uploads\/image\/post\/2025\/07\/388_630_420.webp 630w, https:\/\/filesedc.com\/uploads\/image\/post\/2025\/07\/388_760_507.webp 760w, https:\/\/filesedc.com\/uploads\/image\/post\/2025\/07\/388_1200_800.webp 1200w, https:\/\/filesedc.com\/uploads\/image\/post\/2025\/07\/388_1600_1067.webp 1600w, \"><img decoding=\"async\" src=\"https:\/\/derechadiario.com.ar\/filesedc\/uploads\/image\/post\/2025\/07\/388_1200_800.webp\" class=\"img-responsive lazyload\" alt=\"Chaleco de seguridad naranja con franjas reflectantes tirado en el suelo junto a una tarima de madera y una mochila azul\" title=\"Chaleco de seguridad naranja con franjas reflectantes tirado en el suelo junto a una tarima de madera y una mochila azul\"><\/picture>\n<div>\n<span class=\"img_footer\">Cuando rob\u00f3 la verduler\u00eda, se le cay\u00f3 el chaleco de naranjita. <\/span>| <span class=\"img_author\">La Derecha Diario<\/span>\n<\/div>\n<\/div>\n","protected":false},"excerpt":{"rendered":"<p>Una comerciante fue v\u00edctima de un robo en su local ubicado en Bv\u00a0San Juan al 300, a metros de La Ca\u00f1ada. El ladr\u00f3n forz\u00f3 la puerta durante 15 minutos. Vest\u00eda un chaleco de naranjita y qued\u00f3 registrado por las c\u00e1maras de seguridad. El hecho ocurri\u00f3 el pasado 11 de junio durante la madrugada, sin que [&hellip;]<\/p>\n","protected":false},"author":2,"featured_media":10545,"comment_status":"open","ping_status":"open","sticky":false,"template":"","format":"standard","meta":{"_et_pb_use_builder":"","_et_pb_old_content":"","_et_gb_content_width":"","footnotes":""},"categories":[84],"tags":[],"class_list":["post-10544","post","type-post","status-publish","format-standard","has-post-thumbnail","hentry","category-ultimomomento"],"_links":{"self":[{"href":"https:\/\/verdadincomodadiario.ar\/index.php?rest_route=\/wp\/v2\/posts\/10544","targetHints":{"allow":["GET"]}}],"collection":[{"href":"https:\/\/verdadincomodadiario.ar\/index.php?rest_route=\/wp\/v2\/posts"}],"about":[{"href":"https:\/\/verdadincomodadiario.ar\/index.php?rest_route=\/wp\/v2\/types\/post"}],"author":[{"embeddable":true,"href":"https:\/\/verdadincomodadiario.ar\/index.php?rest_route=\/wp\/v2\/users\/2"}],"replies":[{"embeddable":true,"href":"https:\/\/verdadincomodadiario.ar\/index.php?rest_route=%2Fwp%2Fv2%2Fcomments&post=10544"}],"version-history":[{"count":0,"href":"https:\/\/verdadincomodadiario.ar\/index.php?rest_route=\/wp\/v2\/posts\/10544\/revisions"}],"wp:featuredmedia":[{"embeddable":true,"href":"https:\/\/verdadincomodadiario.ar\/index.php?rest_route=\/wp\/v2\/media\/10545"}],"wp:attachment":[{"href":"https:\/\/verdadincomodadiario.ar\/index.php?rest_route=%2Fwp%2Fv2%2Fmedia&parent=10544"}],"wp:term":[{"taxonomy":"category","embeddable":true,"href":"https:\/\/verdadincomodadiario.ar\/index.php?rest_route=%2Fwp%2Fv2%2Fcategories&post=10544"},{"taxonomy":"post_tag","embeddable":true,"href":"https:\/\/verdadincomodadiario.ar\/index.php?rest_route=%2Fwp%2Fv2%2Ftags&post=10544"}],"curies":[{"name":"wp","href":"https:\/\/api.w.org\/{rel}","templated":true}]}}