{"id":10530,"date":"2025-07-10T18:27:46","date_gmt":"2025-07-10T18:27:46","guid":{"rendered":"https:\/\/verdadincomodadiario.ar\/?p=10530"},"modified":"2025-07-10T18:27:46","modified_gmt":"2025-07-10T18:27:46","slug":"intrant-gasta-suma-millonaria-sin-explicar-el-destino","status":"publish","type":"post","link":"https:\/\/verdadincomodadiario.ar\/?p=10530","title":{"rendered":"Intrant gasta suma millonaria sin explicar el destino"},"content":{"rendered":"<p>El Instituto Nacional de Transito y Transporte Terrestre\u00a0(INTRANT), tiene m\u00e1s de RD $2,000 millones presupuestados, destinadas\u00a0en servicios no especificados, aprobados para el 2025.<\/p>\n<p>La entidad que ha sido objeto de cr\u00edticas recientemente por m\u00faltiples razones, incluyendo las apresuradas\u00a0medidas aplicadas en el tr\u00e1nsito de santo Domingo, como la prohibici\u00f3n del giro a la Izquierda, entre otras.<\/p>\n<p>Esta serie de iniciativas y\u00a0las denuncias que se han realizado a la actual administraci\u00f3n de la entidad, abre una brecha de dudas sobre la transparencia en el manejo de fondos p\u00fablicos y a posibles irregularidades.<\/p>\n<p>El INTRANT que es una entidad clave para la movilidad,\u00a0en un pa\u00eds donde la corrupci\u00f3n en obras p\u00fablicas ha sido hist\u00f3ricamente un problema, la falta de especificidad resulta inadmisible.<\/p>\n<p>No existe justificaci\u00f3n t\u00e9cnica para que una partida de este monto (equivalente al 5% del presupuesto total del INTRANT) carezca de detalles.<\/p>\n<p>La discrepancia en los montos menores que son destinados a cosas especificas y las altas sumas de dinero sin detallar revela la falta de conocimiento en la administraci\u00f3n del presupuesto asignado a la instituci\u00f3n.<\/p>\n","protected":false},"excerpt":{"rendered":"<p>El Instituto Nacional de Transito y Transporte Terrestre\u00a0(INTRANT), tiene m\u00e1s de RD $2,000 millones presupuestados, destinadas\u00a0en servicios no especificados, aprobados para el 2025. La entidad que ha sido objeto de cr\u00edticas recientemente por m\u00faltiples razones, incluyendo las apresuradas\u00a0medidas aplicadas en el tr\u00e1nsito de santo Domingo, como la prohibici\u00f3n del giro a la Izquierda, entre otras. [&hellip;]<\/p>\n","protected":false},"author":2,"featured_media":10531,"comment_status":"open","ping_status":"open","sticky":false,"template":"","format":"standard","meta":{"_et_pb_use_builder":"","_et_pb_old_content":"","_et_gb_content_width":"","footnotes":""},"categories":[84],"tags":[],"class_list":["post-10530","post","type-post","status-publish","format-standard","has-post-thumbnail","hentry","category-ultimomomento"],"_links":{"self":[{"href":"https:\/\/verdadincomodadiario.ar\/index.php?rest_route=\/wp\/v2\/posts\/10530","targetHints":{"allow":["GET"]}}],"collection":[{"href":"https:\/\/verdadincomodadiario.ar\/index.php?rest_route=\/wp\/v2\/posts"}],"about":[{"href":"https:\/\/verdadincomodadiario.ar\/index.php?rest_route=\/wp\/v2\/types\/post"}],"author":[{"embeddable":true,"href":"https:\/\/verdadincomodadiario.ar\/index.php?rest_route=\/wp\/v2\/users\/2"}],"replies":[{"embeddable":true,"href":"https:\/\/verdadincomodadiario.ar\/index.php?rest_route=%2Fwp%2Fv2%2Fcomments&post=10530"}],"version-history":[{"count":0,"href":"https:\/\/verdadincomodadiario.ar\/index.php?rest_route=\/wp\/v2\/posts\/10530\/revisions"}],"wp:featuredmedia":[{"embeddable":true,"href":"https:\/\/verdadincomodadiario.ar\/index.php?rest_route=\/wp\/v2\/media\/10531"}],"wp:attachment":[{"href":"https:\/\/verdadincomodadiario.ar\/index.php?rest_route=%2Fwp%2Fv2%2Fmedia&parent=10530"}],"wp:term":[{"taxonomy":"category","embeddable":true,"href":"https:\/\/verdadincomodadiario.ar\/index.php?rest_route=%2Fwp%2Fv2%2Fcategories&post=10530"},{"taxonomy":"post_tag","embeddable":true,"href":"https:\/\/verdadincomodadiario.ar\/index.php?rest_route=%2Fwp%2Fv2%2Ftags&post=10530"}],"curies":[{"name":"wp","href":"https:\/\/api.w.org\/{rel}","templated":true}]}}