{"id":10528,"date":"2025-07-10T18:27:47","date_gmt":"2025-07-10T18:27:47","guid":{"rendered":"https:\/\/verdadincomodadiario.ar\/?p=10528"},"modified":"2025-07-10T18:27:47","modified_gmt":"2025-07-10T18:27:47","slug":"suspenderan-los-servicios-del-metro-por-5-dias","status":"publish","type":"post","link":"https:\/\/verdadincomodadiario.ar\/?p=10528","title":{"rendered":"Suspender\u00e1n los servicios del metro por 5 d\u00edas"},"content":{"rendered":"<p>La Oficina para el Reordenamiento del Transporte (OPRET),\u00a0\u00a0suspender\u00e1 del 16 al 20 de julio el servicio en cinco estaciones de Villa Mella para habilitar trenes de seis vagones en la L\u00ednea 1 del Metro.<\/p>\n<p>La interrupci\u00f3n ser\u00e1 por tramos: del 16 al 18 entre Pe\u00f1a G\u00f3mez y Mam\u00e1 Ting\u00f3, y del 19 al 20 entre Hermanas Mirabal y Mam\u00e1 Ting\u00f3,\u00a0 para readecuar la se\u00f1al\u00e9tica con la intenci\u00f3n de iniciar la operaci\u00f3n de trenes con seis vagones.<\/p>\n<p>El director de la Oficina para el Reordenamiento del Transporte (Opret), Rafael Santos P\u00e9rez, inform\u00f3 en rueda de prensa que\u00a0Durante ese tiempo 62 unidades de la Operadora Metropolitana de Servicios de Autobuses (OMSA) estar\u00e1n ofreciendo el servicio a los usuarios.<\/p>\n<p>La poblaci\u00f3n podr\u00e1 utilizar este transporte con el mismo pasaje del metro y del telef\u00e9rico. Durante los cinco d\u00edas, las estaciones intervenidas ofrecer\u00e1n el servicio de recarga y venta de tarjetas.<\/p>\n<p>Rafael Santos indic\u00f3 que la suspensi\u00f3n del servicio es para movilizar y reconfigurar los equipos de se\u00f1alizaci\u00f3n para trenes de seis vagones.<\/p>\n<p>Ya las empresas Siemens e Hitachi, responsable de los trabajos de acoplamiento de trenes de tres a seis vagones, entregar\u00e1n listo el sistema para ampliar la capacidad de transporte del metro.<\/p>\n","protected":false},"excerpt":{"rendered":"<p>La Oficina para el Reordenamiento del Transporte (OPRET),\u00a0\u00a0suspender\u00e1 del 16 al 20 de julio el servicio en cinco estaciones de Villa Mella para habilitar trenes de seis vagones en la L\u00ednea 1 del Metro. La interrupci\u00f3n ser\u00e1 por tramos: del 16 al 18 entre Pe\u00f1a G\u00f3mez y Mam\u00e1 Ting\u00f3, y del 19 al 20 entre [&hellip;]<\/p>\n","protected":false},"author":2,"featured_media":10529,"comment_status":"open","ping_status":"open","sticky":false,"template":"","format":"standard","meta":{"_et_pb_use_builder":"","_et_pb_old_content":"","_et_gb_content_width":"","footnotes":""},"categories":[84],"tags":[],"class_list":["post-10528","post","type-post","status-publish","format-standard","has-post-thumbnail","hentry","category-ultimomomento"],"_links":{"self":[{"href":"https:\/\/verdadincomodadiario.ar\/index.php?rest_route=\/wp\/v2\/posts\/10528","targetHints":{"allow":["GET"]}}],"collection":[{"href":"https:\/\/verdadincomodadiario.ar\/index.php?rest_route=\/wp\/v2\/posts"}],"about":[{"href":"https:\/\/verdadincomodadiario.ar\/index.php?rest_route=\/wp\/v2\/types\/post"}],"author":[{"embeddable":true,"href":"https:\/\/verdadincomodadiario.ar\/index.php?rest_route=\/wp\/v2\/users\/2"}],"replies":[{"embeddable":true,"href":"https:\/\/verdadincomodadiario.ar\/index.php?rest_route=%2Fwp%2Fv2%2Fcomments&post=10528"}],"version-history":[{"count":0,"href":"https:\/\/verdadincomodadiario.ar\/index.php?rest_route=\/wp\/v2\/posts\/10528\/revisions"}],"wp:featuredmedia":[{"embeddable":true,"href":"https:\/\/verdadincomodadiario.ar\/index.php?rest_route=\/wp\/v2\/media\/10529"}],"wp:attachment":[{"href":"https:\/\/verdadincomodadiario.ar\/index.php?rest_route=%2Fwp%2Fv2%2Fmedia&parent=10528"}],"wp:term":[{"taxonomy":"category","embeddable":true,"href":"https:\/\/verdadincomodadiario.ar\/index.php?rest_route=%2Fwp%2Fv2%2Fcategories&post=10528"},{"taxonomy":"post_tag","embeddable":true,"href":"https:\/\/verdadincomodadiario.ar\/index.php?rest_route=%2Fwp%2Fv2%2Ftags&post=10528"}],"curies":[{"name":"wp","href":"https:\/\/api.w.org\/{rel}","templated":true}]}}