{"id":10518,"date":"2025-07-10T17:26:23","date_gmt":"2025-07-10T17:26:23","guid":{"rendered":"https:\/\/verdadincomodadiario.ar\/?p=10518"},"modified":"2025-07-10T17:26:23","modified_gmt":"2025-07-10T17:26:23","slug":"le-dieron-el-alta-a-romi-gonen-sobreviviente-del-infierno-de-gaza","status":"publish","type":"post","link":"https:\/\/verdadincomodadiario.ar\/?p=10518","title":{"rendered":"Le dieron el alta a Romi Gonen, sobreviviente del infierno de Gaza"},"content":{"rendered":"<p><strong>Romi Gonen<\/strong>, secuestrada por los terroristas de Hamas el 7 de octubre y liberada tras <strong>471 d\u00edas de cautiverio<\/strong>, recibi\u00f3 este jueves el <strong>alta m\u00e9dica<\/strong>\u00a0 del Centro M\u00e9dico Sheba.<\/p>\n<p>Gonen fue sometida <strong>a dos cirug\u00edas debido a las heridas y a la falta de atenci\u00f3n m\u00e9dica<\/strong>\u00a0 durante su tiempo <strong>en manos de Hamas<\/strong>. En total, estuvo internada 5 meses.<\/p>\n<p>En su \u00faltimo d\u00eda en el hospital, agradeci\u00f3 al personal por la atenci\u00f3n recibida.\u00a0<\/p>\n<p>En una publicaci\u00f3n en su cuenta de Instagram, Gonen escribi\u00f3: \u201c\u00a1Me dieron el alta!\u2026 Estoy en Israel hace casi medio a\u00f1o, y casi cinco meses de ellos los pas\u00e9 en el hospital. <strong>Hoy me dan el alta y doy un paso m\u00e1s hacia mi libertad<\/strong>\u201d.<\/p>\n<p>\u201cFui secuestrada brutalmente el 7 de octubre a la Franja de Gaza. El 10 de julio me dan el alta del hospital tras un per\u00edodo verdaderamente dif\u00edcil. Dolor, operaciones, levantarme y volver a caer una y otra vez\u201d, relat\u00f3.<\/p>\n<p>Gonen agradeci\u00f3 especialmente al equipo m\u00e9dico que la acompa\u00f1\u00f3 durante el proceso: \u201cQuiero agradecer a algunas personas importantes del Centro M\u00e9dico Sheba que me acompa\u00f1aron durante todo el camino, y <strong>gracias a ellos estoy donde estoy hoy<\/strong>\u201d.<\/p>\n<p>Finalmente, dirigi\u00f3 <strong>un mensaje a los rehenes<\/strong>\u00a0 que siguen en poder de Hamas: <strong>\u201cTodav\u00eda no est\u00e1n aqu\u00ed, y mi coraz\u00f3n est\u00e1 con ellos all\u00e1 en Gaza<\/strong>\u2026 Rezo para que volvamos a ser un pueblo unido y entero. Un pueblo de amor y alegr\u00eda, de preocupaci\u00f3n y cuidado. Solo nos tenemos los unos a los otros\u201d.<\/p>\n","protected":false},"excerpt":{"rendered":"<p>Romi Gonen, secuestrada por los terroristas de Hamas el 7 de octubre y liberada tras 471 d\u00edas de cautiverio, recibi\u00f3 este jueves el alta m\u00e9dica\u00a0 del Centro M\u00e9dico Sheba. Gonen fue sometida a dos cirug\u00edas debido a las heridas y a la falta de atenci\u00f3n m\u00e9dica\u00a0 durante su tiempo en manos de Hamas. En total, [&hellip;]<\/p>\n","protected":false},"author":2,"featured_media":10519,"comment_status":"open","ping_status":"open","sticky":false,"template":"","format":"standard","meta":{"_et_pb_use_builder":"","_et_pb_old_content":"","_et_gb_content_width":"","footnotes":""},"categories":[84],"tags":[],"class_list":["post-10518","post","type-post","status-publish","format-standard","has-post-thumbnail","hentry","category-ultimomomento"],"_links":{"self":[{"href":"https:\/\/verdadincomodadiario.ar\/index.php?rest_route=\/wp\/v2\/posts\/10518","targetHints":{"allow":["GET"]}}],"collection":[{"href":"https:\/\/verdadincomodadiario.ar\/index.php?rest_route=\/wp\/v2\/posts"}],"about":[{"href":"https:\/\/verdadincomodadiario.ar\/index.php?rest_route=\/wp\/v2\/types\/post"}],"author":[{"embeddable":true,"href":"https:\/\/verdadincomodadiario.ar\/index.php?rest_route=\/wp\/v2\/users\/2"}],"replies":[{"embeddable":true,"href":"https:\/\/verdadincomodadiario.ar\/index.php?rest_route=%2Fwp%2Fv2%2Fcomments&post=10518"}],"version-history":[{"count":0,"href":"https:\/\/verdadincomodadiario.ar\/index.php?rest_route=\/wp\/v2\/posts\/10518\/revisions"}],"wp:featuredmedia":[{"embeddable":true,"href":"https:\/\/verdadincomodadiario.ar\/index.php?rest_route=\/wp\/v2\/media\/10519"}],"wp:attachment":[{"href":"https:\/\/verdadincomodadiario.ar\/index.php?rest_route=%2Fwp%2Fv2%2Fmedia&parent=10518"}],"wp:term":[{"taxonomy":"category","embeddable":true,"href":"https:\/\/verdadincomodadiario.ar\/index.php?rest_route=%2Fwp%2Fv2%2Fcategories&post=10518"},{"taxonomy":"post_tag","embeddable":true,"href":"https:\/\/verdadincomodadiario.ar\/index.php?rest_route=%2Fwp%2Fv2%2Ftags&post=10518"}],"curies":[{"name":"wp","href":"https:\/\/api.w.org\/{rel}","templated":true}]}}