{"id":10498,"date":"2025-07-10T15:26:19","date_gmt":"2025-07-10T15:26:19","guid":{"rendered":"https:\/\/verdadincomodadiario.ar\/?p=10498"},"modified":"2025-07-10T15:26:19","modified_gmt":"2025-07-10T15:26:19","slug":"andronico-rodriguez-contrato-a-gutierrez-rubi-un-asesor-del-socialismo-internacional","status":"publish","type":"post","link":"https:\/\/verdadincomodadiario.ar\/?p=10498","title":{"rendered":"Andr\u00f3nico Rodr\u00edguez contrat\u00f3 a Guti\u00e9rrez-Rub\u00ed: Un asesor del socialismo internacional"},"content":{"rendered":"<p><a href=\"https:\/\/derechadiario.com.ar\/bolivia\/politica\/debilitado-andronico-rodriguez-ratifico-mariana-prado-como-parte-su-binomio\" title=\"Un debilitado Andr\u00f3nico Rodr\u00edguez ratific\u00f3 a Mariana Prado como parte de su binomio\">El socialista Andr\u00f3nico Rodr\u00edguez <\/a>sum\u00f3 a su equipo al consultor catal\u00e1n<a href=\"https:\/\/derechadiario.com.ar\/politica\/jorge-macri-contrato-al-catalan-asesor-que-trabajo-con-cristina-kirchner-y-massa\" title=\"Jorge Macri contrat\u00f3 al 'Catal\u00e1n', el asesor que trabaj\u00f3 con Cristina Kirchner y Massa\"> Antoni Guti\u00e9rrez-Rub\u00ed<\/a>. El espa\u00f1ol <a href=\"https:\/\/derechadiario.com.ar\/politica\/chantalan-rubi-quien-operador-izquierda-que-trabaja-para-jorge-macri\" title=\"El 'Chantal\u00e1n' Rub\u00ed: qui\u00e9n es el operador de la izquierda que trabaja para Jorge Macri\">colabor\u00f3 para lograr instaurar reg\u00edmenes socialistas\u00a0como los de Gustavo Petro y Claudia Sheinbaum<\/a>. Su incorporaci\u00f3n fue confirmada por Susana Bejarano, candidata a senadora por la Alianza Popular.<\/p>\n<p>Bejarano declar\u00f3 que el espa\u00f1ol es <strong>\u201cuno de los que est\u00e1 en el podio\u201d<\/strong> de la estrategia de campa\u00f1a. Tambi\u00e9n afirm\u00f3 que no conoce cu\u00e1nto se le est\u00e1 pagando por sus servicios.<\/p>\n<p>Guti\u00e9rrez-Rub\u00ed es fundador de la consultora Ideograma y columnista en medios iberoamericanos. Naci\u00f3 en Barcelona en 1962 y es uno de los asesores pol\u00edticos m\u00e1s solicitados en campa\u00f1as progresistas.<\/p>\n<p>En Colombia, <strong>su labor fue esencial para que el terrorista Gustavo Petro se apoderase de la presidencia<\/strong>. En M\u00e9xico asesor\u00f3 a Claudia Sheinbaum, primera mujer en ganar una elecci\u00f3n presidencial. En Argentina trabaj\u00f3 con Cristina Fern\u00e1ndez y con el peronista Sergio Massa.<\/p>\n<p>El estratega espa\u00f1ol tambi\u00e9n fue parte de campa\u00f1as del Partido Socialista Obrero Espa\u00f1ol (PSOE). No solo ha trabajado con partidos de izquierda, sino tambi\u00e9n con sectores moderados y conservadores. A pesar de ello, <strong>es conocido por su cercan\u00eda con figuras del llamado socialismo del siglo XXI<\/strong>.<\/p>\n<h2>Andr\u00f3nico necesitaba un asesor<\/h2>\n<div class=\"inter_image image_horizontal\">\n<picture><source class=\"img-responsive\" type=\"image\/webp\" data-srcset=\"https:\/\/filesedc.com\/uploads\/image\/post\/2025\/07\/bejarano_300_200.webp 300w, https:\/\/filesedc.com\/uploads\/image\/post\/2025\/07\/bejarano_630_420.webp 630w, https:\/\/filesedc.com\/uploads\/image\/post\/2025\/07\/bejarano_760_507.webp 760w, https:\/\/filesedc.com\/uploads\/image\/post\/2025\/07\/bejarano_1200_800.webp 1200w, https:\/\/filesedc.com\/uploads\/image\/post\/2025\/07\/bejarano_1600_1067.webp 1600w, \"><img decoding=\"async\" src=\"https:\/\/derechadiario.com.ar\/filesedc\/uploads\/image\/post\/2025\/07\/bejarano_1200_800.webp\" class=\"img-responsive lazyload\" alt=\"Mujer de cabello largo y oscuro con vestido blanco de un solo hombro hablando y gesticulando durante una entrevista en un estudio con fondo oscuro y luces de colores\" title=\"Mujer de cabello largo y oscuro con vestido blanco de un solo hombro hablando y gesticulando durante una entrevista en un estudio con fondo oscuro y luces de colores\"><\/picture>\n<div>\n<span class=\"img_footer\">Susana Bejarano, candidata a senadora <\/span>| <span class=\"img_author\">La Derecha Diario<\/span>\n<\/div>\n<\/div>\n<p>En Bolivia, su incorporaci\u00f3n en las filas de Rodr\u00edguez ha generado controversia por su historial pol\u00edtico. Bejarano defendi\u00f3 la decisi\u00f3n y dijo que \u00a0<strong>\u201cno hay peor campa\u00f1a que la que no tiene estratega\u201d<\/strong>.<\/p>\n<p>Asimismo, Bejarano recomend\u00f3 a Andr\u00f3nico asistir a todos los foros y debates para reforzar su presencia p\u00fablica. La candidata evit\u00f3 dar cifras sobre el contrato del asesor espa\u00f1ol. Dijo que no est\u00e1 involucrada en temas econ\u00f3micos ni en la estructura financiera de la campa\u00f1a.<\/p>\n<p>M\u00e1s all\u00e1 de su reconocida trayectoria, Guti\u00e9rrez-Rub\u00ed tambi\u00e9n ha acumulado derrotas en su carrera. En Argentina, particip\u00f3 en campa\u00f1as fallidas como la de Cristina Kirchner en 2017 y la de Massa en 2023.<\/p>\n<p>En 2021, el Frente de Todos perdi\u00f3 el control del Senado bajo su asesor\u00eda. Su \u00faltima participaci\u00f3n en 2025 con el PRO termin\u00f3 en una debacle electoral. Jorge Macri, primo del expresidente Mauricio Macri, <strong>lo despidi\u00f3 por haber dise\u00f1ado una estrategia que fue criticada por repetir los errores del pasado<\/strong>.<\/p>\n<p>En abril de este a\u00f1o, el gobierno de Javier Milei intent\u00f3 expulsarlo de Argentina. Se le revoc\u00f3 su residencia temporal por una permanencia irregular en el pa\u00eds. <a href=\"https:\/\/derechadiario.com.ar\/politica\/derecha-diario-atrapo-al-chantalan-rubi-restoran-lujo-buenos-aires\" title=\"La Derecha Diario atrap\u00f3 al 'chantal\u00e1n' Rub\u00ed en un restor\u00e1n de lujo en CABA\">El presidente argentino\u00a0Milei lo llam\u00f3 \u201cchantal\u00e1n\u201d <\/a>por dedicarse a colaborar con los corruptos reg\u00edmenes de Am\u00e9rica Latina.<\/p>\n<h2>Campa\u00f1a contra el tiempo<\/h2>\n<figure><img decoding=\"async\" src=\"https:\/\/derechadiario.com.ar\/filesedc\/uploads\/image\/post\/2025\/07\/527a9920-a7b6-41ab-8c50-ffce54e68416_1200_800.webp\" class=\"img-responsive lazyload\" alt=\"Un hombre de cabello corto y oscuro habla frente a un micr\u00f3fono en un podio con el logo de Alianza Popular, detr\u00e1s de \u00e9l hay un cartel de campa\u00f1a presidencial para Bolivia 2025-2030.\" title=\"Un hombre de cabello corto y oscuro habla frente a un micr\u00f3fono en un podio con el logo de Alianza Popular, detr\u00e1s de \u00e9l hay un cartel de campa\u00f1a presidencial para Bolivia 2025-2030.\"><\/figure>\n<p>Pese a esas derrotas, Guti\u00e9rrez-Rub\u00ed sigue siendo convocado por los socialistas de la regi\u00f3n. En Bolivia, su rol podr\u00eda redefinir el rumbo final de la campa\u00f1a de Rodr\u00edguez. \u00a0La Alianza Popular considera que \u00a0<strong>necesita posicionar r\u00e1pidamente a su candidato en menos de 40 d\u00edas<\/strong>.<\/p>\n<p>Seg\u00fan Bejarano, otros postulantes est\u00e1n en campa\u00f1a desde octubre de 2024. Por eso, recurren a un asesor que seg\u00fan ellos, es de alto perfil aunque tenga antecedentes cuestionados.<\/p>\n<p>Rodr\u00edguez busca consolidarse como la principal figura del ala joven del MAS. En los \u00faltimos meses ha sido blanco de ataques constantes de opositores y antiguos aliados.<\/p>\n<p>Su entorno apuesta a la estrategia comunicacional como forma de revertir su imagen. Bejarano sostuvo que <strong>\u201cla estrategia pasa por darnos a conocer\u201d<\/strong>.<\/p>\n<p>Seg\u00fan ella, lo que ofrece Andr\u00f3nico no est\u00e1 oculto ni reservado. La candidata afirma que la propuesta del binomio se est\u00e1 explicando \u201cen todos los espacios\u201d. Dice que el asesor catal\u00e1n ayudar\u00e1 a mejorar la presentaci\u00f3n p\u00fablica del programa de gobierno.<\/p>\n<p>Considera que la campa\u00f1a debe centrarse en la presencia y no en el conflicto. Seg\u00fan su visi\u00f3n, los ataques deben ser respondidos con visibilidad.<\/p>\n<h2>Influencia del socialismo internacional<\/h2>\n<figure><img decoding=\"async\" src=\"https:\/\/derechadiario.com.ar\/filesedc\/uploads\/image\/post\/2025\/07\/64a4a6acf3895_1200_800.webp\" class=\"img-responsive lazyload\" alt=\"Dos hombres sentados en un avi\u00f3n privado observan la pantalla de una computadora port\u00e1til\" title=\"Dos hombres sentados en un avi\u00f3n privado observan la pantalla de una computadora port\u00e1til\"><\/figure>\n<p>La figura de Guti\u00e9rrez-Rub\u00ed le\u00a0a\u00f1ade un nuevo componente a la carrera electoral. Los militantes de la Alianza Popular lo ven como un experto en comunicaci\u00f3n pol\u00edtica, pero otros lo critican por su historial de derrotas.<\/p>\n<p>Falta ver si su labor logra conseguir cambiar \u00a0<strong>la mala percepci\u00f3n que la poblaci\u00f3n tiene de Rodr\u00edguez por se el pupilo del ped\u00f3filo Evo Morales<\/strong>.<\/p>\n<p>En otros pa\u00edses, la figura de Guti\u00e9rrez-Rub\u00ed ha polarizado a la opini\u00f3n p\u00fablica. En Colombia su trabajo con Petro fue elogiado porque \u00a0<strong>logr\u00f3 colocar en la silla presidencial al exterrorista<\/strong>. Pero en Argentina termin\u00f3 siendo blanco de cr\u00edticas feroces.<\/p>\n<p>Sus m\u00e9todos incluyen el <strong>uso intensivo de redes sociales para construir campa\u00f1as emocionales y mensajes de impacto<\/strong>. Algunos lo acusan de practicar campa\u00f1as del miedo, especialmente en 2023 contra Javier Milei.<\/p>\n<p>La incorporaci\u00f3n del asesor catal\u00e1n revela el nexo que conecta a Andr\u00f3nico Rodr\u00edguez con el socialismo internacional. En sus recientes viajes al extranjero, el presidente del senado habr\u00eda\u00a0recibido las\u00a0directrices para su campa\u00f1a y coordin\u00f3\u00a0con sus camaradas de la regi\u00f3n.<\/p>\n","protected":false},"excerpt":{"rendered":"<p>El socialista Andr\u00f3nico Rodr\u00edguez sum\u00f3 a su equipo al consultor catal\u00e1n Antoni Guti\u00e9rrez-Rub\u00ed. El espa\u00f1ol colabor\u00f3 para lograr instaurar reg\u00edmenes socialistas\u00a0como los de Gustavo Petro y Claudia Sheinbaum. Su incorporaci\u00f3n fue confirmada por Susana Bejarano, candidata a senadora por la Alianza Popular. Bejarano declar\u00f3 que el espa\u00f1ol es \u201cuno de los que est\u00e1 en el [&hellip;]<\/p>\n","protected":false},"author":2,"featured_media":10499,"comment_status":"open","ping_status":"open","sticky":false,"template":"","format":"standard","meta":{"_et_pb_use_builder":"","_et_pb_old_content":"","_et_gb_content_width":"","footnotes":""},"categories":[84],"tags":[],"class_list":["post-10498","post","type-post","status-publish","format-standard","has-post-thumbnail","hentry","category-ultimomomento"],"_links":{"self":[{"href":"https:\/\/verdadincomodadiario.ar\/index.php?rest_route=\/wp\/v2\/posts\/10498","targetHints":{"allow":["GET"]}}],"collection":[{"href":"https:\/\/verdadincomodadiario.ar\/index.php?rest_route=\/wp\/v2\/posts"}],"about":[{"href":"https:\/\/verdadincomodadiario.ar\/index.php?rest_route=\/wp\/v2\/types\/post"}],"author":[{"embeddable":true,"href":"https:\/\/verdadincomodadiario.ar\/index.php?rest_route=\/wp\/v2\/users\/2"}],"replies":[{"embeddable":true,"href":"https:\/\/verdadincomodadiario.ar\/index.php?rest_route=%2Fwp%2Fv2%2Fcomments&post=10498"}],"version-history":[{"count":0,"href":"https:\/\/verdadincomodadiario.ar\/index.php?rest_route=\/wp\/v2\/posts\/10498\/revisions"}],"wp:featuredmedia":[{"embeddable":true,"href":"https:\/\/verdadincomodadiario.ar\/index.php?rest_route=\/wp\/v2\/media\/10499"}],"wp:attachment":[{"href":"https:\/\/verdadincomodadiario.ar\/index.php?rest_route=%2Fwp%2Fv2%2Fmedia&parent=10498"}],"wp:term":[{"taxonomy":"category","embeddable":true,"href":"https:\/\/verdadincomodadiario.ar\/index.php?rest_route=%2Fwp%2Fv2%2Fcategories&post=10498"},{"taxonomy":"post_tag","embeddable":true,"href":"https:\/\/verdadincomodadiario.ar\/index.php?rest_route=%2Fwp%2Fv2%2Ftags&post=10498"}],"curies":[{"name":"wp","href":"https:\/\/api.w.org\/{rel}","templated":true}]}}