{"id":10482,"date":"2025-07-10T14:25:24","date_gmt":"2025-07-10T14:25:24","guid":{"rendered":"https:\/\/verdadincomodadiario.ar\/?p=10482"},"modified":"2025-07-10T14:25:24","modified_gmt":"2025-07-10T14:25:24","slug":"un-muerto-tras-un-ataque-terrorista-en-gush-etzion","status":"publish","type":"post","link":"https:\/\/verdadincomodadiario.ar\/?p=10482","title":{"rendered":"Un muerto tras un ataque terrorista en Gush Etzion"},"content":{"rendered":"<p>Un hombre de 20 a\u00f1os <strong>fue asesinado hoy<\/strong>\u00a0 en el cruce de Gush Etzi\u00f3n luego de que 2 terroristas abrieran fuego en una zona comercial.<\/p>\n<p><strong>Los atacantes proven\u00edan de un pueblo palestino de las cercan\u00edas<\/strong>, acuchillaron al guardia del supermercado Rami Levy y, tras robarle el arma, <strong>abrieron fuego contra los civiles<\/strong>.<\/p>\n<p>El joven acribillado se enfrent\u00f3 valientemente contra ellos, pero fue alcanzado por las balas.<\/p>\n<p>Las fuerzas de seguridad llegaron r\u00e1pidamente al lugar y finalmente <strong>eliminaron a los terroristas<\/strong>.<\/p>\n<p>El portavoz del ej\u00e9rcito inform\u00f3 que las Fuerzas de Defensa de Israel est\u00e1n rodeando la localidad palestina de Halhul y han establecido bloqueos en los alrededores como parte de las operaciones de b\u00fasqueda.<\/p>\n<p>El param\u00e9dico de Magen David Adom (MDA), Achiad Goharyan, quien fue el primero en llegar a la escena, relat\u00f3: \u201cRecibimos una alerta sobre un hombre herido en un ataque con arma de fuego. Nos desplazamos r\u00e1pidamente al lugar con varias unidades. <strong>Encontramos a un joven de aproximadamente 20 a\u00f1os inconsciente, sin pulso ni respiraci\u00f3n, con heridas de bala en el cuerpo. Lamentablemente, sus heridas eran demasiado graves y no pudimos hacer m\u00e1s que confirmar su fallecimiento<\/strong>\u201d.<\/p>\n<p>El atentado, perpetrado en una zona comercial concurrida, vuelve a encender las alarmas sobre la escalada de <strong>violencia en Cisjordania<\/strong>\u00a0 y la necesidad de reforzar las medidas de seguridad en puntos sensibles. Las investigaciones contin\u00faan.<\/p>\n","protected":false},"excerpt":{"rendered":"<p>Un hombre de 20 a\u00f1os fue asesinado hoy\u00a0 en el cruce de Gush Etzi\u00f3n luego de que 2 terroristas abrieran fuego en una zona comercial. Los atacantes proven\u00edan de un pueblo palestino de las cercan\u00edas, acuchillaron al guardia del supermercado Rami Levy y, tras robarle el arma, abrieron fuego contra los civiles. El joven acribillado [&hellip;]<\/p>\n","protected":false},"author":2,"featured_media":10483,"comment_status":"open","ping_status":"open","sticky":false,"template":"","format":"standard","meta":{"_et_pb_use_builder":"","_et_pb_old_content":"","_et_gb_content_width":"","footnotes":""},"categories":[84],"tags":[],"class_list":["post-10482","post","type-post","status-publish","format-standard","has-post-thumbnail","hentry","category-ultimomomento"],"_links":{"self":[{"href":"https:\/\/verdadincomodadiario.ar\/index.php?rest_route=\/wp\/v2\/posts\/10482","targetHints":{"allow":["GET"]}}],"collection":[{"href":"https:\/\/verdadincomodadiario.ar\/index.php?rest_route=\/wp\/v2\/posts"}],"about":[{"href":"https:\/\/verdadincomodadiario.ar\/index.php?rest_route=\/wp\/v2\/types\/post"}],"author":[{"embeddable":true,"href":"https:\/\/verdadincomodadiario.ar\/index.php?rest_route=\/wp\/v2\/users\/2"}],"replies":[{"embeddable":true,"href":"https:\/\/verdadincomodadiario.ar\/index.php?rest_route=%2Fwp%2Fv2%2Fcomments&post=10482"}],"version-history":[{"count":0,"href":"https:\/\/verdadincomodadiario.ar\/index.php?rest_route=\/wp\/v2\/posts\/10482\/revisions"}],"wp:featuredmedia":[{"embeddable":true,"href":"https:\/\/verdadincomodadiario.ar\/index.php?rest_route=\/wp\/v2\/media\/10483"}],"wp:attachment":[{"href":"https:\/\/verdadincomodadiario.ar\/index.php?rest_route=%2Fwp%2Fv2%2Fmedia&parent=10482"}],"wp:term":[{"taxonomy":"category","embeddable":true,"href":"https:\/\/verdadincomodadiario.ar\/index.php?rest_route=%2Fwp%2Fv2%2Fcategories&post=10482"},{"taxonomy":"post_tag","embeddable":true,"href":"https:\/\/verdadincomodadiario.ar\/index.php?rest_route=%2Fwp%2Fv2%2Ftags&post=10482"}],"curies":[{"name":"wp","href":"https:\/\/api.w.org\/{rel}","templated":true}]}}