{"id":10452,"date":"2025-07-10T03:24:14","date_gmt":"2025-07-10T03:24:14","guid":{"rendered":"https:\/\/verdadincomodadiario.ar\/?p=10452"},"modified":"2025-07-10T03:24:14","modified_gmt":"2025-07-10T03:24:14","slug":"la-justicia-determino-el-regimen-de-visita-de-las-hijas-de-wanda-nara-con-mauro-icardi","status":"publish","type":"post","link":"https:\/\/verdadincomodadiario.ar\/?p=10452","title":{"rendered":"La Justicia determin\u00f3 el r\u00e9gimen de visita de las hijas de Wanda Nara con Mauro Icardi"},"content":{"rendered":"<p>La disputa judicial entre<a href=\"https:\/\/derechadiario.com.ar\/sociedad\/se-filtro-conversacion-odio-wanda-nara-con-empleada-sobre-china-suarez\" title=\"Se filtr\u00f3 una conversaci\u00f3n de Wanda Nara hablando mal de la China Su\u00e1rez\"> Wanda Nara y Mauro Icardi <\/a>por el r\u00e9gimen de comunicaci\u00f3n y visitas de sus hijas,<a href=\"https:\/\/derechadiario.com.ar\/sociedad\/se-filtro-como-pasaron-noche-las-hijas-wanda-nara-y-mauro-icardi\" title=\"Se filtr\u00f3 como pasaron la noche las hijas de Wanda Nara y Mauro Icardi\"> Isabella y Francesca<\/a>, sum\u00f3 un nuevo cap\u00edtulo con un reciente dictamen del Poder Judicial argentino. El fallo, que ya fue notificado a las partes, establece de forma precisa c\u00f3mo deber\u00e1 ser el v\u00ednculo entre el futbolista y las menores, en medio de un escenario atravesado por la distancia geogr\u00e1fica, la desconfianza entre los progenitores y la tensi\u00f3n medi\u00e1tica.<\/p>\n<p>Seg\u00fan el documento, mientras Icardi permanezca en el exterior \u2014actualmente en Turqu\u00eda, como jugador del Galatasaray\u2014, podr\u00e1 mantener comunicaci\u00f3n con sus hijas exclusivamente por videollamadas. <strong>Estas deber\u00e1n ser supervisadas por la licenciada Mattera y tendr\u00e1n lugar en los d\u00edas y horarios estipulados por la Justicia.<\/strong><\/p>\n<p>Este esquema, que limita el contacto a la virtualidad, responde a la reticencia de Wanda Nara a autorizar los viajes de las ni\u00f1as fuera del pa\u00eds. La empresaria expres\u00f3 su preocupaci\u00f3n por una posible retenci\u00f3n indebida de las menores, lo que deriv\u00f3 en un escenario judicial cargado de medidas preventivas.<\/p>\n<div class=\"inter_image image_vertical\">\n<picture><source class=\"img-responsive\" type=\"image\/webp\" data-srcset=\"https:\/\/filesedc.com\/uploads\/image\/post\/2025\/07\/mauroicardi-1735741391-3535977532287070735-287306515-1752112223623_300_400.webp 300w, https:\/\/filesedc.com\/uploads\/image\/post\/2025\/07\/mauroicardi-1735741391-3535977532287070735-287306515-1752112223623_630_840.webp 630w, https:\/\/filesedc.com\/uploads\/image\/post\/2025\/07\/mauroicardi-1735741391-3535977532287070735-287306515-1752112223623_760_1013.webp 760w, https:\/\/filesedc.com\/uploads\/image\/post\/2025\/07\/mauroicardi-1735741391-3535977532287070735-287306515-1752112223623_1200_1600.webp 1200w, https:\/\/filesedc.com\/uploads\/image\/post\/2025\/07\/mauroicardi-1735741391-3535977532287070735-287306515-1752112223623_1600_2133.webp 1600w, \"><img decoding=\"async\" src=\"https:\/\/derechadiario.com.ar\/filesedc\/uploads\/image\/post\/2025\/07\/mauroicardi-1735741391-3535977532287070735-287306515-1752112223623_1200_1600.webp\" class=\"img-responsive lazyload\" alt=\"Un hombre sonriente con dos ni\u00f1as a su lado, todos vestidos de blanco y posando juntos al aire libre durante la noche\" title=\"Un hombre sonriente con dos ni\u00f1as a su lado, todos vestidos de blanco y posando juntos al aire libre durante la noche\"><\/picture>\n<div>\n<span class=\"img_footer\">Mauro Icardi volver\u00e1 a tener contacto f\u00edsico con sus hijas en el mes de  septiembre <\/span>| <span class=\"img_author\">La Derecha Diario<\/span>\n<\/div>\n<\/div>\n<h2>\u00bfCu\u00e1les ser\u00e1n las condiciones para los encuentros f\u00edsicos?<\/h2>\n<p>El mismo fallo anticipa que en septiembre pr\u00f3ximo, cuando Mauro Icardi regrese a la Argentina por motivos laborales, <strong>podr\u00e1 convivir con sus hijas durante su estad\u00eda<\/strong>. El texto indica que Isabella y Francesca residir\u00e1n temporalmente en el domicilio paterno durante ese per\u00edodo.<\/p>\n<aside class=\"are-you-interested-container-photo\"><\/aside>\n<p>Para ello, el jugador deber\u00e1 asumir la responsabilidad de garantizar la continuidad escolar y las actividades extracurriculares de ambas ni\u00f1as, ya sea de forma personal o delegando en un adulto de su m\u00e1xima confianza.<\/p>\n<aside class=\"whatsappChannelText\"><a href=\"https:\/\/whatsapp.com\/channel\/0029VagEjILGE56eKjedWF2U\" rel=\"nofollow\" title=\"WhatsApp Link\"><img alt=\"Logo de WhatsApp\" class=\"lazyload\" data-src=\"https:\/\/derechadiario.com.ar\/filesedc\/uploads\/other\/whatsapp_icon_mid_article.png\" width=\"32\" height=\"32\"><\/a> <a href=\"https:\/\/whatsapp.com\/channel\/0029VagEjILGE56eKjedWF2U\" rel=\"nofollow\" title=\"WhatsApp Link\"><strong>NO SE PIERDAN NINGUNA NOTICIA<\/strong>: Click aqu\u00ed para sumarte <strong>GRATIS<\/strong> al canal de noticias de <strong>La Derecha Diario en WhatsApp.<\/strong><\/a><\/aside>\n<p>En un intento por evitar nuevos conflictos entre las partes, la Justicia tambi\u00e9n detall\u00f3 el protocolo para el intercambio de las menores. Mauro Icardi deber\u00e1 retirar y devolver a sus hijas en el estacionamiento de cortes\u00eda del edificio Chateau, donde reside Wanda Nara. \u00a0<strong>Esta medida busca reducir el contacto directo entre los padres y preservar un entorno neutral para las ni\u00f1as<\/strong>.<\/p>\n<figure><img decoding=\"async\" src=\"https:\/\/derechadiario.com.ar\/filesedc\/uploads\/image\/post\/2025\/07\/mauroicardi-1676821673-3041723119879470320-287306515_1200_1600.webp\" class=\"img-responsive lazyload\" alt=\"Un hombre y dos ni\u00f1as sonr\u00eden junto a un perro peque\u00f1o frente a un paisaje de mar y ciudad en un d\u00eda soleado\" title=\"Un hombre y dos ni\u00f1as sonr\u00eden junto a un perro peque\u00f1o frente a un paisaje de mar y ciudad en un d\u00eda soleado\"><\/figure>\n<p>Por el momento se desconoce si el apartado menciona alg\u00fan punto sobre si podr\u00e1 o no estar presente en estos encuentros \u00a0<strong>Mar\u00eda Eugenia &#8220;China&#8221; Su\u00e1rez<\/strong>, la actual pareja del deportista, y de quien en varias oportunidades las menores declararon a la Justicia que preferian no ver.\u00a0<\/p>\n","protected":false},"excerpt":{"rendered":"<p>La disputa judicial entre Wanda Nara y Mauro Icardi por el r\u00e9gimen de comunicaci\u00f3n y visitas de sus hijas, Isabella y Francesca, sum\u00f3 un nuevo cap\u00edtulo con un reciente dictamen del Poder Judicial argentino. El fallo, que ya fue notificado a las partes, establece de forma precisa c\u00f3mo deber\u00e1 ser el v\u00ednculo entre el futbolista [&hellip;]<\/p>\n","protected":false},"author":2,"featured_media":10453,"comment_status":"open","ping_status":"open","sticky":false,"template":"","format":"standard","meta":{"_et_pb_use_builder":"","_et_pb_old_content":"","_et_gb_content_width":"","footnotes":""},"categories":[84],"tags":[],"class_list":["post-10452","post","type-post","status-publish","format-standard","has-post-thumbnail","hentry","category-ultimomomento"],"_links":{"self":[{"href":"https:\/\/verdadincomodadiario.ar\/index.php?rest_route=\/wp\/v2\/posts\/10452","targetHints":{"allow":["GET"]}}],"collection":[{"href":"https:\/\/verdadincomodadiario.ar\/index.php?rest_route=\/wp\/v2\/posts"}],"about":[{"href":"https:\/\/verdadincomodadiario.ar\/index.php?rest_route=\/wp\/v2\/types\/post"}],"author":[{"embeddable":true,"href":"https:\/\/verdadincomodadiario.ar\/index.php?rest_route=\/wp\/v2\/users\/2"}],"replies":[{"embeddable":true,"href":"https:\/\/verdadincomodadiario.ar\/index.php?rest_route=%2Fwp%2Fv2%2Fcomments&post=10452"}],"version-history":[{"count":0,"href":"https:\/\/verdadincomodadiario.ar\/index.php?rest_route=\/wp\/v2\/posts\/10452\/revisions"}],"wp:featuredmedia":[{"embeddable":true,"href":"https:\/\/verdadincomodadiario.ar\/index.php?rest_route=\/wp\/v2\/media\/10453"}],"wp:attachment":[{"href":"https:\/\/verdadincomodadiario.ar\/index.php?rest_route=%2Fwp%2Fv2%2Fmedia&parent=10452"}],"wp:term":[{"taxonomy":"category","embeddable":true,"href":"https:\/\/verdadincomodadiario.ar\/index.php?rest_route=%2Fwp%2Fv2%2Fcategories&post=10452"},{"taxonomy":"post_tag","embeddable":true,"href":"https:\/\/verdadincomodadiario.ar\/index.php?rest_route=%2Fwp%2Fv2%2Ftags&post=10452"}],"curies":[{"name":"wp","href":"https:\/\/api.w.org\/{rel}","templated":true}]}}