{"id":10444,"date":"2025-07-10T00:25:27","date_gmt":"2025-07-10T00:25:27","guid":{"rendered":"https:\/\/verdadincomodadiario.ar\/?p=10444"},"modified":"2025-07-10T00:25:27","modified_gmt":"2025-07-10T00:25:27","slug":"el-feminismo-hace-lobby-para-derogar-la-ley-de-tenencia-compartida","status":"publish","type":"post","link":"https:\/\/verdadincomodadiario.ar\/?p=10444","title":{"rendered":"El feminismo hace lobby para derogar la ley de tenencia compartida"},"content":{"rendered":"<p>Marcel Mantero Di Stasio es un activista por los derechos de los ni\u00f1os desde hace varios a\u00f1os. En 2023 se logr\u00f3 que se aprobara la ley de Tenencia Compartida, un verdadero moj\u00f3n en los derechos de la infancia que permite que todo ni\u00f1o o adolescente de padres separados\u00a0pueda mantener el contacto con ambos progenitores mediante un proceso judicial.<\/p>\n<p>La tenencia compartida, o corresponsabilidad en la crianza, permite que el menor mantenga en contacto con ambos progenitores y de hecho pueda vivir la mitad del tiempo con cada uno.\u00a0<\/p>\n<p>La batalla por la ley de Tenencia Compartida dur\u00f3 a\u00f1os y las familias que lucharon por la aprobaci\u00f3n de la misma fueron v\u00edctimas de ataques, difamaciones y ultrajes de parte de organizaciones feministas y grupos pol\u00edticos de izquierda, que lanzaron una campa\u00f1a de miedo, terror y mentiras contra el proyecto de ley.<\/p>\n<p>Luego de aprobado el mismo las organizaciones del feminismo radical, subsidiadas por el Estado es decir por los impuestos de todos los uruguayos, siguen atacando vilmente la norma, lanzando falsedades, y difamando a sus principales activistas.\u00a0<\/p>\n<p>Est\u00e1 es la segunda parte de la entrevista realizada a Mantero.<\/p>\n<h2>\u00bfPens\u00e1s que hay grupos pol\u00edticos u organizaciones que amenazan la ley de Tenencia Compartida?<\/h2>\n<p>Sabemos que las ONGS feministas radicales van a hacer todo lo posible en este quinquenio para intentar que el sistema pol\u00edtico derogue o modifique la ley.<\/p>\n<div class=\"inter_image image_horizontal\">\n<picture><source class=\"img-responsive\" type=\"image\/webp\" data-srcset=\"https:\/\/filesedc.com\/uploads\/image\/post\/2025\/07\/images-1-1752102060607_300_200.webp 300w, https:\/\/filesedc.com\/uploads\/image\/post\/2025\/07\/images-1-1752102060607_630_420.webp 630w, https:\/\/filesedc.com\/uploads\/image\/post\/2025\/07\/images-1-1752102060607_760_507.webp 760w, https:\/\/filesedc.com\/uploads\/image\/post\/2025\/07\/images-1-1752102060607_1200_800.webp 1200w, https:\/\/filesedc.com\/uploads\/image\/post\/2025\/07\/images-1-1752102060607_1600_1067.webp 1600w, \"><img decoding=\"async\" src=\"https:\/\/derechadiario.com.ar\/filesedc\/uploads\/image\/post\/2025\/07\/images-1-1752102060607_1200_800.webp\" class=\"img-responsive lazyload\" alt=\"Persona de espaldas con camiseta blanca que lleva un mensaje a favor de la tenencia compartida y sostiene una corneta amarilla\" title=\"Persona de espaldas con camiseta blanca que lleva un mensaje a favor de la tenencia compartida y sostiene una corneta amarilla\"><\/picture>\n<div>\n<span class=\"img_footer\">Movilizaci\u00f3n de familias  <\/span>| <span class=\"img_author\">La Derecha Diario<\/span>\n<\/div>\n<\/div>\n<p>Tambi\u00e9n sabemos del peso que tienen en legisladores de izquierda , en la gran prensa y en algunos sectores de los partidos tradicionales, que siguen so\u00f1ando que alg\u00fan d\u00eda esta gente los va a votar<\/p>\n<p>Otos consideran que causas que van contra la agenda de g\u00e9nero, les puede quitar votos, algo que es un gran error. Ya existieron declaraciones de la actual Ministra de Salud P\u00fablica Cristina Lustemberg adjudicando altos niveles de violencia a la infancia con la Tenencia Compartida.<\/p>\n<p>Esto es algo absolutamente tra\u00eddo de los pelos , no se sustenta con ning\u00fan dato especifico , no se acompasa con la realidad de estudios cient\u00edficos internacionales sobre la Tenencia COMPARTIDA, que claramente muestran que cuando los ni\u00f1os tienen mas ojos para ser cuidados , los riesgos bajan.<\/p>\n<p>Es justamente en los hogares monoparentales donde quedan mas aislados y posibles de maltrato los ni\u00f1os.<\/p>\n<h2>\u00bfCrees que en el actual gobierno la ley puede sufrir modificaciones?<\/h2>\n<p>Esperamos que no , que la falta de mayor\u00edas del Frente Amplio en Diputados, no permita que esto se haga realidad. Que se nos escuche, se aplique el sentido com\u00fan y no existan retrocesos en los derechos de los ni\u00f1os.<\/p>\n<p>Ellos tienen derecho a disfrutar de ambos padres y ambas familias luego de una separaci\u00f3n y la ley debe ser clara para defender esto y garantizarlo.<\/p>\n<p>Tambi\u00e9n sabemos que se necesita m\u00e1s legislaci\u00f3n para proteger a los ni\u00f1os, por ejemplo de la interferencia parental ( alienaci\u00f3n parental ) que hace que se obstruyan v\u00ednculos y se genere que los ni\u00f1os rechacen a uno de sus padres y resto de su familia, sin motivos reales.<\/p>\n<p>Se le habla mal de uno de sus padres , se los asusta , se los presiona y se los chantajea para ponerlos de un lado del conflicto y para usarlos para lastimar a la otra persona o para aislarlos y alejarlos definitivamente de la misma.<\/p>\n<figure><img decoding=\"async\" src=\"https:\/\/derechadiario.com.ar\/filesedc\/uploads\/image\/post\/2025\/07\/tenencia_1200_800.webp\" class=\"img-responsive lazyload\" alt=\"Pintada en una pared blanca con las palabras tenencia compartida escritas en letras grandes y negras\" title=\"Pintada en una pared blanca con las palabras tenencia compartida escritas en letras grandes y negras\"><\/figure>\n<p>Esto es maltrato infantil y trae consecuencias muy negativas en los ni\u00f1os desde todo punto de vista.<\/p>\n<p>Tambi\u00e9n es un debe la modificaci\u00f3n en profundidad de la nefasta ley 19580 de Violencia de Genero. En lo personal creo que no deber\u00eda existir esa ley ya que no est\u00e1 bueno legislar seg\u00fan el sexo de la persona.<\/p>\n<p>Hay hoy 2 proyectos en comisi\u00f3n del Senado esperando. Son algo escuetos y se quedan cortos en lo que se deber\u00eda modificar, pero es mejor que nada y por algo se debe comenzar.<\/p>\n<figure><img decoding=\"async\" src=\"https:\/\/derechadiario.com.ar\/filesedc\/uploads\/image\/post\/2025\/07\/images-1752102583049_1200_800.webp\" class=\"img-responsive lazyload\" alt=\"Personas de espaldas usando camisetas blancas con el mensaje tenencia compartida ya en una manifestaci\u00f3n al aire libre.\" title=\"Personas de espaldas usando camisetas blancas con el mensaje tenencia compartida ya en una manifestaci\u00f3n al aire libre.\"><\/figure>\n<p>Poner la discusi\u00f3n arriba de la mesa\u00a0 y discutir sin ideolog\u00eda deber\u00eda ser imperioso. Los ni\u00f1os no pueden esperar , la igualdad ante la ley tampoco.<\/p>\n","protected":false},"excerpt":{"rendered":"<p>Marcel Mantero Di Stasio es un activista por los derechos de los ni\u00f1os desde hace varios a\u00f1os. En 2023 se logr\u00f3 que se aprobara la ley de Tenencia Compartida, un verdadero moj\u00f3n en los derechos de la infancia que permite que todo ni\u00f1o o adolescente de padres separados\u00a0pueda mantener el contacto con ambos progenitores mediante [&hellip;]<\/p>\n","protected":false},"author":2,"featured_media":10445,"comment_status":"open","ping_status":"open","sticky":false,"template":"","format":"standard","meta":{"_et_pb_use_builder":"","_et_pb_old_content":"","_et_gb_content_width":"","footnotes":""},"categories":[84],"tags":[],"class_list":["post-10444","post","type-post","status-publish","format-standard","has-post-thumbnail","hentry","category-ultimomomento"],"_links":{"self":[{"href":"https:\/\/verdadincomodadiario.ar\/index.php?rest_route=\/wp\/v2\/posts\/10444","targetHints":{"allow":["GET"]}}],"collection":[{"href":"https:\/\/verdadincomodadiario.ar\/index.php?rest_route=\/wp\/v2\/posts"}],"about":[{"href":"https:\/\/verdadincomodadiario.ar\/index.php?rest_route=\/wp\/v2\/types\/post"}],"author":[{"embeddable":true,"href":"https:\/\/verdadincomodadiario.ar\/index.php?rest_route=\/wp\/v2\/users\/2"}],"replies":[{"embeddable":true,"href":"https:\/\/verdadincomodadiario.ar\/index.php?rest_route=%2Fwp%2Fv2%2Fcomments&post=10444"}],"version-history":[{"count":0,"href":"https:\/\/verdadincomodadiario.ar\/index.php?rest_route=\/wp\/v2\/posts\/10444\/revisions"}],"wp:featuredmedia":[{"embeddable":true,"href":"https:\/\/verdadincomodadiario.ar\/index.php?rest_route=\/wp\/v2\/media\/10445"}],"wp:attachment":[{"href":"https:\/\/verdadincomodadiario.ar\/index.php?rest_route=%2Fwp%2Fv2%2Fmedia&parent=10444"}],"wp:term":[{"taxonomy":"category","embeddable":true,"href":"https:\/\/verdadincomodadiario.ar\/index.php?rest_route=%2Fwp%2Fv2%2Fcategories&post=10444"},{"taxonomy":"post_tag","embeddable":true,"href":"https:\/\/verdadincomodadiario.ar\/index.php?rest_route=%2Fwp%2Fv2%2Ftags&post=10444"}],"curies":[{"name":"wp","href":"https:\/\/api.w.org\/{rel}","templated":true}]}}