{"id":10442,"date":"2025-07-10T00:25:28","date_gmt":"2025-07-10T00:25:28","guid":{"rendered":"https:\/\/verdadincomodadiario.ar\/?p=10442"},"modified":"2025-07-10T00:25:28","modified_gmt":"2025-07-10T00:25:28","slug":"mas-deuda-menos-libertad-el-precio-del-estatismo-uruguayo","status":"publish","type":"post","link":"https:\/\/verdadincomodadiario.ar\/?p=10442","title":{"rendered":"M\u00e1s deuda, menos libertad: el precio del estatismo uruguayo"},"content":{"rendered":"<p><strong>Mientras el gobierno elabora el pr\u00f3ximo presupuesto quinquenal 2026-2030, el debate fiscal vuelve a ocupar el centro de la agenda econ\u00f3mica del pa\u00eds.<\/strong><\/p>\n<p>El pasado 26 de junio en el Consejo de Ministros, el ministro de Econom\u00eda y Finanzas, Gabriel Oddone, present\u00f3 los principales lineamientos que orientar\u00e1n la redacci\u00f3n del proyecto de ley que deber\u00e1 ingresar al Parlamento antes del 31 de agosto, como lo establece el art\u00edculo 214 de la Constituci\u00f3n.<\/p>\n<p><strong>Oddone expuso el panorama macroecon\u00f3mico y fiscal del pa\u00eds, destacando que el nuevo presupuesto buscar\u00e1 mantener un \u00abnivel de deuda prudente\u00bb, estimado en torno al 60% del Producto Interno Bruto<\/strong>, y que servir\u00e1 de ancla para la aplicaci\u00f3n de la regla fiscal.<\/p>\n<p>Sin embargo, mientras se habla de &#8220;prudencia fiscal&#8221; y &#8220;reglas claras&#8221;, el propio Poder Ejecutivo ha enviado al Parlamento la Rendici\u00f3n de Cuentas 2024 solicitando un aumento del tope de endeudamiento para el pr\u00f3ximo a\u00f1o, llev\u00e1ndolo hasta los US$ 3.450 millones.<\/p>\n<p><strong>La gula del Estado<\/strong><\/p>\n<p><strong>Justificar el aumento del tope de endeudamiento como algo necesario y responsable es de un cinismo exquisito.<\/strong> El Estado uruguayo est\u00e1 muy lejos de tener problemas de ingresos. Lo que existe es un despilfarro descarado de los recursos p\u00fablicos.<\/p>\n<div class=\"inter_image image_horizontal\">\n<picture><source class=\"img-responsive\" type=\"image\/webp\" data-srcset=\"https:\/\/filesedc.com\/uploads\/image\/post\/2025\/07\/img-20250709-wa0037_300_200.webp 300w, https:\/\/filesedc.com\/uploads\/image\/post\/2025\/07\/img-20250709-wa0037_630_420.webp 630w, https:\/\/filesedc.com\/uploads\/image\/post\/2025\/07\/img-20250709-wa0037_760_507.webp 760w, https:\/\/filesedc.com\/uploads\/image\/post\/2025\/07\/img-20250709-wa0037_1200_800.webp 1200w, https:\/\/filesedc.com\/uploads\/image\/post\/2025\/07\/img-20250709-wa0037_1600_1067.webp 1600w, \"><img decoding=\"async\" src=\"https:\/\/derechadiario.com.ar\/filesedc\/uploads\/image\/post\/2025\/07\/img-20250709-wa0037_1200_800.webp\" class=\"img-responsive lazyload\" alt=\"Varias personas sentadas en una sala de reuniones con computadoras port\u00e1tiles y documentos sobre la mesa mientras una pantalla al fondo muestra una gr\u00e1fica\" title=\"Varias personas sentadas en una sala de reuniones con computadoras port\u00e1tiles y documentos sobre la mesa mientras una pantalla al fondo muestra una gr\u00e1fica\"><\/picture>\n<div>\n<span class=\"img_footer\">Presentaci\u00f3n de Rendici\u00f3n de Cuentas. <\/span>| <span class=\"img_author\">Redacci\u00f3n<\/span>\n<\/div>\n<\/div>\n<p>No estamos frente a una situaci\u00f3n de emergencia que requiera endeudarse m\u00e1s, sino frente a un Estado que gasta como si tuviera recursos infinitos, mientras endeuda a las futuras generaciones de nuestro pa\u00eds.<\/p>\n<p><strong>En 2024, el d\u00e9ficit fiscal lleg\u00f3 al 4,2 % del PIB<\/strong>, reflejando que el Estado contin\u00faa gastando por encima de sus posibilidades reales. El Gobierno Central y el Banco de Previsi\u00f3n Social (BPS) no quedan al margen de esta din\u00e1mica: acumulan un d\u00e9ficit conjunto del 3,3 % que evidencia un manejo irresponsable de los recursos p\u00fablicos y una expansi\u00f3n constante del gasto estatal.<\/p>\n<p><a href=\"https:\/\/derechadiario.com.ar\/uruguay\/politica\/mujica-delato-sus-companeros-y-colaboro-con-los-militares-1972\">Quiz\u00e1s tambi\u00e9n te interese una historia oculta del comunista Mujica<\/a><\/p>\n<p><strong>Para financiar este derroche, el pa\u00eds increment\u00f3 su deuda p\u00fablica en casi 5.700 millones de d\u00f3lares en apenas un a\u00f1o.<\/strong><\/p>\n<p>Este aumento no solo significa m\u00e1s pr\u00e9stamos, sino tambi\u00e9n m\u00e1s intereses que se deber\u00e1n pagar, limitando la capacidad del Estado para invertir en \u00e1reas prioritarias o reducir impuestos que beneficien a los uruguayos.<\/p>\n<p><strong>El ratio deuda\/PIB subi\u00f3 del 64 % al 68,7 %, un claro s\u00edntoma de que la econom\u00eda uruguaya se est\u00e1 financiando cada vez m\u00e1s con dinero prestado.<\/strong> Esta tendencia creciente es insostenible.<\/p>\n<p><strong>Millones para el progresismo identitario<\/strong><\/p>\n<p>Y lo m\u00e1s grave es en qu\u00e9 se gasta. <strong>En plena crisis fiscal, mientras el d\u00e9ficit crece y el gobierno toma m\u00e1s deuda, se siguen destinando millones de d\u00f3lares a financiar una agenda que no genera empleo ni crecimiento econ\u00f3mico.<\/strong><\/p>\n<figure><img decoding=\"async\" src=\"https:\/\/derechadiario.com.ar\/filesedc\/uploads\/image\/post\/2025\/07\/img-20250709-wa0040_1200_800.webp\" class=\"img-responsive lazyload\" alt=\"Fachada de un edificio hist\u00f3rico iluminado con luces violetas durante la noche\" title=\"Fachada de un edificio hist\u00f3rico iluminado con luces violetas durante la noche\"><\/figure>\n<p>El anexo \u00abPol\u00edticas de Igualdad de G\u00e9nero\u00bb del ejercicio 2024 muestra que solo en pol\u00edticas de g\u00e9nero etiquetadas como tales, el gasto fue de m\u00e1s de 23 millones de d\u00f3lares, repartidos entre campa\u00f1as, capacitaciones, adecuaciones edilicias y compra de materiales para promover \u201cigualdad\u201d. Y esto sin contar otras \u00e1reas que camuflan el gasto.<\/p>\n<p><a href=\"https:\/\/derechadiario.com.ar\/uruguay\/opinion\/asi-luce-socialdemocracia\">Quiz\u00e1s tambi\u00e9n te interese una rese\u00f1a sobre la verdadera socialdemocracia<\/a><\/p>\n<p>En 2019, bajo la administraci\u00f3n de Tabar\u00e9 V\u00e1zquez, se asignaron 621 millones de pesos uruguayos, equivalentes a unos 17,7 millones de d\u00f3lares, para promover la perspectiva de g\u00e9nero.<\/p>\n<p><strong>Para 2024, bajo el gobierno te\u00f3ricamente de derecha de Luis Lacalle Pou, la cifra destinada a pol\u00edticas feministas subi\u00f3 a 906 millones de pesos<\/strong>, aproximadamente 23,2 millones de d\u00f3lares.<\/p>\n<p><strong>Acomodados por Ley<\/strong><\/p>\n<p>Para empeorar el escenario, existen las cuotas. En los \u00faltimos a\u00f1os, Uruguay ha establecido por ley diversos cupos laborales obligatorios para el ingreso al sector p\u00fablico.<\/p>\n<p>La normativa establece, por ejemplo, el 8 % para afrodescendientes (Ley N.\u00ba\u202f19.122), el 4 % para personas con discapacidad (Ley N\u00b0 19.691), el 1 % para personas trans (Ley N\u00b0 19.684) y ahora tambi\u00e9n para v\u00edctimas de delitos violentos, seg\u00fan lo establece el art\u00edculo 105 de la Ley de Urgente Consideraci\u00f3n.<\/p>\n<p>Durante 2024, ingresaron al Estado 415 personas afrodescendientes (197 hombres y 218 mujeres), 81 personas con discapacidad, 23 personas trans y de 1.808 vacantes para v\u00edctimas de delitos violentos, solo una fue efectivamente ocupada. <strong>A pesar del delirio que esto supone y de la elefanti\u00e1sica e ineficiente burocracia estatal, no se cumpli\u00f3 con la Ley de cuotas.<\/strong><\/p>\n<p><a href=\"https:\/\/derechadiario.com.ar\/uruguay\/politica\/100-dias-bitacora-del-proyecto-gobierno-honesto-yamandu-orsi\">Quiz\u00e1s tambi\u00e9n te interese leer los primeros 100 d\u00edas del gobierno izquierdista<\/a><\/p>\n<p><strong>El empleo p\u00fablico se ha transformado en un sistema de privilegios identitarios<\/strong>, que no contempla la preparaci\u00f3n profesional. As\u00ed, se encajona el principio b\u00e1sico de que los cargos deben ocuparse por los m\u00e1s capaces.<\/p>\n<p>Mientras el d\u00e9ficit fiscal supera el 4 % del PIB, el Estado sigue financiando proyectos de inclusi\u00f3n que generan m\u00e1s burocracia que resultados productivos: <strong>se priorizan agendas ideol\u00f3gicas frente a la necesidad urgente de ordenar las cuentas p\u00fablicas y reactivar la econom\u00eda real.<\/strong><\/p>\n<p><strong>No hay competitividad, hay esclavitud fiscal<\/strong><\/p>\n<p>Recientemente, el ministro Oddone reconoci\u00f3 que Uruguay enfrenta \u201cproblemas de competitividad severos\u201d debido a trabas burocr\u00e1ticas y regulaciones mal aplicadas. Como respuesta, anunci\u00f3 un paquete de 12 medidas microecon\u00f3micas orientadas a mejorar el comercio exterior mediante la simplificaci\u00f3n de tr\u00e1mites y la reducci\u00f3n de costos.<\/p>\n<p>Sin embargo, estas medidas tienen un alcance limitado y, una vez m\u00e1s, <strong>no contemplan el verdadero problema: un aparato estatal sobredimensionado que ahoga la iniciativa privada con impuestos y regulaciones.<\/strong><\/p>\n<p><strong>Las reducciones fiscales anunciadas \u2014unos 20 millones de d\u00f3lares anuales\u2014 son insignificantes<\/strong> frente al peso total de la carga tributaria y regulatoria que enfrentan los sectores productivos.<\/p>\n<p>Mientras el Estado mantiene un gasto desbordado y sigue aumentando la deuda p\u00fablica, pretende mejorar la competitividad con ajustes marginales. <strong>Lo que necesita el sector privado es que le saquen el peso del Estado.<\/strong><\/p>\n<p>\u00bfC\u00f3mo se puede esperar crecimiento econ\u00f3mico real si ni siquiera se menciona la necesidad de reducir el gasto p\u00fablico y achicar el tama\u00f1o del Estado?<\/p>\n<p><strong>La verdadera competitividad no se logra con medidas parciales, sino con menos impuestos, menos burocracia y m\u00e1s libertad econ\u00f3mica.<\/strong> Mientras el Estado siga expandiendo su tama\u00f1o y su gasto, cualquier mejora ser\u00e1 in\u00fatil.<\/p>\n<p><strong>Uruguay sigue cayendo lentamente en picada: gasto p\u00fablico excesivo y m\u00e1s deuda.<\/strong> Es urgente achicar el tama\u00f1o del Estado, liberar el sector privado para que genere trabajo y arrancar de ra\u00edz la agenda globalista de nuestra tierra. <strong>Solo as\u00ed la sociedad uruguaya podr\u00e1 prosperar.<\/strong><\/p>\n","protected":false},"excerpt":{"rendered":"<p>Mientras el gobierno elabora el pr\u00f3ximo presupuesto quinquenal 2026-2030, el debate fiscal vuelve a ocupar el centro de la agenda econ\u00f3mica del pa\u00eds. El pasado 26 de junio en el Consejo de Ministros, el ministro de Econom\u00eda y Finanzas, Gabriel Oddone, present\u00f3 los principales lineamientos que orientar\u00e1n la redacci\u00f3n del proyecto de ley que deber\u00e1 [&hellip;]<\/p>\n","protected":false},"author":2,"featured_media":10443,"comment_status":"open","ping_status":"open","sticky":false,"template":"","format":"standard","meta":{"_et_pb_use_builder":"","_et_pb_old_content":"","_et_gb_content_width":"","footnotes":""},"categories":[84],"tags":[],"class_list":["post-10442","post","type-post","status-publish","format-standard","has-post-thumbnail","hentry","category-ultimomomento"],"_links":{"self":[{"href":"https:\/\/verdadincomodadiario.ar\/index.php?rest_route=\/wp\/v2\/posts\/10442","targetHints":{"allow":["GET"]}}],"collection":[{"href":"https:\/\/verdadincomodadiario.ar\/index.php?rest_route=\/wp\/v2\/posts"}],"about":[{"href":"https:\/\/verdadincomodadiario.ar\/index.php?rest_route=\/wp\/v2\/types\/post"}],"author":[{"embeddable":true,"href":"https:\/\/verdadincomodadiario.ar\/index.php?rest_route=\/wp\/v2\/users\/2"}],"replies":[{"embeddable":true,"href":"https:\/\/verdadincomodadiario.ar\/index.php?rest_route=%2Fwp%2Fv2%2Fcomments&post=10442"}],"version-history":[{"count":0,"href":"https:\/\/verdadincomodadiario.ar\/index.php?rest_route=\/wp\/v2\/posts\/10442\/revisions"}],"wp:featuredmedia":[{"embeddable":true,"href":"https:\/\/verdadincomodadiario.ar\/index.php?rest_route=\/wp\/v2\/media\/10443"}],"wp:attachment":[{"href":"https:\/\/verdadincomodadiario.ar\/index.php?rest_route=%2Fwp%2Fv2%2Fmedia&parent=10442"}],"wp:term":[{"taxonomy":"category","embeddable":true,"href":"https:\/\/verdadincomodadiario.ar\/index.php?rest_route=%2Fwp%2Fv2%2Fcategories&post=10442"},{"taxonomy":"post_tag","embeddable":true,"href":"https:\/\/verdadincomodadiario.ar\/index.php?rest_route=%2Fwp%2Fv2%2Ftags&post=10442"}],"curies":[{"name":"wp","href":"https:\/\/api.w.org\/{rel}","templated":true}]}}