{"id":10440,"date":"2025-07-10T00:25:29","date_gmt":"2025-07-10T00:25:29","guid":{"rendered":"https:\/\/verdadincomodadiario.ar\/?p=10440"},"modified":"2025-07-10T00:25:29","modified_gmt":"2025-07-10T00:25:29","slug":"estados-unidos-sanciono-a-una-funcionaria-de-la-onu-por-antisemita","status":"publish","type":"post","link":"https:\/\/verdadincomodadiario.ar\/?p=10440","title":{"rendered":"Estados Unidos sancion\u00f3 a una funcionaria de la ONU por antisemita"},"content":{"rendered":"<p>El secretario de Estado de Estados Unidos, Marco Rubio, anunci\u00f3 la imposici\u00f3n de sanciones contra Francesca Albanese, relatora especial del Consejo de Derechos Humanos de las Naciones Unidas para los Territorios Palestinos.<\/p>\n<p>La medida se produce en respuesta a las gestiones de Albanese ante la Corte Penal Internacional (CPI) para investigar y procesar a funcionarios estadounidenses e israel\u00edes por presuntos cr\u00edmenes de guerra.<\/p>\n<p>&#8220;Hoy impongo sanciones contra Francesca Paola Albanese en virtud de la Orden Ejecutiva 14203 del presidente Trump, \u2018Imposici\u00f3n de sanciones contra la Corte Penal Internacional\u2019&#8221;, declar\u00f3 Rubio. \u201cAlbanese ha mantenido contactos directos con la CPI para promover investigaciones, arrestos o procesos penales contra ciudadanos de Estados Unidos o de Israel, sin el consentimiento de ninguno de los dos pa\u00edses. Dado que ni Estados Unidos ni Israel son parte del Estatuto de Roma, esta acci\u00f3n representa una grave vulneraci\u00f3n de la soberan\u00eda de ambas naciones\u201d.<\/p>\n<p>Rubio tambi\u00e9n cuestion\u00f3 el historial de Albanese, al acusarla de una \u201cactividad sesgada y maliciosa\u201d que, seg\u00fan dijo, la ha vuelto \u201cinepta para ejercer su cargo en la ONU\u201d.<\/p>\n<p>Rubio a\u00f1adi\u00f3: \u201cHa difundido antisemitismo sin tapujos, expresado apoyo al terrorismo y mostrado un abierto desprecio hacia Estados Unidos, Israel y Occidente. Ese sesgo se ha manifestado a lo largo de su carrera, incluso al recomendar que la CPI emita \u00f3rdenes de arresto \u2014sin base leg\u00edtima\u2014 contra el primer ministro israel\u00ed Benjam\u00edn Netanyahu y el exministro de Defensa Yoav Gallant\u201d.<\/p>\n<p>El secretario de Estado sostuvo que Albanese ha intensificado su campa\u00f1a recientemente, enviando cartas \u201camenazantes\u201d a decenas de entidades alrededor del mundo, incluyendo a grandes empresas estadounidenses de los sectores financiero, tecnol\u00f3gico, energ\u00e9tico, de defensa y hoteler\u00eda. En dichas misivas, Albanese habr\u00eda emitido acusaciones \u201cextremas e infundadas\u201d y solicitado a la CPI que investigue y procese a dichas compa\u00f1\u00edas y a sus directivos.<\/p>\n<p>\u201cNo vamos a tolerar estas campa\u00f1as de guerra pol\u00edtica y econ\u00f3mica que ponen en peligro nuestros intereses nacionales y nuestra soberan\u00eda\u201d, advirti\u00f3 Rubio. \u201cEstados Unidos seguir\u00e1 tomando las medidas que considere necesarias para frenar este tipo de ofensiva legal (\u2018lawfare\u2019), para limitar los excesos y abusos de poder de la CPI y para proteger nuestra soberan\u00eda y la de nuestros aliados\u201d.<\/p>\n<p>Desde Jerusal\u00e9n, el ministro de Relaciones Exteriores de Israel, Gideon Sa\u2019ar, celebr\u00f3 la decisi\u00f3n de Washington y afirm\u00f3 que se trata de \u201cun mensaje claro. \u00a1Ya es hora de que la ONU preste atenci\u00f3n!\u201d.<\/p>\n","protected":false},"excerpt":{"rendered":"<p>El secretario de Estado de Estados Unidos, Marco Rubio, anunci\u00f3 la imposici\u00f3n de sanciones contra Francesca Albanese, relatora especial del Consejo de Derechos Humanos de las Naciones Unidas para los Territorios Palestinos. La medida se produce en respuesta a las gestiones de Albanese ante la Corte Penal Internacional (CPI) para investigar y procesar a funcionarios [&hellip;]<\/p>\n","protected":false},"author":2,"featured_media":10441,"comment_status":"open","ping_status":"open","sticky":false,"template":"","format":"standard","meta":{"_et_pb_use_builder":"","_et_pb_old_content":"","_et_gb_content_width":"","footnotes":""},"categories":[84],"tags":[],"class_list":["post-10440","post","type-post","status-publish","format-standard","has-post-thumbnail","hentry","category-ultimomomento"],"_links":{"self":[{"href":"https:\/\/verdadincomodadiario.ar\/index.php?rest_route=\/wp\/v2\/posts\/10440","targetHints":{"allow":["GET"]}}],"collection":[{"href":"https:\/\/verdadincomodadiario.ar\/index.php?rest_route=\/wp\/v2\/posts"}],"about":[{"href":"https:\/\/verdadincomodadiario.ar\/index.php?rest_route=\/wp\/v2\/types\/post"}],"author":[{"embeddable":true,"href":"https:\/\/verdadincomodadiario.ar\/index.php?rest_route=\/wp\/v2\/users\/2"}],"replies":[{"embeddable":true,"href":"https:\/\/verdadincomodadiario.ar\/index.php?rest_route=%2Fwp%2Fv2%2Fcomments&post=10440"}],"version-history":[{"count":0,"href":"https:\/\/verdadincomodadiario.ar\/index.php?rest_route=\/wp\/v2\/posts\/10440\/revisions"}],"wp:featuredmedia":[{"embeddable":true,"href":"https:\/\/verdadincomodadiario.ar\/index.php?rest_route=\/wp\/v2\/media\/10441"}],"wp:attachment":[{"href":"https:\/\/verdadincomodadiario.ar\/index.php?rest_route=%2Fwp%2Fv2%2Fmedia&parent=10440"}],"wp:term":[{"taxonomy":"category","embeddable":true,"href":"https:\/\/verdadincomodadiario.ar\/index.php?rest_route=%2Fwp%2Fv2%2Fcategories&post=10440"},{"taxonomy":"post_tag","embeddable":true,"href":"https:\/\/verdadincomodadiario.ar\/index.php?rest_route=%2Fwp%2Fv2%2Ftags&post=10440"}],"curies":[{"name":"wp","href":"https:\/\/api.w.org\/{rel}","templated":true}]}}