{"id":10426,"date":"2025-07-09T19:25:14","date_gmt":"2025-07-09T19:25:14","guid":{"rendered":"https:\/\/verdadincomodadiario.ar\/?p=10426"},"modified":"2025-07-09T19:25:14","modified_gmt":"2025-07-09T19:25:14","slug":"xiaomi-prueba-su-nuevo-yu9-un-suv-hibrido-con-mas-de-1-500-km-de-autonomia","status":"publish","type":"post","link":"https:\/\/verdadincomodadiario.ar\/?p=10426","title":{"rendered":"Xiaomi prueba su nuevo YU9: un SUV h\u00edbrido con m\u00e1s de 1.500 km de autonom\u00eda"},"content":{"rendered":"<p>Un <strong>veh\u00edculo camuflado<\/strong> fue visto circulando en las calles de <strong>China<\/strong>. Las im\u00e1genes filtradas en redes como <em>Weibo<\/em> apuntan a que se trata del nuevo <strong><a href=\"https:\/\/derechadiario.com.ar\/economia\/jac-s2-se-convierte-suv-mas-barato-argentina-cuanto-cuesta-y-que-trae\" title=\"El Jac S2 se convierte en el SUV m\u00e1s barato de Argentina: cu\u00e1nto cuesta y qu\u00e9 trae\">SUV<\/a><\/strong>\u00a0 de <strong>Xiaomi<\/strong>, el \u00a0<strong>YU9<\/strong>.<\/p>\n<p>Todo indica que pertenece a la misma l\u00ednea que el <a href=\"https:\/\/derechadiario.com.ar\/sociedad\/xiaomi-yu7-ya-tiene-fecha-asi-sera-su-suv-electrico-premium\" title=\"El Xiaomi YU7 ya tiene fecha: as\u00ed ser\u00e1 su SUV el\u00e9ctrico premium\"><strong>YU7<\/strong><\/a>, pero orientado a un p\u00fablico que prioriza el espacio y la funcionalidad.<\/p>\n<div class=\"inter_image image_horizontal\">\n<picture><source class=\"img-responsive\" type=\"image\/webp\" data-srcset=\"https:\/\/filesedc.com\/uploads\/image\/post\/2025\/07\/xiaomi-yu9-suv_300_200.webp 300w, https:\/\/filesedc.com\/uploads\/image\/post\/2025\/07\/xiaomi-yu9-suv_630_420.webp 630w, https:\/\/filesedc.com\/uploads\/image\/post\/2025\/07\/xiaomi-yu9-suv_760_507.webp 760w, https:\/\/filesedc.com\/uploads\/image\/post\/2025\/07\/xiaomi-yu9-suv_1200_800.webp 1200w, https:\/\/filesedc.com\/uploads\/image\/post\/2025\/07\/xiaomi-yu9-suv_1600_1067.webp 1600w, \"><img decoding=\"async\" src=\"https:\/\/derechadiario.com.ar\/filesedc\/uploads\/image\/post\/2025\/07\/xiaomi-yu9-suv_1200_800.webp\" class=\"img-responsive lazyload\" alt=\"Veh\u00edculo cubierto con camuflaje de pruebas estacionado en la calle durante la noche\" title=\"Veh\u00edculo cubierto con camuflaje de pruebas estacionado en la calle durante la noche\"><\/picture>\n<div>\n<span class=\"img_footer\">Las im\u00e1genes filtradas apuntan a que se trata del nuevo SUV de Xiaomi <\/span>| <span class=\"img_author\">La Derecha Diario<\/span>\n<\/div>\n<\/div>\n<h2><strong>Dise\u00f1o familiar, pero m\u00e1s grande y cuadrado<\/strong><\/h2>\n<p>El YU9 mantiene la est\u00e9tica SUV, pero con un dise\u00f1o robusto y l\u00edneas m\u00e1s rectas, al estilo de un <strong>Toyota Land Cruiser<\/strong>.<\/p>\n<p>Medir\u00eda unos 5,3 metros de largo y se especula con la posibilidad de sumar <strong>una tercera fila de asientos<\/strong>.<\/p>\n<h3><strong>Un modelo pensado para familias y viajes largos<\/strong><\/h3>\n<p>El enfoque parece ser pr\u00e1ctico, con gran espacio interior, sin resignar la identidad moderna de la marca.<\/p>\n<figure><img decoding=\"async\" src=\"https:\/\/derechadiario.com.ar\/filesedc\/uploads\/image\/post\/2025\/07\/xiaomi-yu9-nuevo-auto_1200_800.webp\" class=\"img-responsive lazyload\" alt=\"Auto cubierto con camuflaje negro circulando por una calle durante pruebas de desarrollo\" title=\"Auto cubierto con camuflaje negro circulando por una calle durante pruebas de desarrollo\"><\/figure>\n<p>Los renders creados por fans muestran un auto m\u00e1s imponente, ideal para el d\u00eda a d\u00eda y escapadas al aire libre.<\/p>\n<h2><strong>El gran cambio: \u00bfgasolina en un auto de Xiaomi?<\/strong><\/h2>\n<p>Este modelo podr\u00eda ser el primero de la marca con un <strong>motor a combusti\u00f3n<\/strong>, algo in\u00e9dito hasta ahora en su l\u00ednea.<\/p>\n<figure><img decoding=\"async\" src=\"https:\/\/derechadiario.com.ar\/filesedc\/uploads\/image\/post\/2025\/07\/yu9-xiaomi-suv_1200_800.webp\" class=\"img-responsive lazyload\" alt=\"Veh\u00edculo cubierto con camuflaje negro durante pruebas, con la puerta del conductor abierta y detalles ocultos para evitar revelar su dise\u00f1o.\" title=\"Veh\u00edculo cubierto con camuflaje negro durante pruebas, con la puerta del conductor abierta y detalles ocultos para evitar revelar su dise\u00f1o.\"><\/figure>\n<p>La decisi\u00f3n responder\u00eda a las <strong>limitaciones de autonom\u00eda<\/strong> en SUV el\u00e9ctricos tan grandes.<\/p>\n<h3><strong>Probable configuraci\u00f3n h\u00edbrida<\/strong><\/h3>\n<p>Seg\u00fan las filtraciones, el YU9 combinar\u00eda un <strong>motor turbo 1.5L<\/strong> con un sistema el\u00e9ctrico de bater\u00eda.<\/p>\n<aside class=\"whatsappChannelText\"><a href=\"https:\/\/whatsapp.com\/channel\/0029VagEjILGE56eKjedWF2U\" rel=\"nofollow\" title=\"WhatsApp Link\"><img alt=\"Logo de WhatsApp\" class=\"lazyload\" data-src=\"https:\/\/derechadiario.com.ar\/filesedc\/uploads\/other\/whatsapp_icon_mid_article.png\" width=\"32\" height=\"32\"><\/a> <a href=\"https:\/\/whatsapp.com\/channel\/0029VagEjILGE56eKjedWF2U\" rel=\"nofollow\" title=\"WhatsApp Link\"><strong>NO SE PIERDAN NINGUNA NOTICIA<\/strong>: Click aqu\u00ed para sumarte <strong>GRATIS<\/strong> al canal de noticias de <strong>La Derecha Diario en WhatsApp.<\/strong><\/a><\/aside>\n<p>Ofrecer\u00eda unos 200 km de autonom\u00eda solo en modo el\u00e9ctrico y un alcance total cercano a los <strong>1.500 km<\/strong>.<\/p>\n","protected":false},"excerpt":{"rendered":"<p>Un veh\u00edculo camuflado fue visto circulando en las calles de China. Las im\u00e1genes filtradas en redes como Weibo apuntan a que se trata del nuevo SUV\u00a0 de Xiaomi, el \u00a0YU9. Todo indica que pertenece a la misma l\u00ednea que el YU7, pero orientado a un p\u00fablico que prioriza el espacio y la funcionalidad. Las im\u00e1genes [&hellip;]<\/p>\n","protected":false},"author":2,"featured_media":10427,"comment_status":"open","ping_status":"open","sticky":false,"template":"","format":"standard","meta":{"_et_pb_use_builder":"","_et_pb_old_content":"","_et_gb_content_width":"","footnotes":""},"categories":[84],"tags":[],"class_list":["post-10426","post","type-post","status-publish","format-standard","has-post-thumbnail","hentry","category-ultimomomento"],"_links":{"self":[{"href":"https:\/\/verdadincomodadiario.ar\/index.php?rest_route=\/wp\/v2\/posts\/10426","targetHints":{"allow":["GET"]}}],"collection":[{"href":"https:\/\/verdadincomodadiario.ar\/index.php?rest_route=\/wp\/v2\/posts"}],"about":[{"href":"https:\/\/verdadincomodadiario.ar\/index.php?rest_route=\/wp\/v2\/types\/post"}],"author":[{"embeddable":true,"href":"https:\/\/verdadincomodadiario.ar\/index.php?rest_route=\/wp\/v2\/users\/2"}],"replies":[{"embeddable":true,"href":"https:\/\/verdadincomodadiario.ar\/index.php?rest_route=%2Fwp%2Fv2%2Fcomments&post=10426"}],"version-history":[{"count":0,"href":"https:\/\/verdadincomodadiario.ar\/index.php?rest_route=\/wp\/v2\/posts\/10426\/revisions"}],"wp:featuredmedia":[{"embeddable":true,"href":"https:\/\/verdadincomodadiario.ar\/index.php?rest_route=\/wp\/v2\/media\/10427"}],"wp:attachment":[{"href":"https:\/\/verdadincomodadiario.ar\/index.php?rest_route=%2Fwp%2Fv2%2Fmedia&parent=10426"}],"wp:term":[{"taxonomy":"category","embeddable":true,"href":"https:\/\/verdadincomodadiario.ar\/index.php?rest_route=%2Fwp%2Fv2%2Fcategories&post=10426"},{"taxonomy":"post_tag","embeddable":true,"href":"https:\/\/verdadincomodadiario.ar\/index.php?rest_route=%2Fwp%2Fv2%2Ftags&post=10426"}],"curies":[{"name":"wp","href":"https:\/\/api.w.org\/{rel}","templated":true}]}}