{"id":10424,"date":"2025-07-09T19:25:15","date_gmt":"2025-07-09T19:25:15","guid":{"rendered":"https:\/\/verdadincomodadiario.ar\/?p=10424"},"modified":"2025-07-09T19:25:15","modified_gmt":"2025-07-09T19:25:15","slug":"dune-parte-3-ya-tiene-titulo-oficial-y-promete-un-regreso-epico-en-imax","status":"publish","type":"post","link":"https:\/\/verdadincomodadiario.ar\/?p=10424","title":{"rendered":"Dune: Parte 3 ya tiene t\u00edtulo oficial y promete un regreso \u00e9pico en IMAX"},"content":{"rendered":"<p><strong>Denis Villeneuve<\/strong> vuelve a ponerse detr\u00e1s de c\u00e1mara para expandir el universo de <strong><a href=\"https:\/\/derechadiario.com.ar\/entretenimiento\/dune-awakening-arrasa-steam-con-mas-142000-jugadores-simultaneos\" title=\"Dune: Awakening arrasa en Steam con m\u00e1s de 142.000 jugadores simult\u00e1neos\"><em>Dune<\/em><\/a><\/strong>\u00a0 con una tercera entrega que ya confirm\u00f3 su nombre oficial.<\/p>\n<p><strong>Warner Bros.<\/strong> y <strong>Legendary<\/strong> apuestan fuerte por la saga de ciencia ficci\u00f3n y aseguran una nueva experiencia visual con escenas rodadas en <a href=\"https:\/\/derechadiario.com.ar\/entretenimiento\/christopher-nolan-revoluciona-cine-con-odisea-se-grabar-con-camaras-imax\" title=\"Christopher Nolan revoluciona el cine con La Odisea: se va a grabar con c\u00e1maras IMAX\">formato <strong>IMAX<\/strong><\/a>.<\/p>\n<div class=\"inter_image image_horizontal\">\n<picture><source class=\"img-responsive\" type=\"image\/webp\" data-srcset=\"https:\/\/filesedc.com\/uploads\/image\/post\/2025\/07\/dune-parte-3-grabacion-imax_300_200.webp 300w, https:\/\/filesedc.com\/uploads\/image\/post\/2025\/07\/dune-parte-3-grabacion-imax_630_420.webp 630w, https:\/\/filesedc.com\/uploads\/image\/post\/2025\/07\/dune-parte-3-grabacion-imax_760_507.webp 760w, https:\/\/filesedc.com\/uploads\/image\/post\/2025\/07\/dune-parte-3-grabacion-imax_1200_800.webp 1200w, https:\/\/filesedc.com\/uploads\/image\/post\/2025\/07\/dune-parte-3-grabacion-imax_1600_1067.webp 1600w, \"><img decoding=\"async\" src=\"https:\/\/derechadiario.com.ar\/filesedc\/uploads\/image\/post\/2025\/07\/dune-parte-3-grabacion-imax_1200_800.webp\" class=\"img-responsive lazyload\" alt=\"Hombre con equipo de filmaci\u00f3n y gafas protectoras en un desierto junto a una persona con vestuario oscuro\" title=\"Hombre con equipo de filmaci\u00f3n y gafas protectoras en un desierto junto a una persona con vestuario oscuro\"><\/picture>\n<div>\n<span class=\"img_footer\">Aseguran una nueva experiencia visual con escenas rodadas en formato IMAX <\/span>| <span class=\"img_author\">La Derecha Diario<\/span>\n<\/div>\n<\/div>\n<h2><strong>Qu\u00e9 se sabe sobre Dune: Parte 3<\/strong><\/h2>\n<p>El t\u00edtulo fue confirmado en plataformas como Rentrak, dejando atr\u00e1s rumores que apuntaban a \u201cEl mes\u00edas de Dune\u201d.<\/p>\n<p>A pesar de eso, la historia continuar\u00e1 el arco narrativo de Paul Atreides, ya convertido en Muad\u2019Dib, en plena lucha de poder y conflictos prof\u00e9ticos.<\/p>\n<aside class=\"are-you-interested-container-photo\"><\/aside>\n<h2><strong>Villeneuve aclara que no es el final de una trilog\u00eda<\/strong><\/h2>\n<p>El director canadiense explic\u00f3 que las dos primeras entregas conforman un d\u00edptico que adapta el primer libro.<\/p>\n<figure><img decoding=\"async\" src=\"https:\/\/derechadiario.com.ar\/filesedc\/uploads\/image\/post\/2025\/07\/dune-parte-3_1200_800.webp\" class=\"img-responsive lazyload\" alt=\"P\u00f3ster de una pel\u00edcula de ciencia ficci\u00f3n con varios personajes en primer plano, un fondo de planetas y un ambiente des\u00e9rtico\" title=\"P\u00f3ster de una pel\u00edcula de ciencia ficci\u00f3n con varios personajes en primer plano, un fondo de planetas y un ambiente des\u00e9rtico\"><\/figure>\n<p>Esta tercera parte marca, seg\u00fan sus palabras, \u201cel inicio de algo nuevo\u201d, con identidad propia dentro de la saga de Frank Herbert.<\/p>\n<h2><strong>Rodaje en IMAX y primera imagen oficial<\/strong><\/h2>\n<p><strong>Dune: Parte 3<\/strong> ya comenz\u00f3 su producci\u00f3n y contar\u00e1 con escenas filmadas en c\u00e1maras <strong>IMAX<\/strong>, aunque no en su totalidad.<\/p>\n<figure><img decoding=\"async\" src=\"https:\/\/derechadiario.com.ar\/filesedc\/uploads\/image\/post\/2025\/07\/dune-3-mensaje-x_1200_1600.webp\" class=\"img-responsive lazyload\" alt=\"Paisaje de dunas rojizas bajo un cielo del mismo tono, evocando un ambiente des\u00e9rtico y misterioso\" title=\"Paisaje de dunas rojizas bajo un cielo del mismo tono, evocando un ambiente des\u00e9rtico y misterioso\"><\/figure>\n<p>Villeneuve apuesta nuevamente a una experiencia inmersiva, aunque no tan extrema como la de Nolan con <em>La Odisea<\/em>.<\/p>\n<h3><strong>Regresos confirmados<\/strong><\/h3>\n<p>Se confirm\u00f3 el regreso de <strong>Timoth\u00e9e Chalamet<\/strong> y <strong>Zendaya<\/strong> como protagonistas, junto al sorpresivo retorno de <strong>Jason Momoa<\/strong>, que no apareci\u00f3 en la segunda parte.<\/p>\n<p>La continuidad narrativa mantiene el eje sobre el ascenso y las consecuencias del liderazgo de Paul-Muad\u2019Dib.<\/p>\n<aside class=\"whatsappChannelText\"><a href=\"https:\/\/whatsapp.com\/channel\/0029VagEjILGE56eKjedWF2U\" rel=\"nofollow\" title=\"WhatsApp Link\"><img alt=\"Logo de WhatsApp\" class=\"lazyload\" data-src=\"https:\/\/derechadiario.com.ar\/filesedc\/uploads\/other\/whatsapp_icon_mid_article.png\" width=\"32\" height=\"32\"><\/a> <a href=\"https:\/\/whatsapp.com\/channel\/0029VagEjILGE56eKjedWF2U\" rel=\"nofollow\" title=\"WhatsApp Link\"><strong>NO SE PIERDAN NINGUNA NOTICIA<\/strong>: Click aqu\u00ed para sumarte <strong>GRATIS<\/strong> al canal de noticias de <strong>La Derecha Diario en WhatsApp.<\/strong><\/a><\/aside>\n<figure><img decoding=\"async\" src=\"https:\/\/derechadiario.com.ar\/filesedc\/uploads\/image\/post\/2025\/07\/dune-parte-3-zendaya-timothee-chalamet_1200_800.webp\" class=\"img-responsive lazyload\" alt=\"Dos personas con trajes oscuros y tubos en la nariz se encuentran en un entorno rocoso y \u00e1rido, una de ellas tiene los ojos de color azul brillante.\" title=\"Dos personas con trajes oscuros y tubos en la nariz se encuentran en un entorno rocoso y \u00e1rido, una de ellas tiene los ojos de color azul brillante.\"><\/figure>\n<h2><strong>\u00bfDe qu\u00e9 trata la nueva entrega?<\/strong><\/h2>\n<p>La tercera pel\u00edcula se inspira en la novela que narra el desenlace de la Yihad Fremen y el peso pol\u00edtico, religioso y filos\u00f3fico que cae sobre Paul Atreides.<\/p>\n<p>Tras m\u00e1s de una d\u00e9cada de guerras, muchos comienzan a cuestionar si fue realmente el mes\u00edas o una figura tr\u00e1gica arrastrada por su propio mito.<\/p>\n<h2><strong>Cu\u00e1ndo se estrena Dune: Parte 3<\/strong><\/h2>\n<p>La pel\u00edcula tiene previsto su estreno global en diciembre de <strong>2026<\/strong>.<\/p>\n","protected":false},"excerpt":{"rendered":"<p>Denis Villeneuve vuelve a ponerse detr\u00e1s de c\u00e1mara para expandir el universo de Dune\u00a0 con una tercera entrega que ya confirm\u00f3 su nombre oficial. Warner Bros. y Legendary apuestan fuerte por la saga de ciencia ficci\u00f3n y aseguran una nueva experiencia visual con escenas rodadas en formato IMAX. Aseguran una nueva experiencia visual con escenas [&hellip;]<\/p>\n","protected":false},"author":2,"featured_media":10425,"comment_status":"open","ping_status":"open","sticky":false,"template":"","format":"standard","meta":{"_et_pb_use_builder":"","_et_pb_old_content":"","_et_gb_content_width":"","footnotes":""},"categories":[84],"tags":[],"class_list":["post-10424","post","type-post","status-publish","format-standard","has-post-thumbnail","hentry","category-ultimomomento"],"_links":{"self":[{"href":"https:\/\/verdadincomodadiario.ar\/index.php?rest_route=\/wp\/v2\/posts\/10424","targetHints":{"allow":["GET"]}}],"collection":[{"href":"https:\/\/verdadincomodadiario.ar\/index.php?rest_route=\/wp\/v2\/posts"}],"about":[{"href":"https:\/\/verdadincomodadiario.ar\/index.php?rest_route=\/wp\/v2\/types\/post"}],"author":[{"embeddable":true,"href":"https:\/\/verdadincomodadiario.ar\/index.php?rest_route=\/wp\/v2\/users\/2"}],"replies":[{"embeddable":true,"href":"https:\/\/verdadincomodadiario.ar\/index.php?rest_route=%2Fwp%2Fv2%2Fcomments&post=10424"}],"version-history":[{"count":0,"href":"https:\/\/verdadincomodadiario.ar\/index.php?rest_route=\/wp\/v2\/posts\/10424\/revisions"}],"wp:featuredmedia":[{"embeddable":true,"href":"https:\/\/verdadincomodadiario.ar\/index.php?rest_route=\/wp\/v2\/media\/10425"}],"wp:attachment":[{"href":"https:\/\/verdadincomodadiario.ar\/index.php?rest_route=%2Fwp%2Fv2%2Fmedia&parent=10424"}],"wp:term":[{"taxonomy":"category","embeddable":true,"href":"https:\/\/verdadincomodadiario.ar\/index.php?rest_route=%2Fwp%2Fv2%2Fcategories&post=10424"},{"taxonomy":"post_tag","embeddable":true,"href":"https:\/\/verdadincomodadiario.ar\/index.php?rest_route=%2Fwp%2Fv2%2Ftags&post=10424"}],"curies":[{"name":"wp","href":"https:\/\/api.w.org\/{rel}","templated":true}]}}