{"id":10412,"date":"2025-07-09T18:25:10","date_gmt":"2025-07-09T18:25:10","guid":{"rendered":"https:\/\/verdadincomodadiario.ar\/?p=10412"},"modified":"2025-07-09T18:25:10","modified_gmt":"2025-07-09T18:25:10","slug":"el-ministerio-publico-arresta-militares-y-civiles-en-la-operacion-lobo","status":"publish","type":"post","link":"https:\/\/verdadincomodadiario.ar\/?p=10412","title":{"rendered":"El Ministerio P\u00fablico arresta militares y civiles en la Operaci\u00f3n Lobo"},"content":{"rendered":"<p>El Ministerio P\u00fablico (MP) llev\u00f3 a cabo la\u00a0Operaci\u00f3n Lobo, un operativo masivo contra una presunta red de corrupci\u00f3n que sobornaba a funcionarios para obtener contratos de seguridad privada en instituciones estatales.<\/p>\n<p>La operaci\u00f3n, desarrollada por la Procuradur\u00eda Especializada de Persecuci\u00f3n de la Corrupci\u00f3n Administrativa (Pepca) con el apoyo de la Direcci\u00f3n General de Persecuci\u00f3n del Ministerio P\u00fablico.<\/p>\n<p>Incluy\u00f3 la realizaci\u00f3n de\u00a015 allanamientos simult\u00e1neos\u00a0y result\u00f3 en\u00a014 arrestos\u00a0(aunque algunas fuentes mencionan 15 detenidos).<\/p>\n<p>Las instituciones afectadas son El Instituto Nacional de Atenci\u00f3n Integral a la Primera Infancia (Inaipi),\u00a0Seguro Nacional de Salud (Senasa) y\u00a0Empresas Distribuidoras de Electricidad\u00a0(EdeNorte, EdeEste y EdeSur).<\/p>\n<p>Las investigaciones llevaron al arresto en el Distrito Nacional del mayor general retirado del Ej\u00e9rcito Carlos Ambrosio Robles D\u00edaz, as\u00ed como los coroneles de ese organismo Andr\u00e9s Pacheco Varela, Luis Ernesto Vicioso Bocio, Francisco Guar\u00edn Fern\u00e1ndez V\u00e1squez y El\u00edas Cama\u00f1o P\u00e9rez.<\/p>\n<p>Adem\u00e1s, el coronel de la Fuerza A\u00e9rea Yorbyn Eduardo Eufracio Aybar y el primer teniente del Ej\u00e9rcito Wellington Peralta Santos, el empresario Quilvio Bienvenido Rodr\u00edguez Gonz\u00e1lez y el coronel de la Polic\u00eda Ram\u00f3n Quezada Ortiz. En Santiago fue arrestado Bol\u00edvar Nicol\u00e1s Fern\u00e1ndez Espinal.<\/p>\n<p>Un total de 26 fiscales de los \u00f3rganos de investigaci\u00f3n del Ministerio P\u00fablico trabajaron con el apoyo de 189 agentes de la Polic\u00eda Nacional para enfrentar la red.<\/p>\n<p>El MP solicitar\u00e1 medidas de coerci\u00f3n contra los detenidos por violar la Ley 340-06 de Compras P\u00fablicas y el C\u00f3digo Penal Dominicano48. La investigaci\u00f3n sigue abierta y no se descartan nuevas detenciones.<\/p>\n","protected":false},"excerpt":{"rendered":"<p>El Ministerio P\u00fablico (MP) llev\u00f3 a cabo la\u00a0Operaci\u00f3n Lobo, un operativo masivo contra una presunta red de corrupci\u00f3n que sobornaba a funcionarios para obtener contratos de seguridad privada en instituciones estatales. La operaci\u00f3n, desarrollada por la Procuradur\u00eda Especializada de Persecuci\u00f3n de la Corrupci\u00f3n Administrativa (Pepca) con el apoyo de la Direcci\u00f3n General de Persecuci\u00f3n del [&hellip;]<\/p>\n","protected":false},"author":2,"featured_media":10413,"comment_status":"open","ping_status":"open","sticky":false,"template":"","format":"standard","meta":{"_et_pb_use_builder":"","_et_pb_old_content":"","_et_gb_content_width":"","footnotes":""},"categories":[84],"tags":[],"class_list":["post-10412","post","type-post","status-publish","format-standard","has-post-thumbnail","hentry","category-ultimomomento"],"_links":{"self":[{"href":"https:\/\/verdadincomodadiario.ar\/index.php?rest_route=\/wp\/v2\/posts\/10412","targetHints":{"allow":["GET"]}}],"collection":[{"href":"https:\/\/verdadincomodadiario.ar\/index.php?rest_route=\/wp\/v2\/posts"}],"about":[{"href":"https:\/\/verdadincomodadiario.ar\/index.php?rest_route=\/wp\/v2\/types\/post"}],"author":[{"embeddable":true,"href":"https:\/\/verdadincomodadiario.ar\/index.php?rest_route=\/wp\/v2\/users\/2"}],"replies":[{"embeddable":true,"href":"https:\/\/verdadincomodadiario.ar\/index.php?rest_route=%2Fwp%2Fv2%2Fcomments&post=10412"}],"version-history":[{"count":0,"href":"https:\/\/verdadincomodadiario.ar\/index.php?rest_route=\/wp\/v2\/posts\/10412\/revisions"}],"wp:featuredmedia":[{"embeddable":true,"href":"https:\/\/verdadincomodadiario.ar\/index.php?rest_route=\/wp\/v2\/media\/10413"}],"wp:attachment":[{"href":"https:\/\/verdadincomodadiario.ar\/index.php?rest_route=%2Fwp%2Fv2%2Fmedia&parent=10412"}],"wp:term":[{"taxonomy":"category","embeddable":true,"href":"https:\/\/verdadincomodadiario.ar\/index.php?rest_route=%2Fwp%2Fv2%2Fcategories&post=10412"},{"taxonomy":"post_tag","embeddable":true,"href":"https:\/\/verdadincomodadiario.ar\/index.php?rest_route=%2Fwp%2Fv2%2Ftags&post=10412"}],"curies":[{"name":"wp","href":"https:\/\/api.w.org\/{rel}","templated":true}]}}