{"id":10410,"date":"2025-07-09T18:25:11","date_gmt":"2025-07-09T18:25:11","guid":{"rendered":"https:\/\/verdadincomodadiario.ar\/?p=10410"},"modified":"2025-07-09T18:25:11","modified_gmt":"2025-07-09T18:25:11","slug":"haitianos-ilegales-atacan-violentamente-a-agentes-de-migracion","status":"publish","type":"post","link":"https:\/\/verdadincomodadiario.ar\/?p=10410","title":{"rendered":"Haitianos ilegales atacan violentamente a agentes de migraci\u00f3n"},"content":{"rendered":"<p>Un operativo de la\u00a0Direcci\u00f3n General de Migraci\u00f3n (DGM)\u00a0en la comunidad de\u00a0Belloso, Puerto Plata, termin\u00f3 en un violento enfrentamiento cuando un grupo de\u00a0haitianos indocumentados\u00a0atac\u00f3 a los agentes con\u00a0machetes, palos, piedras y bloques de cemento.<\/p>\n<p>El agente\u00a0Marcos Ram\u00edrez Guzm\u00e1n\u00a0result\u00f3 herido en la frente por el impacto de un pedazo de block, mientras que uno de los migrantes fue lesionado por\u00a0disparos de cartuchos de goma y perdigones\u00a0utilizados por las autoridades en defensa propia.<\/p>\n<p>Ambos agredido\u00a0fueron curados y despachados en el hospital de Villa Isabela. Mientras que nueve haitianos fueron detenidos, y uno de ellos ser\u00e1 procesado por agresi\u00f3n.<\/p>\n<p>La DGM actu\u00f3 en respuesta a una denuncia de residentes sobre la presencia de\u00a0extranjeros ilegales\u00a0en una pensi\u00f3n local.<\/p>\n<p>Al intentar realizar el procedimiento, los migrantes\u00a0reaccionaron violentamente, obligando a los agentes a usar\u00a0fuerza proporcional\u00a0para controlar la situaci\u00f3n.<\/p>\n<p>La DGM\u00a0defendi\u00f3 su accionar, afirmando que actu\u00f3 dentro del marco legal y que\u00a0no tolerar\u00e1 agresiones\u00a0contra sus agentes.<\/p>\n<p>Reiter\u00f3 que continuar\u00e1 con los operativos de control migratorio en cumplimiento de las pol\u00edticas del\u00a0Consejo de Seguridad y Defensa Nacional.<\/p>\n<p>El incidente evidencia\u00a0debilidades en la vigilancia fronteriza, permitiendo que grupos de indocumentados se establezcan y reaccionen con violencia ante las autoridades.<\/p>\n<p>La\u00a0recurrencia de estos enfrentamientos\u00a0sugiere que las medidas actuales son\u00a0insuficientes\u00a0para disuadir la migraci\u00f3n ilegal y garantizar la seguridad de los agentes.<\/p>\n","protected":false},"excerpt":{"rendered":"<p>Un operativo de la\u00a0Direcci\u00f3n General de Migraci\u00f3n (DGM)\u00a0en la comunidad de\u00a0Belloso, Puerto Plata, termin\u00f3 en un violento enfrentamiento cuando un grupo de\u00a0haitianos indocumentados\u00a0atac\u00f3 a los agentes con\u00a0machetes, palos, piedras y bloques de cemento. El agente\u00a0Marcos Ram\u00edrez Guzm\u00e1n\u00a0result\u00f3 herido en la frente por el impacto de un pedazo de block, mientras que uno de los migrantes [&hellip;]<\/p>\n","protected":false},"author":2,"featured_media":10411,"comment_status":"open","ping_status":"open","sticky":false,"template":"","format":"standard","meta":{"_et_pb_use_builder":"","_et_pb_old_content":"","_et_gb_content_width":"","footnotes":""},"categories":[84],"tags":[],"class_list":["post-10410","post","type-post","status-publish","format-standard","has-post-thumbnail","hentry","category-ultimomomento"],"_links":{"self":[{"href":"https:\/\/verdadincomodadiario.ar\/index.php?rest_route=\/wp\/v2\/posts\/10410","targetHints":{"allow":["GET"]}}],"collection":[{"href":"https:\/\/verdadincomodadiario.ar\/index.php?rest_route=\/wp\/v2\/posts"}],"about":[{"href":"https:\/\/verdadincomodadiario.ar\/index.php?rest_route=\/wp\/v2\/types\/post"}],"author":[{"embeddable":true,"href":"https:\/\/verdadincomodadiario.ar\/index.php?rest_route=\/wp\/v2\/users\/2"}],"replies":[{"embeddable":true,"href":"https:\/\/verdadincomodadiario.ar\/index.php?rest_route=%2Fwp%2Fv2%2Fcomments&post=10410"}],"version-history":[{"count":0,"href":"https:\/\/verdadincomodadiario.ar\/index.php?rest_route=\/wp\/v2\/posts\/10410\/revisions"}],"wp:featuredmedia":[{"embeddable":true,"href":"https:\/\/verdadincomodadiario.ar\/index.php?rest_route=\/wp\/v2\/media\/10411"}],"wp:attachment":[{"href":"https:\/\/verdadincomodadiario.ar\/index.php?rest_route=%2Fwp%2Fv2%2Fmedia&parent=10410"}],"wp:term":[{"taxonomy":"category","embeddable":true,"href":"https:\/\/verdadincomodadiario.ar\/index.php?rest_route=%2Fwp%2Fv2%2Fcategories&post=10410"},{"taxonomy":"post_tag","embeddable":true,"href":"https:\/\/verdadincomodadiario.ar\/index.php?rest_route=%2Fwp%2Fv2%2Ftags&post=10410"}],"curies":[{"name":"wp","href":"https:\/\/api.w.org\/{rel}","templated":true}]}}