{"id":10358,"date":"2025-07-09T02:27:06","date_gmt":"2025-07-09T02:27:06","guid":{"rendered":"https:\/\/verdadincomodadiario.ar\/?p=10358"},"modified":"2025-07-09T02:27:06","modified_gmt":"2025-07-09T02:27:06","slug":"cordoba-operativo-contra-una-banda-narco-dejo-ocho-detenidos-y-un-arsenal-incautado","status":"publish","type":"post","link":"https:\/\/verdadincomodadiario.ar\/?p=10358","title":{"rendered":"C\u00f3rdoba: operativo contra una banda narco dej\u00f3 ocho detenidos y un arsenal incautado"},"content":{"rendered":"<p>Ocho personas fueron detenidas en las \u00faltimas horas en el marco de una <strong>investigaci\u00f3n judicial por un homicidio<\/strong> ocurrido en barrio Jorge Newbery, en la ciudad de <a href=\"https:\/\/derechadiario.com.ar\/sociedad\/imputaron-cordoba-al-titular-del-grupo-fam-por-presunto-vaciamiento-fono-bus\" title=\"Imputaron en C\u00f3rdoba al titular del Grupo Fam por presunto vaciamiento de Fono Bus\">C\u00f3rdoba<\/a>. Las detenciones se concretaron durante una serie de allanamientos que incluyeron domicilios en la Capital, Unquillo y celdas de la c\u00e1rcel de Cruz del Eje. <strong>La Polic\u00eda secuestr\u00f3 un importante arsenal<\/strong>, veh\u00edculos y numerosos dispositivos electr\u00f3nicos.<\/p>\n<p>Los sospechosos est\u00e1n siendo investigados por su <strong>presunta participaci\u00f3n en una organizaci\u00f3n vinculada al narcotr\u00e1fico.<\/strong> El hecho que dio origen a la pesquisa fue el asesinato de un hombre en febrero pasado, ejecutado con m\u00faltiples disparos de arma de fuego. Los investigadores creen haber dado con el \u201cbrazo armado\u201d de la banda.<\/p>\n<p>Durante uno de los allanamientos, realizado en Unquillo, se produjo un tiroteo que dej\u00f3 <strong>herido a un polic\u00eda y a un sospechoso<\/strong>. El procedimiento fue ejecutado por personal del grupo t\u00e1ctico Eter. <strong>Adem\u00e1s, se incautaron armas de guerra, municiones, chalecos y veh\u00edculos que habr\u00edan sido utilizados en hechos violentos.<\/strong><\/p>\n<div class=\"inter_image image_horizontal\">\n<picture><source class=\"img-responsive\" type=\"image\/webp\" data-srcset=\"https:\/\/filesedc.com\/uploads\/image\/post\/2025\/07\/captura-de-pantalla-2025-07-08-210125_300_200.webp 300w, https:\/\/filesedc.com\/uploads\/image\/post\/2025\/07\/captura-de-pantalla-2025-07-08-210125_630_420.webp 630w, https:\/\/filesedc.com\/uploads\/image\/post\/2025\/07\/captura-de-pantalla-2025-07-08-210125_760_507.webp 760w, https:\/\/filesedc.com\/uploads\/image\/post\/2025\/07\/captura-de-pantalla-2025-07-08-210125_1200_800.webp 1200w, https:\/\/filesedc.com\/uploads\/image\/post\/2025\/07\/captura-de-pantalla-2025-07-08-210125_1600_1067.webp 1600w, \"><img decoding=\"async\" src=\"https:\/\/derechadiario.com.ar\/filesedc\/uploads\/image\/post\/2025\/07\/captura-de-pantalla-2025-07-08-210125_1200_800.webp\" class=\"img-responsive lazyload\" alt=\"Varias armas largas y cortas junto a tel\u00e9fonos m\u00f3viles est\u00e1n dispuestas sobre una mesa cubierta con un mantel amarillo\" title=\"Varias armas largas y cortas junto a tel\u00e9fonos m\u00f3viles est\u00e1n dispuestas sobre una mesa cubierta con un mantel amarillo\"><\/picture>\n<div>\n<span class=\"img_footer\">Se ncautaron armas de guerra, municiones, chalecos y veh\u00edculos <\/span>| <span class=\"img_author\">La Derecha Diario<\/span>\n<\/div>\n<\/div>\n<h2>Un crimen en febrero como punto de partida<\/h2>\n<p><strong>La causa comenz\u00f3 tras el hallazgo del cuerpo de un hombre acribillado el 21 de febrero en barrio Jorge Newbery.<\/strong> El cad\u00e1ver ten\u00eda 10 disparos y apareci\u00f3 en la colectora norte de avenida de Circunvalaci\u00f3n, a la altura de S\u00e1enz Valiente. Seg\u00fan fuentes policiales, el hecho estar\u00eda vinculado a una venganza entre bandas narco.<\/p>\n<aside class=\"are-you-interested-container-photo\"><\/aside>\n<p><strong>La v\u00edctima fue identificada como Gast\u00f3n Vargas<\/strong>, de 42 a\u00f1os, quien presentaba lesiones previas y m\u00faltiples tatuajes. <strong>Se sospecha que el cuerpo fue descartado en el lugar<\/strong>\u00a0 y que habr\u00eda sido transportado en una Renault Kangoo. Ese veh\u00edculo fue hallado en uno de los recientes allanamientos.<\/p>\n<p>La investigaci\u00f3n fue llevada adelante por el Departamento Homicidios y la fiscal Patricia Garc\u00eda Ram\u00edrez. Durante la feria judicial, qued\u00f3 a cargo su colega Iv\u00e1n Rodr\u00edguez. Seg\u00fan los voceros, <strong>el avance en la causa se logr\u00f3 a partir de un \u201cprolijo trabajo de campo\u201d<\/strong> en la zona de \u201cLos Galpones\u201d y villa El Nailon.<\/p>\n<figure><img decoding=\"async\" src=\"https:\/\/derechadiario.com.ar\/filesedc\/uploads\/image\/post\/2025\/07\/captura-de-pantalla-2025-07-08-210112_1200_800.webp\" class=\"img-responsive lazyload\" alt=\"Cartuchos de munici\u00f3n esparcidos sobre una superficie negra con un arma larga al fondo\" title=\"Cartuchos de munici\u00f3n esparcidos sobre una superficie negra con un arma larga al fondo\"><\/figure>\n<h2>Resistencia armada durante el operativo<\/h2>\n<p>Uno de los momentos m\u00e1s cr\u00edticos ocurri\u00f3 durante el allanamiento en una vivienda de la calle Caseros en Unquillo. All\u00ed, <strong>Mario Sebasti\u00e1n L\u00f3pez (45) y Enrique Ju\u00e1rez (80) abrieron fuego contra el grupo Eter<\/strong>, a pesar de que se les exhibieron las \u00f3rdenes judiciales. El octogenario utiliz\u00f3 un fusil FAL y L\u00f3pez una pistola 9 mil\u00edmetros.<\/p>\n<p><strong>Un efectivo fue herido en una pierna<\/strong> cuando una bala impact\u00f3 en su chaleco o escudo y rebot\u00f3. \u00a0<strong>L\u00f3pez recibi\u00f3 dos disparos en un hombro y tambi\u00e9n fue detenido.<\/strong> El procedimiento ten\u00eda como objetivo detener a L\u00f3pez, pero la participaci\u00f3n de Ju\u00e1rez deriv\u00f3 en su aprehensi\u00f3n.<\/p>\n<p>La intervenci\u00f3n del grupo t\u00e1ctico hab\u00eda sido anticipada ante la sospecha de que los ocupantes pod\u00edan resistir. Seg\u00fan fuentes del caso, <strong>se tem\u00eda que ambos implicados intentaran abandonar la provincia.<\/strong> La vivienda era uno de los 18 objetivos del megaoperativo desplegado.<\/p>\n<figure><img decoding=\"async\" src=\"https:\/\/derechadiario.com.ar\/filesedc\/uploads\/image\/post\/2025\/07\/captura-de-pantalla-2025-07-08-210156_1200_1600.webp\" class=\"img-responsive lazyload\" alt=\"Billete de alta denominaci\u00f3n, cartuchos de bala y varios objetos sobre una mesa negra\" title=\"Billete de alta denominaci\u00f3n, cartuchos de bala y varios objetos sobre una mesa negra\"><\/figure>\n<h2>Detenciones en distintos puntos de la ciudad<\/h2>\n<p><strong>Adem\u00e1s de Unquillo, se realizaron allanamientos en los barrios Los Granados, Hip\u00f3lito Yrigoyen, Panamericano y Los Naranjos.<\/strong> En Los Granados se detuvo al grupo m\u00e1s numeroso y tambi\u00e9n se encontraron armas. En total, <strong>fueron detenidos seis hombres, dos mujeres y un adolescente.<\/strong><\/p>\n<p><strong>El joven de 17 a\u00f1os qued\u00f3 imputado por encubrimiento<\/strong>, ya que habr\u00eda tenido contacto con los veh\u00edculos robados. Entre los <strong>autos secuestrados<\/strong> figuran una <a href=\"https:\/\/derechadiario.com.ar\/economia\/cordoba-renault-proyecta-mas-produccion-y-empleo-gracias-al-crecimiento-del-sector\" title=\"C\u00f3rdoba: Renault proyecta m\u00e1s producci\u00f3n y empleo gracias al crecimiento del sector\">Renault<\/a> Kangoo, un Chevrolet Corsa y un Toyota Corolla. Dos de ellos ten\u00edan pedido de secuestro.<\/p>\n<p><strong>A cinco de los adultos se les imputa \u201chomicidio calificado por el uso de arma de fuego\u201d. A los dos que dispararon en Unquillo se los acusa de \u201ctenencia de arma de fuego\u201d.<\/strong> Las actuaciones sobre el menor se tramitan por separado, al no estar vinculado con el asesinato.<\/p>\n<aside class=\"whatsappChannelText\"><a href=\"https:\/\/whatsapp.com\/channel\/0029VagEjILGE56eKjedWF2U\" rel=\"nofollow\" title=\"WhatsApp Link\"><img alt=\"Logo de WhatsApp\" class=\"lazyload\" data-src=\"https:\/\/derechadiario.com.ar\/filesedc\/uploads\/other\/whatsapp_icon_mid_article.png\" width=\"32\" height=\"32\"><\/a> <a href=\"https:\/\/whatsapp.com\/channel\/0029VagEjILGE56eKjedWF2U\" rel=\"nofollow\" title=\"WhatsApp Link\"><strong>NO SE PIERDAN NINGUNA NOTICIA<\/strong>: Click aqu\u00ed para sumarte <strong>GRATIS<\/strong> al canal de noticias de <strong>La Derecha Diario en WhatsApp.<\/strong><\/a><\/aside>\n<figure><img decoding=\"async\" src=\"https:\/\/derechadiario.com.ar\/filesedc\/uploads\/image\/post\/2025\/07\/captura-de-pantalla-2025-07-08-210137_1200_800.webp\" class=\"img-responsive lazyload\" alt=\"Tres autos estacionados en un terreno, uno de ellos desmantelado, con letreros de DGIC y una persona uniformada revisando uno de los veh\u00edculos.\" title=\"Tres autos estacionados en un terreno, uno de ellos desmantelado, con letreros de DGIC y una persona uniformada revisando uno de los veh\u00edculos.\"><\/figure>\n<h2>Armas, veh\u00edculos y celulares bajo an\u00e1lisis<\/h2>\n<p>Entre el material incautado hay <strong>ocho armas largas, 12 pistolas, cuatro rev\u00f3lveres y una escopeta calibre 12.70<\/strong>. Se secuestraron adem\u00e1s <strong>550 municiones, 25 cargadores, dos chalecos, una mira telesc\u00f3pica y un kit para convertir armas cortas en largas.<\/strong> Tambi\u00e9n se hallaron $150.000 y 34 celulares, cinco de ellos dentro de la c\u00e1rcel.<\/p>\n<p><strong>En la prisi\u00f3n de Cruz del Eje se incautaron dispositivos electr\u00f3nicos, cables, cargadores, facas y puntas met\u00e1licas<\/strong>. El an\u00e1lisis de estos elementos ser\u00e1 clave para avanzar en la causa. Los investigadores creen que los datos permitir\u00e1n ampliar el cerco sobre m\u00e1s personas.<\/p>\n<p><strong>\u201cNo se secuestr\u00f3 droga\u201d<\/strong> y \u201cno hay imputaciones por asociaci\u00f3n il\u00edcita\u201d, se\u00f1alaron fuentes cercanas a la causa. Los pesquisas consideran que se trata de \u201cuna investigaci\u00f3n que va a terminar descubriendo <strong>una organizaci\u00f3n m\u00e1s amplia<\/strong>\u201d. Se trata, seg\u00fan apuntan, de una banda que estar\u00eda en plena escalada organizativa.<\/p>\n","protected":false},"excerpt":{"rendered":"<p>Ocho personas fueron detenidas en las \u00faltimas horas en el marco de una investigaci\u00f3n judicial por un homicidio ocurrido en barrio Jorge Newbery, en la ciudad de C\u00f3rdoba. Las detenciones se concretaron durante una serie de allanamientos que incluyeron domicilios en la Capital, Unquillo y celdas de la c\u00e1rcel de Cruz del Eje. La Polic\u00eda [&hellip;]<\/p>\n","protected":false},"author":2,"featured_media":10359,"comment_status":"open","ping_status":"open","sticky":false,"template":"","format":"standard","meta":{"_et_pb_use_builder":"","_et_pb_old_content":"","_et_gb_content_width":"","footnotes":""},"categories":[84],"tags":[],"class_list":["post-10358","post","type-post","status-publish","format-standard","has-post-thumbnail","hentry","category-ultimomomento"],"_links":{"self":[{"href":"https:\/\/verdadincomodadiario.ar\/index.php?rest_route=\/wp\/v2\/posts\/10358","targetHints":{"allow":["GET"]}}],"collection":[{"href":"https:\/\/verdadincomodadiario.ar\/index.php?rest_route=\/wp\/v2\/posts"}],"about":[{"href":"https:\/\/verdadincomodadiario.ar\/index.php?rest_route=\/wp\/v2\/types\/post"}],"author":[{"embeddable":true,"href":"https:\/\/verdadincomodadiario.ar\/index.php?rest_route=\/wp\/v2\/users\/2"}],"replies":[{"embeddable":true,"href":"https:\/\/verdadincomodadiario.ar\/index.php?rest_route=%2Fwp%2Fv2%2Fcomments&post=10358"}],"version-history":[{"count":0,"href":"https:\/\/verdadincomodadiario.ar\/index.php?rest_route=\/wp\/v2\/posts\/10358\/revisions"}],"wp:featuredmedia":[{"embeddable":true,"href":"https:\/\/verdadincomodadiario.ar\/index.php?rest_route=\/wp\/v2\/media\/10359"}],"wp:attachment":[{"href":"https:\/\/verdadincomodadiario.ar\/index.php?rest_route=%2Fwp%2Fv2%2Fmedia&parent=10358"}],"wp:term":[{"taxonomy":"category","embeddable":true,"href":"https:\/\/verdadincomodadiario.ar\/index.php?rest_route=%2Fwp%2Fv2%2Fcategories&post=10358"},{"taxonomy":"post_tag","embeddable":true,"href":"https:\/\/verdadincomodadiario.ar\/index.php?rest_route=%2Fwp%2Fv2%2Ftags&post=10358"}],"curies":[{"name":"wp","href":"https:\/\/api.w.org\/{rel}","templated":true}]}}