{"id":10348,"date":"2025-07-08T23:24:38","date_gmt":"2025-07-08T23:24:38","guid":{"rendered":"https:\/\/verdadincomodadiario.ar\/?p=10348"},"modified":"2025-07-08T23:24:38","modified_gmt":"2025-07-08T23:24:38","slug":"el-verdadero-sueno","status":"publish","type":"post","link":"https:\/\/verdadincomodadiario.ar\/?p=10348","title":{"rendered":"El verdadero sue\u00f1o"},"content":{"rendered":"<p><strong>El verdadero sue\u00f1o no es llegar a otro pa\u00eds.<\/strong><br \/><strong>El verdadero sue\u00f1o es no tener que irse del tuyo para sobrevivir.<\/strong><\/p>\n<p>Toda persona tiene derecho a buscar condiciones de vida m\u00e1s dignas para s\u00ed y para su familia. Migrar no siempre es una elecci\u00f3n libre; muchas veces es una necesidad, y eso merece comprensi\u00f3n y humanidad.<\/p>\n<p>Por eso es fundamental distinguir entre <strong>migraci\u00f3n legal e ilegal<\/strong>.<br \/>Migrar legalmente es ejercer un derecho dentro del marco de la ley.<br \/>Migrar ilegalmente implica violar ese orden; muchas veces por necesidad, s\u00ed, pero sigue siendo una irregularidad que no puede convertirse en norma.<\/p>\n<p>Entonces, \u00bfqu\u00e9 hacer con los millones de hispanos, en su mayor\u00eda mexicanos, que viven en Estados Unidos sin los documentos necesarios, pero que llevan a\u00f1os trabajando, aportando, pagando impuestos y construyendo una vida honesta?<\/p>\n<p><strong>Lo justo ser\u00eda aplicar una regularizaci\u00f3n gradual<\/strong>, con condiciones claras, que reconozca el esfuerzo y la buena conducta de quienes han demostrado compromiso, respeto a las leyes y un deseo sincero de integrarse.<br \/>No se trata de una amnist\u00eda general ni de una deportaci\u00f3n masiva.<br \/>Se trata de <strong>justicia con orden<\/strong>. De <strong>misericordia con verdad<\/strong>.<\/p>\n<p><strong>Una migraci\u00f3n descontrolada es injusta<\/strong> tanto para los migrantes como para los ciudadanos del pa\u00eds que los recibe.<\/p>\n<p>Por eso se necesita urgentemente una <strong>reforma migratoria<\/strong>, con pol\u00edticas firmes y humanas.<br \/>Pol\u00edticas que frenen los abusos, el tr\u00e1fico de personas, el tr\u00e1fico de drogas como el fentanilo, el tr\u00e1fico de armas y el crimen; pero que tambi\u00e9n reconozcan al migrante honesto y trabajador, que no pide privilegios, sino una oportunidad de vivir en paz y con dignidad.<\/p>\n<p><strong>La migraci\u00f3n es una herida abierta<\/strong>, y <strong>la separaci\u00f3n de familias<\/strong>, una tragedia que duele en el alma.<\/p>\n<p>Pero no podemos hablar de migraci\u00f3n sin ir al fondo, sin ir a la ra\u00edz de lo que la causa: <strong>la violencia, la pobreza, la corrupci\u00f3n, el comunismo, el narcotr\u00e1fico y los gobiernos que han traicionado a su pueblo<\/strong>.<br \/>Millones no se van por gusto; se van porque ya no pueden quedarse.<br \/>Se van por falta de oportunidades, se van por necesidad, se van porque no les queda de otra.<br \/>Sus pa\u00edses han sido secuestrados por los mismos de siempre: <strong>pol\u00edticos corruptos y sus aliados, los c\u00e1rteles<\/strong>.<\/p>\n<p><strong>Nadie deber\u00eda verse forzado a abandonar su hogar<\/strong>; eso tambi\u00e9n causa la separaci\u00f3n de familias desde el inicio.<\/p>\n<p>Por eso, propongo que debemos luchar en dos frentes:<\/p>\n<ol>\n<li>\n<strong>Proteger la frontera<\/strong>, porque toda naci\u00f3n tiene el deber, el derecho y la responsabilidad de defender su soberan\u00eda, con leyes justas, firmes y humanas.<\/li>\n<li>\n<strong>Proteger tambi\u00e9n la dignidad del migrante<\/strong>, especialmente la de las mujeres y los ni\u00f1os, combatiendo sin tregua las redes criminales que trafican con personas como si fueran mercanc\u00eda.<\/li>\n<\/ol>\n<p><strong>Lo he dicho muchas veces<\/strong>: el migrante no huye por ambici\u00f3n, huye por supervivencia.<br \/>Y si de verdad creemos en la vida y en la familia, entonces nuestra lucha tambi\u00e9n debe ser para que <strong>ning\u00fan migrante tenga que abandonar su tierra<\/strong> para poder vivir con dignidad.<\/p>\n<p>Pero tambi\u00e9n es esencial hablar del comportamiento del migrante que llega a un pa\u00eds que no es el suyo.<br \/><strong>Debe llegar con esp\u00edritu de gratitud<\/strong>, sabiendo que ese pa\u00eds no le debe absolutamente nada.<br \/><strong>Debe respetar las leyes y las reglas<\/strong> de la naci\u00f3n que lo recibe, entendiendo que, si las rompe, ese pa\u00eds tiene pleno derecho a deportarlo.<\/p>\n<p><strong>El sue\u00f1o es que las familias puedan permanecer unidas<\/strong>, en su tierra, en sus comunidades, con paz, con trabajo y con libertad.<br \/><strong>El sue\u00f1o es ver a nuestros pueblos de pie<\/strong>, sin miedo, reconstruy\u00e9ndose desde las ra\u00edces.<\/p>\n<p>Tambi\u00e9n es clave <strong>fortalecer una alianza s\u00f3lida<\/strong>, transparente y estrat\u00e9gica entre M\u00e9xico y Estados Unidos para <strong>impulsar el sector energ\u00e9tico mexicano<\/strong> y generar empleos bien remunerados para las futuras generaciones de mexicanos.<br \/><strong>M\u00e9xico alcanza para todos<\/strong>.<\/p>\n<p><strong>M\u00e9xico no necesita asistencialismo<\/strong>; necesita inversi\u00f3n, soberan\u00eda productiva y visi\u00f3n a largo plazo.<\/p>\n","protected":false},"excerpt":{"rendered":"<p>El verdadero sue\u00f1o no es llegar a otro pa\u00eds.El verdadero sue\u00f1o es no tener que irse del tuyo para sobrevivir. Toda persona tiene derecho a buscar condiciones de vida m\u00e1s dignas para s\u00ed y para su familia. Migrar no siempre es una elecci\u00f3n libre; muchas veces es una necesidad, y eso merece comprensi\u00f3n y humanidad. [&hellip;]<\/p>\n","protected":false},"author":2,"featured_media":10349,"comment_status":"open","ping_status":"open","sticky":false,"template":"","format":"standard","meta":{"_et_pb_use_builder":"","_et_pb_old_content":"","_et_gb_content_width":"","footnotes":""},"categories":[84],"tags":[],"class_list":["post-10348","post","type-post","status-publish","format-standard","has-post-thumbnail","hentry","category-ultimomomento"],"_links":{"self":[{"href":"https:\/\/verdadincomodadiario.ar\/index.php?rest_route=\/wp\/v2\/posts\/10348","targetHints":{"allow":["GET"]}}],"collection":[{"href":"https:\/\/verdadincomodadiario.ar\/index.php?rest_route=\/wp\/v2\/posts"}],"about":[{"href":"https:\/\/verdadincomodadiario.ar\/index.php?rest_route=\/wp\/v2\/types\/post"}],"author":[{"embeddable":true,"href":"https:\/\/verdadincomodadiario.ar\/index.php?rest_route=\/wp\/v2\/users\/2"}],"replies":[{"embeddable":true,"href":"https:\/\/verdadincomodadiario.ar\/index.php?rest_route=%2Fwp%2Fv2%2Fcomments&post=10348"}],"version-history":[{"count":0,"href":"https:\/\/verdadincomodadiario.ar\/index.php?rest_route=\/wp\/v2\/posts\/10348\/revisions"}],"wp:featuredmedia":[{"embeddable":true,"href":"https:\/\/verdadincomodadiario.ar\/index.php?rest_route=\/wp\/v2\/media\/10349"}],"wp:attachment":[{"href":"https:\/\/verdadincomodadiario.ar\/index.php?rest_route=%2Fwp%2Fv2%2Fmedia&parent=10348"}],"wp:term":[{"taxonomy":"category","embeddable":true,"href":"https:\/\/verdadincomodadiario.ar\/index.php?rest_route=%2Fwp%2Fv2%2Fcategories&post=10348"},{"taxonomy":"post_tag","embeddable":true,"href":"https:\/\/verdadincomodadiario.ar\/index.php?rest_route=%2Fwp%2Fv2%2Ftags&post=10348"}],"curies":[{"name":"wp","href":"https:\/\/api.w.org\/{rel}","templated":true}]}}