{"id":10338,"date":"2025-07-08T23:23:51","date_gmt":"2025-07-08T23:23:51","guid":{"rendered":"https:\/\/verdadincomodadiario.ar\/?p=10338"},"modified":"2025-07-08T23:23:51","modified_gmt":"2025-07-08T23:23:51","slug":"la-corte-suprema-de-eeuu-le-dio-la-razon-a-trump-frente-a-los-despidos-masivos","status":"publish","type":"post","link":"https:\/\/verdadincomodadiario.ar\/?p=10338","title":{"rendered":"La Corte Suprema de EEUU le dio la raz\u00f3n a Trump frente a los despidos masivos"},"content":{"rendered":"<p>El martes, la <a href=\"https:\/\/derechadiario.com.ar\/internacionales\/corte-suprema-respalda-trump-y-le-da-deportar-masivamente-ilegales\" title=\"La Corte Suprema respalda a Trump y le da el poder de deportar masivamente a ilegales\">Corte Suprema de Estados Unidos<\/a> <strong>levant\u00f3 una orden de un tribunal inferior que bloqueaba despidos masivos de empleados federales<\/strong> en casi dos docenas de agencias, en medio de una batalla legal sobre los esfuerzos del presidente <a href=\"https:\/\/derechadiario.com.ar\/internacionales\/donald-trump-enviara-cartas-con-nuevos-aranceles-14-paises-asia-y-africa\" title=\"Donald Trump enviar\u00e1 cartas con nuevos aranceles a 14 pa\u00edses de Asia y \u00c1frica\">Donald Trump<\/a> por reducir dr\u00e1sticamente el tama\u00f1o del gobierno.<\/p>\n<p>Esta decisi\u00f3n <strong>permite que la administraci\u00f3n Trump reanude su reorganizaci\u00f3n del gobierno,<\/strong> liderada por el Departamento de Eficiencia Gubernamental (<a href=\"https:\/\/derechadiario.com.ar\/internacionales\/estado-louisina-utilizara-base-mantenimiento-electoral-creada-por-doge\" title=\"Louisiana implementa un sistema de DOGE para evitar el fraude electoral\">DOGE<\/a>),\u00a0de Trump en su regreso a la Casa Blanca.<\/p>\n<p>El Departamento de Justicia solicit\u00f3 la intervenci\u00f3n de la Corte Suprema luego de que una jueza federal en San Francisco, <strong>Susan Illston<\/strong>, emitiera una orden que deten\u00eda tanto los despidos como la aplicaci\u00f3n de directrices emitidas por la Oficina de Gesti\u00f3n y Presupuesto (OMB) y la Oficina de Administraci\u00f3n de Personal (OPM), las cuales implementaban la orden ejecutiva de Trump.<\/p>\n<p>Illston <strong>sosten\u00eda\u00a0que el presidente no puede reestructurar agencias federales sin la aprobaci\u00f3n del Congreso,<\/strong> al cual corresponde constitucionalmente crear, financiar y asignar funciones a estas agencias.<\/p>\n<aside class=\"are-you-interested-container-photo\"><\/aside>\n<div class=\"inter_image image_vertical\">\n<picture><source class=\"img-responsive\" type=\"image\/webp\" data-srcset=\"https:\/\/filesedc.com\/uploads\/image\/post\/2025\/07\/illston-susan-3408-767x633-1_300_400.webp 300w, https:\/\/filesedc.com\/uploads\/image\/post\/2025\/07\/illston-susan-3408-767x633-1_630_840.webp 630w, https:\/\/filesedc.com\/uploads\/image\/post\/2025\/07\/illston-susan-3408-767x633-1_760_1013.webp 760w, https:\/\/filesedc.com\/uploads\/image\/post\/2025\/07\/illston-susan-3408-767x633-1_1200_1600.webp 1200w, https:\/\/filesedc.com\/uploads\/image\/post\/2025\/07\/illston-susan-3408-767x633-1_1600_2133.webp 1600w, \"><img decoding=\"async\" src=\"https:\/\/derechadiario.com.ar\/filesedc\/uploads\/image\/post\/2025\/07\/illston-susan-3408-767x633-1_1200_1600.webp\" class=\"img-responsive lazyload\" alt=\"Mujer de cabello canoso vestida con traje oscuro y pa\u00f1uelo colorido posando en una sala de tribunal con el escudo oficial y una bandera de Estados Unidos al fondo\" title=\"Mujer de cabello canoso vestida con traje oscuro y pa\u00f1uelo colorido posando en una sala de tribunal con el escudo oficial y una bandera de Estados Unidos al fondo\"><\/picture>\n<div>\n<span class=\"img_footer\">La jueza dem\u00f3crata Susan Illston emiti\u00f3 una orden que suspend\u00eda los despidos masivos en agencias federales <\/span>| <span class=\"img_author\">La Derecha Diario<\/span>\n<\/div>\n<\/div>\n<p>En una opini\u00f3n breve y no firmada, <strong>la Corte Suprema consider\u00f3 que el gobierno tiene altas probabilidades de demostrar que la orden ejecutiva es legal,<\/strong> por lo que concedi\u00f3 la solicitud de suspender la orden judicial. Sin embargo, la Corte aclar\u00f3 que no se pronuncia sobre la legalidad de los planes espec\u00edficos de reducci\u00f3n de personal que resulten de dicha orden ejecutiva.<\/p>\n<p>Las juezas <strong>Ketanji Brown Jackson y Sonia Sotomayor disintieron.<\/strong> Jackson critic\u00f3 el fallo por apoyar, seg\u00fan ella, acciones presidenciales legalmente dudosas en un contexto de emergencia. <strong>Sotomayor,<\/strong> aunque <strong>se uni\u00f3 a la decisi\u00f3n de suspender la orden judicial,<\/strong> subray\u00f3 que la Corte no est\u00e1 decidiendo todav\u00eda\u00a0si los despidos masivos ser\u00e1n o no legales conforme al marco constitucional.<\/p>\n<p>La Fiscal General <a href=\"https:\/\/derechadiario.com.ar\/internacionales\/gran-expectativa-por-las-declaraciones-pam-bondi-sobre-lista-jeffrey-epstein\" title=\"Gran expectativa por las declaraciones de Pam Bondi sobre la lista de Jeffrey Epstein\">Pam Bondi<\/a> celebr\u00f3 la decisi\u00f3n, <strong>calific\u00e1ndola como una victoria<\/strong> que detiene a tribunales inferiores que intentaban restringir la autoridad presidencial sobre el personal federal.<\/p>\n<figure><img decoding=\"async\" src=\"https:\/\/derechadiario.com.ar\/filesedc\/uploads\/image\/post\/2025\/07\/240513-ketanji-brown-jackson-sonia-sotomayor-al-1054-0334ca_1200_800.webp\" class=\"img-responsive lazyload\" alt=\"Dos mujeres con toga negra sonr\u00eden frente a una chimenea con un reloj antiguo en la parte superior.\" title=\"Dos mujeres con toga negra sonr\u00eden frente a una chimenea con un reloj antiguo en la parte superior.\"><\/figure>\n<p>Por otro lado, <strong>una coalici\u00f3n de sindicatos,<\/strong> organizaciones sin fines de lucro y gobiernos locales, que demand\u00f3 a casi todas las agencias afectadas,\u00a0<strong>expres\u00f3 su decepci\u00f3n,<\/strong> se\u00f1alando que la decisi\u00f3n amenaza servicios esenciales y debilita la democracia. Argumentan que despedir empleados federales en masa sin aprobaci\u00f3n del Congreso viola la separaci\u00f3n de poderes.<\/p>\n<p>La orden ejecutiva de Trump, emitida en febrero, <strong>exig\u00eda a las agencias presentar planes de despido masivo,<\/strong> conocidos oficialmente como reductions-in-force (RIF). Algunos departamentos comenzaron a aplicar estos recortes a principios de a\u00f1o.<\/p>\n<p>Otros estaban listos para hacerlo en las semanas siguientes. <strong>Estos despidos son distintos de las terminaciones de empleados en periodo de prueba,<\/strong> tambi\u00e9n numerosas.<\/p>\n<figure><img decoding=\"async\" src=\"https:\/\/derechadiario.com.ar\/filesedc\/uploads\/image\/post\/2025\/07\/c-gettyimages-2221732040-20250707141219322_1200_800.webp\" class=\"img-responsive lazyload\" alt=\"Mujer rubia de cabello largo hablando frente a un micr\u00f3fono con expresi\u00f3n seria\" title=\"Mujer rubia de cabello largo hablando frente a un micr\u00f3fono con expresi\u00f3n seria\"><\/figure>\n<p>El gobierno, al apelar ante la Corte Suprema, <strong>sostuvo que la orden judicial de la jueza Illston era err\u00f3nea<\/strong> y se basaba en la premisa equivocada de que el presidente necesita autorizaci\u00f3n del Congreso para tomar decisiones de personal dentro del Poder Ejecutivo.<\/p>\n<p>Argument\u00f3 que <strong>la orden interfiere con las operaciones internas del Ejecutivo<\/strong> y obliga a mantener empleados que las agencias ya no consideran necesarios, con un alto costo para los contribuyentes.<\/p>\n<p>Por su parte, <strong>los sindicatos alertaron que permitir que los recortes contin\u00faen antes de resolver el fondo del caso podr\u00eda causar da\u00f1os irreversibles,<\/strong> como la abolici\u00f3n de oficinas y funciones clave, y la p\u00e9rdida de servicios esenciales.\u00a0<\/p>\n<p><strong>La disputa legal sigue en curso,<\/strong> y los tribunales inferiores a\u00fan deben evaluar la legalidad de los planes de reorganizaci\u00f3n espec\u00edficos que surjan de esta pol\u00e9mica orden ejecutiva.<\/p>\n<aside class=\"whatsappChannelText\"><a href=\"https:\/\/whatsapp.com\/channel\/0029VagEjILGE56eKjedWF2U\" rel=\"nofollow\" title=\"WhatsApp Link\"><img alt=\"Logo de WhatsApp\" class=\"lazyload\" data-src=\"https:\/\/derechadiario.com.ar\/filesedc\/uploads\/other\/whatsapp_icon_mid_article.png\" width=\"32\" height=\"32\"><\/a> <a href=\"https:\/\/whatsapp.com\/channel\/0029VagEjILGE56eKjedWF2U\" rel=\"nofollow\" title=\"WhatsApp Link\"><strong>NO SE PIERDAN NINGUNA NOTICIA<\/strong>: Click aqu\u00ed para sumarte <strong>GRATIS<\/strong> al canal de noticias de <strong>La Derecha Diario en WhatsApp.<\/strong><\/a><\/aside>\n<figure><img decoding=\"async\" src=\"https:\/\/derechadiario.com.ar\/filesedc\/uploads\/image\/post\/2025\/07\/n3ccqp54jjjcbmt6pch252l3oi-1752012242005_1200_800.webp\" class=\"img-responsive lazyload\" alt=\"Hombre de traje se\u00f1alando al frente con varias banderas de Estados Unidos al fondo\" title=\"Hombre de traje se\u00f1alando al frente con varias banderas de Estados Unidos al fondo\"><\/figure>\n","protected":false},"excerpt":{"rendered":"<p>El martes, la Corte Suprema de Estados Unidos levant\u00f3 una orden de un tribunal inferior que bloqueaba despidos masivos de empleados federales en casi dos docenas de agencias, en medio de una batalla legal sobre los esfuerzos del presidente Donald Trump por reducir dr\u00e1sticamente el tama\u00f1o del gobierno. Esta decisi\u00f3n permite que la administraci\u00f3n Trump [&hellip;]<\/p>\n","protected":false},"author":2,"featured_media":10339,"comment_status":"open","ping_status":"open","sticky":false,"template":"","format":"standard","meta":{"_et_pb_use_builder":"","_et_pb_old_content":"","_et_gb_content_width":"","footnotes":""},"categories":[187,79,188],"tags":[],"class_list":["post-10338","post","type-post","status-publish","format-standard","has-post-thumbnail","hentry","category-corte","category-internacionales","category-suprema"],"_links":{"self":[{"href":"https:\/\/verdadincomodadiario.ar\/index.php?rest_route=\/wp\/v2\/posts\/10338","targetHints":{"allow":["GET"]}}],"collection":[{"href":"https:\/\/verdadincomodadiario.ar\/index.php?rest_route=\/wp\/v2\/posts"}],"about":[{"href":"https:\/\/verdadincomodadiario.ar\/index.php?rest_route=\/wp\/v2\/types\/post"}],"author":[{"embeddable":true,"href":"https:\/\/verdadincomodadiario.ar\/index.php?rest_route=\/wp\/v2\/users\/2"}],"replies":[{"embeddable":true,"href":"https:\/\/verdadincomodadiario.ar\/index.php?rest_route=%2Fwp%2Fv2%2Fcomments&post=10338"}],"version-history":[{"count":0,"href":"https:\/\/verdadincomodadiario.ar\/index.php?rest_route=\/wp\/v2\/posts\/10338\/revisions"}],"wp:featuredmedia":[{"embeddable":true,"href":"https:\/\/verdadincomodadiario.ar\/index.php?rest_route=\/wp\/v2\/media\/10339"}],"wp:attachment":[{"href":"https:\/\/verdadincomodadiario.ar\/index.php?rest_route=%2Fwp%2Fv2%2Fmedia&parent=10338"}],"wp:term":[{"taxonomy":"category","embeddable":true,"href":"https:\/\/verdadincomodadiario.ar\/index.php?rest_route=%2Fwp%2Fv2%2Fcategories&post=10338"},{"taxonomy":"post_tag","embeddable":true,"href":"https:\/\/verdadincomodadiario.ar\/index.php?rest_route=%2Fwp%2Fv2%2Ftags&post=10338"}],"curies":[{"name":"wp","href":"https:\/\/api.w.org\/{rel}","templated":true}]}}