{"id":10332,"date":"2025-07-08T21:26:41","date_gmt":"2025-07-08T21:26:41","guid":{"rendered":"https:\/\/verdadincomodadiario.ar\/?p=10332"},"modified":"2025-07-08T21:26:41","modified_gmt":"2025-07-08T21:26:41","slug":"cordoba-detuvieron-a-un-narco-en-malagueno-por-vender-droga-frente-a-una-escuela","status":"publish","type":"post","link":"https:\/\/verdadincomodadiario.ar\/?p=10332","title":{"rendered":"C\u00f3rdoba: detuvieron a un narco en Malague\u00f1o por vender droga frente a una escuela"},"content":{"rendered":"<p>Un joven de 25 a\u00f1os fue detenido en Malague\u00f1o por <strong>vender droga frente a una escuela<\/strong>. El operativo fue realizado por la Fuerza Policial Antinarcotr\u00e1fico (FPA). El procedimiento se orden\u00f3 tras reiterados llamados al Centro de Denuncias An\u00f3nimas del Ministerio P\u00fablico Fiscal.<\/p>\n<p>El domicilio allanado estaba ubicado en calle Francisco Ram\u00edrez esquina Padre Marella. Seg\u00fan inform\u00f3 la FPA, <strong>se secuestraron coca\u00edna, marihuana y dinero<\/strong>. Tambi\u00e9n fueron incautados <strong>psicof\u00e1rmacos y elementos vinculados con el narcomenudeo.<\/strong><\/p>\n<p>La denuncia indicaba que el sospechoso <strong>vend\u00eda droga en la puerta de su casa y frente a un colegio.<\/strong> Las transacciones se realizaban en distintos momentos del d\u00eda. Esta situaci\u00f3n gener\u00f3 alarma entre los vecinos de la zona.<\/p>\n<div class=\"inter_image image_vertical\">\n<picture><source class=\"img-responsive\" type=\"image\/webp\" data-srcset=\"https:\/\/filesedc.com\/uploads\/image\/post\/2025\/07\/379_300_400.webp 300w, https:\/\/filesedc.com\/uploads\/image\/post\/2025\/07\/379_630_840.webp 630w, https:\/\/filesedc.com\/uploads\/image\/post\/2025\/07\/379_760_1013.webp 760w, https:\/\/filesedc.com\/uploads\/image\/post\/2025\/07\/379_1200_1600.webp 1200w, https:\/\/filesedc.com\/uploads\/image\/post\/2025\/07\/379_1600_2133.webp 1600w, \"><img decoding=\"async\" src=\"https:\/\/derechadiario.com.ar\/filesedc\/uploads\/image\/post\/2025\/07\/379_1200_1600.webp\" class=\"img-responsive lazyload\" alt=\"Persona con uniforme t\u00e1ctico y casco de protecci\u00f3n sosteniendo un arma frente a la entrada de una casa blanca con plantas en macetas\" title=\"Persona con uniforme t\u00e1ctico y casco de protecci\u00f3n sosteniendo un arma frente a la entrada de una casa blanca con plantas en macetas\"><\/picture>\n<div>\n<span class=\"img_footer\">En su domicilio, se hallaron 332 dosis de marihuana y 11 de coca\u00edna listas para su comercializaci\u00f3n. <\/span>| <span class=\"img_author\">La Derecha Diario<\/span>\n<\/div>\n<\/div>\n<h2>Operativo de la FPA y secuestro de estupefacientes<\/h2>\n<p>El operativo fue supervisado por la Fiscal\u00eda de Lucha contra el Narcotr\u00e1fico de Villa Carlos Paz. El acusado fue reducido sin ofrecer resistencia. En total, <strong>se hallaron 332 dosis de marihuana y 11 de coca\u00edna listas para su comercializaci\u00f3n.<\/strong><\/p>\n<aside class=\"are-you-interested-container-photo\"><\/aside>\n<p>Adem\u00e1s, los agentes encontraron <strong>cuatro comprimidos de psicof\u00e1rmacos sin receta.<\/strong> Tambi\u00e9n se incaut\u00f3 una suma de dinero en efectivo. Todo el material secuestrado fue trasladado a la sede judicial junto al detenido.<\/p>\n<p>Los investigadores confirmaron que el narco usaba su casa como punto de venta. Pero tambi\u00e9n <strong><a href=\"https:\/\/derechadiario.com.ar\/sociedad\/cordoba-detienen-narco-reincidente-que-vendia-cocaina-junto-escuela-e-iglesia\" title=\"C\u00f3rdoba: detienen a narco reincidente que vend\u00eda coca\u00edna junto a una escuela e iglesia\">vend\u00eda en la esquina cercana a una instituci\u00f3n educativa<\/a>.<\/strong> Padres y docentes hab\u00edan advertido movimientos sospechosos en la zona.<\/p>\n<figure><img decoding=\"async\" src=\"https:\/\/derechadiario.com.ar\/filesedc\/uploads\/image\/post\/2025\/07\/380_1200_800.webp\" class=\"img-responsive lazyload\" alt=\"Un polic\u00eda con chaleco y casco detiene a una persona junto a una camioneta en una calle por la noche.\" title=\"Un polic\u00eda con chaleco y casco detiene a una persona junto a una camioneta en una calle por la noche.\"><\/figure>\n<aside class=\"whatsappChannelText\"><a href=\"https:\/\/whatsapp.com\/channel\/0029VagEjILGE56eKjedWF2U\" rel=\"nofollow\" title=\"WhatsApp Link\"><img alt=\"Logo de WhatsApp\" class=\"lazyload\" data-src=\"https:\/\/derechadiario.com.ar\/filesedc\/uploads\/other\/whatsapp_icon_mid_article.png\" width=\"32\" height=\"32\"><\/a> <a href=\"https:\/\/whatsapp.com\/channel\/0029VagEjILGE56eKjedWF2U\" rel=\"nofollow\" title=\"WhatsApp Link\"><strong>NO SE PIERDAN NINGUNA NOTICIA<\/strong>: Click aqu\u00ed para sumarte <strong>GRATIS<\/strong> al canal de noticias de <strong>La Derecha Diario en WhatsApp.<\/strong><\/a><\/aside>\n<h2>Imputaci\u00f3n y posibles consecuencias penales<\/h2>\n<p>Tras la detenci\u00f3n, el joven fue imputado por Comercializaci\u00f3n de Estupefacientes. El delito prev\u00e9 penas de cumplimiento efectivo. El fiscal de la causa adelant\u00f3 que se investigar\u00e1n posibles c\u00f3mplices.<\/p>\n<p>La Justicia analiza ahora si el detenido actuaba solo o como parte de una <a href=\"https:\/\/derechadiario.com.ar\/sociedad\/cordoba-fuerte-operativo-policial-desbarata-banda-narco-con-arsenal-armas\" title=\"C\u00f3rdoba: fuerte operativo policial desbarata banda narco con un arsenal de armas\">red mayor<\/a>. No se descartan nuevas detenciones en los pr\u00f3ximos d\u00edas. La investigaci\u00f3n continuar\u00e1 con el an\u00e1lisis del material incautado.<\/p>\n<p>Desde el Ministerio P\u00fablico Fiscal destacaron el valor de las denuncias an\u00f3nimas. Afirmaron que la colaboraci\u00f3n ciudadana es clave para combatir el narcotr\u00e1fico. El caso reabre el debate sobre la seguridad en zonas escolares.<\/p>\n","protected":false},"excerpt":{"rendered":"<p>Un joven de 25 a\u00f1os fue detenido en Malague\u00f1o por vender droga frente a una escuela. El operativo fue realizado por la Fuerza Policial Antinarcotr\u00e1fico (FPA). El procedimiento se orden\u00f3 tras reiterados llamados al Centro de Denuncias An\u00f3nimas del Ministerio P\u00fablico Fiscal. El domicilio allanado estaba ubicado en calle Francisco Ram\u00edrez esquina Padre Marella. Seg\u00fan [&hellip;]<\/p>\n","protected":false},"author":2,"featured_media":10333,"comment_status":"open","ping_status":"open","sticky":false,"template":"","format":"standard","meta":{"_et_pb_use_builder":"","_et_pb_old_content":"","_et_gb_content_width":"","footnotes":""},"categories":[84],"tags":[],"class_list":["post-10332","post","type-post","status-publish","format-standard","has-post-thumbnail","hentry","category-ultimomomento"],"_links":{"self":[{"href":"https:\/\/verdadincomodadiario.ar\/index.php?rest_route=\/wp\/v2\/posts\/10332","targetHints":{"allow":["GET"]}}],"collection":[{"href":"https:\/\/verdadincomodadiario.ar\/index.php?rest_route=\/wp\/v2\/posts"}],"about":[{"href":"https:\/\/verdadincomodadiario.ar\/index.php?rest_route=\/wp\/v2\/types\/post"}],"author":[{"embeddable":true,"href":"https:\/\/verdadincomodadiario.ar\/index.php?rest_route=\/wp\/v2\/users\/2"}],"replies":[{"embeddable":true,"href":"https:\/\/verdadincomodadiario.ar\/index.php?rest_route=%2Fwp%2Fv2%2Fcomments&post=10332"}],"version-history":[{"count":0,"href":"https:\/\/verdadincomodadiario.ar\/index.php?rest_route=\/wp\/v2\/posts\/10332\/revisions"}],"wp:featuredmedia":[{"embeddable":true,"href":"https:\/\/verdadincomodadiario.ar\/index.php?rest_route=\/wp\/v2\/media\/10333"}],"wp:attachment":[{"href":"https:\/\/verdadincomodadiario.ar\/index.php?rest_route=%2Fwp%2Fv2%2Fmedia&parent=10332"}],"wp:term":[{"taxonomy":"category","embeddable":true,"href":"https:\/\/verdadincomodadiario.ar\/index.php?rest_route=%2Fwp%2Fv2%2Fcategories&post=10332"},{"taxonomy":"post_tag","embeddable":true,"href":"https:\/\/verdadincomodadiario.ar\/index.php?rest_route=%2Fwp%2Fv2%2Ftags&post=10332"}],"curies":[{"name":"wp","href":"https:\/\/api.w.org\/{rel}","templated":true}]}}