{"id":10330,"date":"2025-07-08T21:26:42","date_gmt":"2025-07-08T21:26:42","guid":{"rendered":"https:\/\/verdadincomodadiario.ar\/?p=10330"},"modified":"2025-07-08T21:26:42","modified_gmt":"2025-07-08T21:26:42","slug":"cordoba-es-inminente-el-traslado-de-un-arbol-en-la-ruta-y-pierden-los-ambientalistas","status":"publish","type":"post","link":"https:\/\/verdadincomodadiario.ar\/?p=10330","title":{"rendered":"C\u00f3rdoba: Es inminente el traslado de un \u00e1rbol en la ruta y pierden los ambientalistas"},"content":{"rendered":"<p><a href=\"https:\/\/derechadiario.com.ar\/politica\/cordoba-ambientalistas-boicotearon-su-propia-cumbre-verde-los-gritos-por-arbol\" title=\"C\u00f3rdoba: rid\u00edculos ambientalistas boicotearon su circo verde a los gritos por un \u00e1rbol\"><strong>Los ambientalistas fueron derrotados<\/strong><\/a> y el \u00e1rbol ser\u00e1 finalmente removido de lugar para lograr \u00a0<strong>ampliar una ruta clave para el desarrollo de C\u00f3rdoba.<\/strong><\/p>\n<p>El mi\u00e9rcoles podr\u00eda ser trasplantado el <strong>hist\u00f3rico quebracho ubicado en el medio de la avenida Padre Luchesse<\/strong>, <strong>una v\u00eda estrat\u00e9gica que une las Sierras Chicas con un sector de C\u00f3rdoba<\/strong> donde se encuentran, entre otros puntos, el aeropuerto internacional y un cord\u00f3n industrial.<\/p>\n<div class=\"inter_image image_horizontal\">\n<picture><source class=\"img-responsive\" type=\"image\/webp\" data-srcset=\"https:\/\/filesedc.com\/uploads\/image\/post\/2025\/07\/arbol-luchessew-1752003891239_300_200.webp 300w, https:\/\/filesedc.com\/uploads\/image\/post\/2025\/07\/arbol-luchessew-1752003891239_630_420.webp 630w, https:\/\/filesedc.com\/uploads\/image\/post\/2025\/07\/arbol-luchessew-1752003891239_760_507.webp 760w, https:\/\/filesedc.com\/uploads\/image\/post\/2025\/07\/arbol-luchessew-1752003891239_1200_800.webp 1200w, https:\/\/filesedc.com\/uploads\/image\/post\/2025\/07\/arbol-luchessew-1752003891239_1600_1067.webp 1600w, \"><img decoding=\"async\" src=\"https:\/\/derechadiario.com.ar\/filesedc\/uploads\/image\/post\/2025\/07\/arbol-luchessew-1752003891239_1200_800.webp\" class=\"img-responsive lazyload\" alt=\"Carretera recta vista desde arriba con \u00e1rboles a ambos lados y un solo \u00e1rbol grande en el costado derecho\" title=\"Carretera recta vista desde arriba con \u00e1rboles a ambos lados y un solo \u00e1rbol grande en el costado derecho\"><\/picture>\n<div>\n<span class=\"img_footer\">El quebracho de Villa Allende. <\/span>| <span class=\"img_author\">La Derecha Diario<\/span>\n<\/div>\n<\/div>\n<p>Despu\u00e9s de idas y vueltas, de un rid\u00edculo acampe y un m\u00e1s <a href=\"https:\/\/derechadiario.com.ar\/sociedad\/ambientalismo-extremo-villa-allende-vecinos-se-encadenaron-arbol\" title=\"Ambientalismo extremo en Villa Allende: vecinos se encadenaron a un \u00e1rbol\"><strong>rid\u00edculo intento de encadenarse al \u00e1rbol<\/strong><\/a>, <strong>los ambientalistas cordobeses deber\u00e1n resignarse a ver el ejemplar trasladado a otro sector.<\/strong><\/p>\n<aside class=\"whatsappChannelText\"><a href=\"https:\/\/whatsapp.com\/channel\/0029VagEjILGE56eKjedWF2U\" rel=\"nofollow\" title=\"WhatsApp Link\"><img alt=\"Logo de WhatsApp\" class=\"lazyload\" data-src=\"https:\/\/derechadiario.com.ar\/filesedc\/uploads\/other\/whatsapp_icon_mid_article.png\" width=\"32\" height=\"32\"><\/a> <a href=\"https:\/\/whatsapp.com\/channel\/0029VagEjILGE56eKjedWF2U\" rel=\"nofollow\" title=\"WhatsApp Link\"><strong>NO SE PIERDAN NINGUNA NOTICIA<\/strong>: Click aqu\u00ed para sumarte <strong>GRATIS<\/strong> al canal de noticias de <strong>La Derecha Diario en WhatsApp.<\/strong><\/a><\/aside>\n<p>No se comprende bien el absurdo argumento de los que encabezan las protestas. <strong>Se trata de un \u00e1rbol que, de persistir en ese lugar, podr\u00eda atentar gravemente contra la seguridad de los automovilistas.<\/strong><\/p>\n<aside class=\"are-you-interested-container-photo\"><\/aside>\n<figure><img decoding=\"async\" src=\"https:\/\/derechadiario.com.ar\/filesedc\/uploads\/image\/post\/2025\/07\/arbwq-1752003916560_1200_800.webp\" class=\"img-responsive lazyload\" alt=\"Dos personas con ropa de abrigo est\u00e1n junto a un \u00e1rbol en una zona urbana, una de ellas abraza el tronco mientras la otra observa.\" title=\"Dos personas con ropa de abrigo est\u00e1n junto a un \u00e1rbol en una zona urbana, una de ellas abraza el tronco mientras la otra observa.\"><\/figure>\n<h2>Voces contrapuestas en torno al quebracho de Villa Allende<\/h2>\n<p>&#8220;No vamos a movernos del lado del quebracho. La remoci\u00f3n es una improvisaci\u00f3n total. Redujeron el pan de ra\u00edces porque en realidad no ten\u00edan gr\u00faa, y eliminaron el trabajo de conservaci\u00f3n de las ra\u00edces que hicimos\u201d, se\u00f1al\u00f3 el <strong>integrante del Movimiento El Quebracho, Joaqu\u00edn Elgueta<\/strong>.<\/p>\n<figure><img decoding=\"async\" src=\"https:\/\/derechadiario.com.ar\/filesedc\/uploads\/image\/post\/2025\/07\/qucj5yhfxvdi7ohgmi4ciebni4_1200_800.webp\" class=\"img-responsive lazyload\" alt=\"Excavadora amarilla trabajando cerca de un \u00e1rbol grande en una zona de construcci\u00f3n rodeada de malla y tierra\" title=\"Excavadora amarilla trabajando cerca de un \u00e1rbol grande en una zona de construcci\u00f3n rodeada de malla y tierra\"><\/figure>\n<p>\u201cLa retroescavadora achic\u00f3 el pan, las ra\u00edces est\u00e1n conservadas. Todas est\u00e1n arriba, tiene m\u00e1s sustento superficial. La ra\u00edz central alcanza los dos metros de profundidad (el pan). \u00a0<strong>El traslado es inminente\u201d, sostuvo a su turno el secretario de Gobierno de Villa Allende, Felipe Crespo.<\/strong><\/p>\n","protected":false},"excerpt":{"rendered":"<p>Los ambientalistas fueron derrotados y el \u00e1rbol ser\u00e1 finalmente removido de lugar para lograr \u00a0ampliar una ruta clave para el desarrollo de C\u00f3rdoba. El mi\u00e9rcoles podr\u00eda ser trasplantado el hist\u00f3rico quebracho ubicado en el medio de la avenida Padre Luchesse, una v\u00eda estrat\u00e9gica que une las Sierras Chicas con un sector de C\u00f3rdoba donde se [&hellip;]<\/p>\n","protected":false},"author":2,"featured_media":10331,"comment_status":"open","ping_status":"open","sticky":false,"template":"","format":"standard","meta":{"_et_pb_use_builder":"","_et_pb_old_content":"","_et_gb_content_width":"","footnotes":""},"categories":[84],"tags":[],"class_list":["post-10330","post","type-post","status-publish","format-standard","has-post-thumbnail","hentry","category-ultimomomento"],"_links":{"self":[{"href":"https:\/\/verdadincomodadiario.ar\/index.php?rest_route=\/wp\/v2\/posts\/10330","targetHints":{"allow":["GET"]}}],"collection":[{"href":"https:\/\/verdadincomodadiario.ar\/index.php?rest_route=\/wp\/v2\/posts"}],"about":[{"href":"https:\/\/verdadincomodadiario.ar\/index.php?rest_route=\/wp\/v2\/types\/post"}],"author":[{"embeddable":true,"href":"https:\/\/verdadincomodadiario.ar\/index.php?rest_route=\/wp\/v2\/users\/2"}],"replies":[{"embeddable":true,"href":"https:\/\/verdadincomodadiario.ar\/index.php?rest_route=%2Fwp%2Fv2%2Fcomments&post=10330"}],"version-history":[{"count":0,"href":"https:\/\/verdadincomodadiario.ar\/index.php?rest_route=\/wp\/v2\/posts\/10330\/revisions"}],"wp:featuredmedia":[{"embeddable":true,"href":"https:\/\/verdadincomodadiario.ar\/index.php?rest_route=\/wp\/v2\/media\/10331"}],"wp:attachment":[{"href":"https:\/\/verdadincomodadiario.ar\/index.php?rest_route=%2Fwp%2Fv2%2Fmedia&parent=10330"}],"wp:term":[{"taxonomy":"category","embeddable":true,"href":"https:\/\/verdadincomodadiario.ar\/index.php?rest_route=%2Fwp%2Fv2%2Fcategories&post=10330"},{"taxonomy":"post_tag","embeddable":true,"href":"https:\/\/verdadincomodadiario.ar\/index.php?rest_route=%2Fwp%2Fv2%2Ftags&post=10330"}],"curies":[{"name":"wp","href":"https:\/\/api.w.org\/{rel}","templated":true}]}}