{"id":10316,"date":"2025-07-08T20:27:20","date_gmt":"2025-07-08T20:27:20","guid":{"rendered":"https:\/\/verdadincomodadiario.ar\/?p=10316"},"modified":"2025-07-08T20:27:20","modified_gmt":"2025-07-08T20:27:20","slug":"conductores-califican-como-fracaso-las-nuevas-medidas-del-intrant","status":"publish","type":"post","link":"https:\/\/verdadincomodadiario.ar\/?p=10316","title":{"rendered":"Conductores califican como fracaso las nuevas medidas del Intrant"},"content":{"rendered":"<p>El nuevo plan vial del <a href=\"https:\/\/www.instagram.com\/p\/DL0pU-TR73u\/\" title='La Derecha Diario Rep\u00fablica Dominicana on Instagram: \"\ud83c\udde9\ud83c\uddf4 | En su primer d\u00eda, el nuevo plan  vial del INTRANT provoca descontento entre conductores y ciudadanos: Los cambios en el tr\u00e1nsito han generado largos entaponamientos y confusi\u00f3n en avenidas clave del Gran Santo Domingo, encendiendo las cr\u00edticas por su impacto inmediato.\"'><strong>INTRANT<\/strong><\/a> provoc\u00f3\u00a0descontento entre conductores y ciudadanos, quienes descalifican las nuevas medidas implementadas por la entidad.<\/p>\n<p>Los cambios en el tr\u00e1nsito han generado largos <strong>entaponamientos<\/strong> y <strong>confusi\u00f3n<\/strong> en avenidas clave del Gran Santo Domingo, encendiendo las cr\u00edticas por su impacto inmediato.<\/p>\n<p>Esta iniciativa del Director del Instituto de Transporte Terrestre, <strong>Milton Morrison<\/strong>,\u00a0busca\u00a0aplicar estrategias temporales de control vehicular que permitan agilizar el flujo en momentos clave del d\u00eda, especialmente en horas pico.<\/p>\n<p>El proyecto que incluye la prohibici\u00f3n del giro a la izquierda, regulaci\u00f3n de estacionamientos, optimizaci\u00f3n de los sem\u00e1foros y gesti\u00f3n horaria en v\u00edas principales, ha sido tildado como un &#8220;<strong>fracaso<\/strong>&#8220;, por los que suelen transitar estas rutas.<\/p>\n<p>El reci\u00e9n implementado plan vial ha generado cr\u00edticas por la falta de planificaci\u00f3n t\u00e9cnica\u00a0detr\u00e1s de las medidas, ya que, en d\u00edas anteriores el director de la instituci\u00f3n, Milton Morrison, hab\u00eda negado que estos cambios se llevar\u00edan a cabo.<\/p>\n<p>El nuevo plan vial del INTRANT ha quedado en entredicho por su\u00a0implementaci\u00f3n apresurada y falta de consulta previa, generando m\u00e1s problemas que soluciones. Mientras las autoridades insisten en su\u00a0enfoque a largo plazo.<\/p>\n","protected":false},"excerpt":{"rendered":"<p>El nuevo plan vial del INTRANT provoc\u00f3\u00a0descontento entre conductores y ciudadanos, quienes descalifican las nuevas medidas implementadas por la entidad. Los cambios en el tr\u00e1nsito han generado largos entaponamientos y confusi\u00f3n en avenidas clave del Gran Santo Domingo, encendiendo las cr\u00edticas por su impacto inmediato. Esta iniciativa del Director del Instituto de Transporte Terrestre, Milton [&hellip;]<\/p>\n","protected":false},"author":2,"featured_media":10317,"comment_status":"open","ping_status":"open","sticky":false,"template":"","format":"standard","meta":{"_et_pb_use_builder":"","_et_pb_old_content":"","_et_gb_content_width":"","footnotes":""},"categories":[84],"tags":[],"class_list":["post-10316","post","type-post","status-publish","format-standard","has-post-thumbnail","hentry","category-ultimomomento"],"_links":{"self":[{"href":"https:\/\/verdadincomodadiario.ar\/index.php?rest_route=\/wp\/v2\/posts\/10316","targetHints":{"allow":["GET"]}}],"collection":[{"href":"https:\/\/verdadincomodadiario.ar\/index.php?rest_route=\/wp\/v2\/posts"}],"about":[{"href":"https:\/\/verdadincomodadiario.ar\/index.php?rest_route=\/wp\/v2\/types\/post"}],"author":[{"embeddable":true,"href":"https:\/\/verdadincomodadiario.ar\/index.php?rest_route=\/wp\/v2\/users\/2"}],"replies":[{"embeddable":true,"href":"https:\/\/verdadincomodadiario.ar\/index.php?rest_route=%2Fwp%2Fv2%2Fcomments&post=10316"}],"version-history":[{"count":0,"href":"https:\/\/verdadincomodadiario.ar\/index.php?rest_route=\/wp\/v2\/posts\/10316\/revisions"}],"wp:featuredmedia":[{"embeddable":true,"href":"https:\/\/verdadincomodadiario.ar\/index.php?rest_route=\/wp\/v2\/media\/10317"}],"wp:attachment":[{"href":"https:\/\/verdadincomodadiario.ar\/index.php?rest_route=%2Fwp%2Fv2%2Fmedia&parent=10316"}],"wp:term":[{"taxonomy":"category","embeddable":true,"href":"https:\/\/verdadincomodadiario.ar\/index.php?rest_route=%2Fwp%2Fv2%2Fcategories&post=10316"},{"taxonomy":"post_tag","embeddable":true,"href":"https:\/\/verdadincomodadiario.ar\/index.php?rest_route=%2Fwp%2Fv2%2Ftags&post=10316"}],"curies":[{"name":"wp","href":"https:\/\/api.w.org\/{rel}","templated":true}]}}