{"id":10314,"date":"2025-07-08T20:27:21","date_gmt":"2025-07-08T20:27:21","guid":{"rendered":"https:\/\/verdadincomodadiario.ar\/?p=10314"},"modified":"2025-07-08T20:27:21","modified_gmt":"2025-07-08T20:27:21","slug":"congreso-avanza-en-nuevo-codigo-penal-que-penaliza-el-aborto-sin-excepciones","status":"publish","type":"post","link":"https:\/\/verdadincomodadiario.ar\/?p=10314","title":{"rendered":"Congreso avanza en nuevo C\u00f3digo Penal que penaliza el aborto sin excepciones"},"content":{"rendered":"<p>La comisi\u00f3n bicameral del Congreso encargada de la reforma del C\u00f3digo Penal ha dado un paso firme hacia la aprobaci\u00f3n de un nuevo marco legal que\u00a0penaliza el aborto sin excepciones, reafirmando as\u00ed una postura conservadora y alineada con sectores provida.<\/p>\n<p>El informe final, que ser\u00e1 presentado en los pr\u00f3ximos d\u00edas,\u00a0excluye las tres causales\u00a0promovidas por organizaciones feministas y defensores de derechos humanos, que buscaban despenalizar el aborto.<\/p>\n<p>Estos sectores defienden que se apruebe el aborto en caso de:\u00a0violaci\u00f3n o incesto, malformaciones fetales incompatibles con la vida y riesgo para la vida o salud de la madre.<\/p>\n<p>El\u00a0informe contiene, la penalizaci\u00f3n total,\u00a0se mantiene la criminalizaci\u00f3n del aborto en todas sus formas, sin distinci\u00f3n de causales.<\/p>\n<p>Rechazo a eximentes: La comisi\u00f3n descart\u00f3 incluir atenuantes para casos extremos, argumentando que &#8220;la vida debe protegerse desde la concepci\u00f3n&#8221;.<\/p>\n<p>Mayores sanciones: Se propone endurecer las penas para m\u00e9dicos y mujeres que participen en interrupciones del embarazo.<\/p>\n<p>Sectores conservadores y religiosos\u00a0celebran la decisi\u00f3n, consider\u00e1ndola una &#8220;victoria por la vida&#8221;, mientras que movimientos feministas y ONGs\u00a0denuncian que la medida\u00a0viola derechos humanos\u00a0y pone en riesgo a mujeres.<\/p>\n<p>Organismos internacionales como Amnist\u00eda Internacional y la ONU han advertido que leyes restrictivas aumentan los abortos clandestinos y la mortalidad materna.<\/p>\n<p>Pese a esto el congreso sigue firme en no cambiar las medidas establecidas.<\/p>\n","protected":false},"excerpt":{"rendered":"<p>La comisi\u00f3n bicameral del Congreso encargada de la reforma del C\u00f3digo Penal ha dado un paso firme hacia la aprobaci\u00f3n de un nuevo marco legal que\u00a0penaliza el aborto sin excepciones, reafirmando as\u00ed una postura conservadora y alineada con sectores provida. El informe final, que ser\u00e1 presentado en los pr\u00f3ximos d\u00edas,\u00a0excluye las tres causales\u00a0promovidas por organizaciones [&hellip;]<\/p>\n","protected":false},"author":2,"featured_media":10315,"comment_status":"open","ping_status":"open","sticky":false,"template":"","format":"standard","meta":{"_et_pb_use_builder":"","_et_pb_old_content":"","_et_gb_content_width":"","footnotes":""},"categories":[84],"tags":[],"class_list":["post-10314","post","type-post","status-publish","format-standard","has-post-thumbnail","hentry","category-ultimomomento"],"_links":{"self":[{"href":"https:\/\/verdadincomodadiario.ar\/index.php?rest_route=\/wp\/v2\/posts\/10314","targetHints":{"allow":["GET"]}}],"collection":[{"href":"https:\/\/verdadincomodadiario.ar\/index.php?rest_route=\/wp\/v2\/posts"}],"about":[{"href":"https:\/\/verdadincomodadiario.ar\/index.php?rest_route=\/wp\/v2\/types\/post"}],"author":[{"embeddable":true,"href":"https:\/\/verdadincomodadiario.ar\/index.php?rest_route=\/wp\/v2\/users\/2"}],"replies":[{"embeddable":true,"href":"https:\/\/verdadincomodadiario.ar\/index.php?rest_route=%2Fwp%2Fv2%2Fcomments&post=10314"}],"version-history":[{"count":0,"href":"https:\/\/verdadincomodadiario.ar\/index.php?rest_route=\/wp\/v2\/posts\/10314\/revisions"}],"wp:featuredmedia":[{"embeddable":true,"href":"https:\/\/verdadincomodadiario.ar\/index.php?rest_route=\/wp\/v2\/media\/10315"}],"wp:attachment":[{"href":"https:\/\/verdadincomodadiario.ar\/index.php?rest_route=%2Fwp%2Fv2%2Fmedia&parent=10314"}],"wp:term":[{"taxonomy":"category","embeddable":true,"href":"https:\/\/verdadincomodadiario.ar\/index.php?rest_route=%2Fwp%2Fv2%2Fcategories&post=10314"},{"taxonomy":"post_tag","embeddable":true,"href":"https:\/\/verdadincomodadiario.ar\/index.php?rest_route=%2Fwp%2Fv2%2Ftags&post=10314"}],"curies":[{"name":"wp","href":"https:\/\/api.w.org\/{rel}","templated":true}]}}