{"id":10240,"date":"2025-07-08T03:24:17","date_gmt":"2025-07-08T03:24:17","guid":{"rendered":"https:\/\/verdadincomodadiario.ar\/?p=10240"},"modified":"2025-07-08T03:24:17","modified_gmt":"2025-07-08T03:24:17","slug":"un-polemico-viaje-de-petro-a-manta-genero-sospechas-y-tension-politica-en-colombia","status":"publish","type":"post","link":"https:\/\/verdadincomodadiario.ar\/?p=10240","title":{"rendered":"Un pol\u00e9mico viaje de Petro a Manta gener\u00f3 sospechas y tensi\u00f3n pol\u00edtica en Colombia"},"content":{"rendered":"<p>El excanciller \u00c1lvaro Leyva calific\u00f3 como \u201ccortina de humo\u201d la acusaci\u00f3n de golpe de Estado en su contra, vincul\u00e1ndola con el pol\u00e9mico viaje de Gustavo Petro a Manta, <a href=\"https:\/\/derechadiario.com.ar\/ecuador\/economia\/los-carros-hibridos-y-electricos-lideraron-repunte-del-mercado-automotor-ecuador\" title=\"Los carros h\u00edbridos y el\u00e9ctricos lideraron el repunte del mercado automotor en Ecuador\">Ecuador<\/a>. Seg\u00fan Leyva, el presidente colombiano debe explicar con claridad los motivos de su visita y las personas con las que se reuni\u00f3 durante su estancia.<\/p>\n<p>La noticia surgi\u00f3 tras audios publicados por El Pa\u00eds, donde se acus\u00f3 a Leyva de conspirar contra el mandatario. Ante ello, Leyva asegur\u00f3 que las grabaciones fueron obtenidas de forma ilegal y carecen de valor procesal, mientras insisti\u00f3 en que el viaje de Petro esconde irregularidades que el Gobierno no quiere aclarar.<\/p>\n<p>En la entrevista con SEMANA, Leyva se\u00f1al\u00f3 que Petro afirm\u00f3 haber trabajado en un libro sobre acumulaci\u00f3n de capital y crisis clim\u00e1tica durante su estad\u00eda en Manta. Sin embargo, la versi\u00f3n gener\u00f3 dudas en medios colombianos, ya que existen reportes que vinculan al mandatario con una supuesta reuni\u00f3n con el <a href=\"https:\/\/derechadiario.com.ar\/ecuador\/politica\/gobierno-nego-rumores-negociacion-con-fito-tras-su-captura-manabi\" title=\"El Gobierno neg\u00f3 rumores de negociaci\u00f3n con 'Fito' tras su captura en Manab\u00ed\">narcotraficante ecuatoriano alias Fito<\/a>, la cual \u00e9l neg\u00f3.<\/p>\n<p>El exministro destac\u00f3 que Petro desconoce resultados electorales en Ecuador, pero luego apareci\u00f3 de manera sorpresiva en la posesi\u00f3n de <b>Daniel Noboa<\/b>, generando especulaciones sobre sus verdaderas intenciones en la visita. Para Leyva, el presidente utiliza estos viajes como distracciones mientras en Colombia persisten los <b>problemas de inseguridad y debilidad institucional<\/b> heredados por modelos de gobierno de corte socialista.<\/p>\n<div class=\"inter_image image_horizontal\">\n<picture><source class=\"img-responsive\" type=\"image\/webp\" data-srcset=\"https:\/\/filesedc.com\/uploads\/image\/post\/2025\/07\/1-1751827873442_300_200.webp 300w, https:\/\/filesedc.com\/uploads\/image\/post\/2025\/07\/1-1751827873442_630_420.webp 630w, https:\/\/filesedc.com\/uploads\/image\/post\/2025\/07\/1-1751827873442_760_507.webp 760w, https:\/\/filesedc.com\/uploads\/image\/post\/2025\/07\/1-1751827873442_1200_800.webp 1200w, https:\/\/filesedc.com\/uploads\/image\/post\/2025\/07\/1-1751827873442_1600_1067.webp 1600w, \"><img decoding=\"async\" src=\"https:\/\/derechadiario.com.ar\/filesedc\/uploads\/image\/post\/2025\/07\/1-1751827873442_1200_800.webp\" class=\"img-responsive lazyload\" alt=\"Dos hombres de traje aparecen en la imagen, uno de ellos est\u00e1 en primer plano con gafas y corbata roja, mientras que el otro aparece en la portada de una revista al fondo se\u00f1alando hacia el frente, con un cielo azul y nubes como fondo.\" title=\"Dos hombres de traje aparecen en la imagen, uno de ellos est\u00e1 en primer plano con gafas y corbata roja, mientras que el otro aparece en la portada de una revista al fondo se\u00f1alando hacia el frente, con un cielo azul y nubes como fondo.\"><\/picture>\n<div>\n<span class=\"img_footer\">\u00c0lvaro Leyva <\/span>| <span class=\"img_author\">La Derecha Diario<\/span>\n<\/div>\n<\/div>\n<p>La controversia creci\u00f3 cuando Leyva sugiri\u00f3 que el presidente deber\u00eda mostrar las 30 p\u00e1ginas que dice haber escrito durante su estad\u00eda en Manta. Esta petici\u00f3n se sum\u00f3 a los se\u00f1alamientos de que Petro habr\u00eda viajado sin el permiso del Congreso colombiano, lo que genera cuestionamientos sobre el respeto a las normas institucionales y el uso de recursos p\u00fablicos.<\/p>\n<p>\u00c1lvaro Leyva concluy\u00f3 que existe un \u201cmar de fondo\u201d que se est\u00e1 ocultando tras las pol\u00e9micas del Gobierno Petro, y que estas \u201cescapaditas\u201d se han vuelto recurrentes en un mandatario que enfrenta problemas de gobernabilidad. Mientras el presidente argument\u00f3 que el viaje fue de car\u00e1cter personal, en Colombia crecen las voces que piden transparencia y explicaciones claras sobre sus actividades fuera del pa\u00eds.<\/p>\n<p>En la recta final del mandato de Petro, crecen las preocupaciones sobre las prioridades del Ejecutivo mientras el pa\u00eds enfrenta desaf\u00edos econ\u00f3micos y de seguridad. En este contexto, la necesidad de mantener el foco en la institucionalidad se vuelve esencial frente a los <b>riesgos que representan los modelos de corte socialista<\/b> que han debilitado a varias naciones de la regi\u00f3n.<\/p>\n<p>El caso del viaje de Petro a Manta se convierte en un s\u00edmbolo de la falta de claridad y transparencia que ha caracterizado a los gobiernos de tendencia socialista, generando desconfianza en la ciudadan\u00eda. Ante las tensiones pol\u00edticas en Colombia, crece la exigencia de explicaciones firmes y la necesidad de fortalecer la institucionalidad para superar los problemas que afectan al pa\u00eds.<\/p>\n","protected":false},"excerpt":{"rendered":"<p>El excanciller \u00c1lvaro Leyva calific\u00f3 como \u201ccortina de humo\u201d la acusaci\u00f3n de golpe de Estado en su contra, vincul\u00e1ndola con el pol\u00e9mico viaje de Gustavo Petro a Manta, Ecuador. Seg\u00fan Leyva, el presidente colombiano debe explicar con claridad los motivos de su visita y las personas con las que se reuni\u00f3 durante su estancia. La [&hellip;]<\/p>\n","protected":false},"author":2,"featured_media":10241,"comment_status":"open","ping_status":"open","sticky":false,"template":"","format":"standard","meta":{"_et_pb_use_builder":"","_et_pb_old_content":"","_et_gb_content_width":"","footnotes":""},"categories":[84],"tags":[],"class_list":["post-10240","post","type-post","status-publish","format-standard","has-post-thumbnail","hentry","category-ultimomomento"],"_links":{"self":[{"href":"https:\/\/verdadincomodadiario.ar\/index.php?rest_route=\/wp\/v2\/posts\/10240","targetHints":{"allow":["GET"]}}],"collection":[{"href":"https:\/\/verdadincomodadiario.ar\/index.php?rest_route=\/wp\/v2\/posts"}],"about":[{"href":"https:\/\/verdadincomodadiario.ar\/index.php?rest_route=\/wp\/v2\/types\/post"}],"author":[{"embeddable":true,"href":"https:\/\/verdadincomodadiario.ar\/index.php?rest_route=\/wp\/v2\/users\/2"}],"replies":[{"embeddable":true,"href":"https:\/\/verdadincomodadiario.ar\/index.php?rest_route=%2Fwp%2Fv2%2Fcomments&post=10240"}],"version-history":[{"count":0,"href":"https:\/\/verdadincomodadiario.ar\/index.php?rest_route=\/wp\/v2\/posts\/10240\/revisions"}],"wp:featuredmedia":[{"embeddable":true,"href":"https:\/\/verdadincomodadiario.ar\/index.php?rest_route=\/wp\/v2\/media\/10241"}],"wp:attachment":[{"href":"https:\/\/verdadincomodadiario.ar\/index.php?rest_route=%2Fwp%2Fv2%2Fmedia&parent=10240"}],"wp:term":[{"taxonomy":"category","embeddable":true,"href":"https:\/\/verdadincomodadiario.ar\/index.php?rest_route=%2Fwp%2Fv2%2Fcategories&post=10240"},{"taxonomy":"post_tag","embeddable":true,"href":"https:\/\/verdadincomodadiario.ar\/index.php?rest_route=%2Fwp%2Fv2%2Ftags&post=10240"}],"curies":[{"name":"wp","href":"https:\/\/api.w.org\/{rel}","templated":true}]}}