{"id":10238,"date":"2025-07-08T03:24:18","date_gmt":"2025-07-08T03:24:18","guid":{"rendered":"https:\/\/verdadincomodadiario.ar\/?p=10238"},"modified":"2025-07-08T03:24:18","modified_gmt":"2025-07-08T03:24:18","slug":"el-gobierno-concreto-un-nuevo-canje-de-deuda-con-italia-por-usd-10-millones","status":"publish","type":"post","link":"https:\/\/verdadincomodadiario.ar\/?p=10238","title":{"rendered":"El Gobierno concret\u00f3 un nuevo canje de deuda con Italia por USD 10 millones"},"content":{"rendered":"<p>El presidente <strong>Daniel Noboa<\/strong> concluy\u00f3 su gira por Europa con un nuevo acuerdo financiero con Italia. El <strong>Palacio de Carondelet<\/strong> anunci\u00f3 un canje de deuda por <strong>USD 10 millones<\/strong>, enfocado en el fortalecimiento de la seguridad ciudadana.\u00a0La vocera presidencial, <strong>Carolina Jaramillo<\/strong>, detall\u00f3 que <strong>el 40% de los fondos <a href=\"https:\/\/derechadiario.com.ar\/ecuador\/politica\/asambleista-dominique-serrano-fue-cuestionado-por-distraerse-durante-sesion-clave\" title=\"El asamble\u00edsta Dominique Serrano fue cuestionado por distraerse durante sesi\u00f3n clave\">ser\u00e1 invertido<\/a> en equipamiento para la Polic\u00eda Nacional<\/strong>. Esta acci\u00f3n forma parte de una estrategia m\u00e1s amplia que ha impulsado la actual administraci\u00f3n para enfrentar al crimen organizado de manera estructural.<\/p>\n<p>Jaramillo tambi\u00e9n record\u00f3 que la cooperaci\u00f3n con Italia ha priorizado anteriormente <strong>el sistema judicial, fiscal y penitenciario<\/strong>. El objetivo com\u00fan ha sido combatir el <strong>lavado de activos, la corrupci\u00f3n y las estructuras criminales<\/strong> que afectan al pa\u00eds.<\/p>\n<p>En marzo, el embajador italiano, <strong>Giovanni Davoli<\/strong>, sostuvo reuniones con la Asamblea Nacional para reforzar los canales de cooperaci\u00f3n. En esa ocasi\u00f3n, expres\u00f3 el compromiso de su pa\u00eds para &#8220;hacer m\u00e1s&#8221; en temas de seguridad.<\/p>\n<div class=\"inter_image image_horizontal\">\n<picture><source class=\"img-responsive\" type=\"image\/webp\" data-srcset=\"https:\/\/filesedc.com\/uploads\/image\/post\/2025\/07\/screenshot-2025-07-07-at-11-26-10-gobierno-anuncia-nuevo-canje-de-deuda-de-ecuador-con-italia-por-usd-10-millones_300_200.webp 300w, https:\/\/filesedc.com\/uploads\/image\/post\/2025\/07\/screenshot-2025-07-07-at-11-26-10-gobierno-anuncia-nuevo-canje-de-deuda-de-ecuador-con-italia-por-usd-10-millones_630_420.webp 630w, https:\/\/filesedc.com\/uploads\/image\/post\/2025\/07\/screenshot-2025-07-07-at-11-26-10-gobierno-anuncia-nuevo-canje-de-deuda-de-ecuador-con-italia-por-usd-10-millones_760_507.webp 760w, https:\/\/filesedc.com\/uploads\/image\/post\/2025\/07\/screenshot-2025-07-07-at-11-26-10-gobierno-anuncia-nuevo-canje-de-deuda-de-ecuador-con-italia-por-usd-10-millones_1200_800.webp 1200w, https:\/\/filesedc.com\/uploads\/image\/post\/2025\/07\/screenshot-2025-07-07-at-11-26-10-gobierno-anuncia-nuevo-canje-de-deuda-de-ecuador-con-italia-por-usd-10-millones_1600_1067.webp 1600w, \"><img decoding=\"async\" src=\"https:\/\/derechadiario.com.ar\/filesedc\/uploads\/image\/post\/2025\/07\/screenshot-2025-07-07-at-11-26-10-gobierno-anuncia-nuevo-canje-de-deuda-de-ecuador-con-italia-por-usd-10-millones_1200_800.webp\" class=\"img-responsive lazyload\" alt=\"Dos personas de pie d\u00e1ndose la mano frente a las banderas de Ecuador e Italia\" title=\"Dos personas de pie d\u00e1ndose la mano frente a las banderas de Ecuador e Italia\"><\/picture>\n<div>\n<span class=\"img_footer\">El Gobierno concret\u00f3 un nuevo canje de deuda con Italia <\/span>| <span class=\"img_author\">La Derecha Diario<\/span>\n<\/div>\n<\/div>\n<p>Este nuevo canje se suma a los resultados diplom\u00e1ticos de la gira presidencial por <strong>China, Espa\u00f1a e Italia<\/strong>, en la que Ecuador logr\u00f3 abrir nuevas puertas a la inversi\u00f3n y al desarrollo. Adem\u00e1s, se anunci\u00f3 la participaci\u00f3n de empresas ecuatorianas en un foro europeo de <strong>Pymes en septiembre<\/strong>.<\/p>\n<p>Seg\u00fan el Gobierno, este espacio permitir\u00e1 al sector productivo nacional exponer su <strong>oferta exportable en formato B2B<\/strong>, ampliando as\u00ed su presencia en mercados estrat\u00e9gicos. Aunque no se dieron m\u00e1s detalles sobre una posible base conjunta en Europa, las gestiones diplom\u00e1ticas contin\u00faan avanzando.\u00a0El Ejecutivo reafirm\u00f3 que los fondos del canje estar\u00e1n orientados exclusivamente a \u00e1reas prioritarias y no a gastos corrientes. Esta postura refuerza el compromiso de <strong>transparencia y eficiencia fiscal<\/strong> en la actual administraci\u00f3n.<\/p>\n<p>El acuerdo con Italia se presenta como un respaldo pol\u00edtico y t\u00e9cnico a la l\u00ednea de seguridad implementada por el gobierno de Noboa. <strong>El uso de estos recursos para el fortalecimiento<a href=\"https:\/\/derechadiario.com.ar\/ecuador\/politica\/gobierno-daniel-noboa-enfrento-emergencias-climaticas-con-respuesta-inmediata\" title=\"El Gobierno de Daniel Noboa enfrent\u00f3 emergencias clim\u00e1ticas con respuesta inmediata\"> institucional es una muestra del enfoque<\/a> pragm\u00e1tico y responsable de la pol\u00edtica exterior ecuatoriana<\/strong>.<\/p>\n<p>La firma del canje de deuda con Italia refuerza la estrategia de seguridad impulsada por el Gobierno de Daniel Noboa. Al destinar estos fondos a la Polic\u00eda Nacional y al sistema judicial, se avanza hacia un Ecuador m\u00e1s seguro y con mayor presencia internacional.<\/p>\n","protected":false},"excerpt":{"rendered":"<p>El presidente Daniel Noboa concluy\u00f3 su gira por Europa con un nuevo acuerdo financiero con Italia. El Palacio de Carondelet anunci\u00f3 un canje de deuda por USD 10 millones, enfocado en el fortalecimiento de la seguridad ciudadana.\u00a0La vocera presidencial, Carolina Jaramillo, detall\u00f3 que el 40% de los fondos ser\u00e1 invertido en equipamiento para la Polic\u00eda [&hellip;]<\/p>\n","protected":false},"author":2,"featured_media":10239,"comment_status":"open","ping_status":"open","sticky":false,"template":"","format":"standard","meta":{"_et_pb_use_builder":"","_et_pb_old_content":"","_et_gb_content_width":"","footnotes":""},"categories":[84],"tags":[],"class_list":["post-10238","post","type-post","status-publish","format-standard","has-post-thumbnail","hentry","category-ultimomomento"],"_links":{"self":[{"href":"https:\/\/verdadincomodadiario.ar\/index.php?rest_route=\/wp\/v2\/posts\/10238","targetHints":{"allow":["GET"]}}],"collection":[{"href":"https:\/\/verdadincomodadiario.ar\/index.php?rest_route=\/wp\/v2\/posts"}],"about":[{"href":"https:\/\/verdadincomodadiario.ar\/index.php?rest_route=\/wp\/v2\/types\/post"}],"author":[{"embeddable":true,"href":"https:\/\/verdadincomodadiario.ar\/index.php?rest_route=\/wp\/v2\/users\/2"}],"replies":[{"embeddable":true,"href":"https:\/\/verdadincomodadiario.ar\/index.php?rest_route=%2Fwp%2Fv2%2Fcomments&post=10238"}],"version-history":[{"count":0,"href":"https:\/\/verdadincomodadiario.ar\/index.php?rest_route=\/wp\/v2\/posts\/10238\/revisions"}],"wp:featuredmedia":[{"embeddable":true,"href":"https:\/\/verdadincomodadiario.ar\/index.php?rest_route=\/wp\/v2\/media\/10239"}],"wp:attachment":[{"href":"https:\/\/verdadincomodadiario.ar\/index.php?rest_route=%2Fwp%2Fv2%2Fmedia&parent=10238"}],"wp:term":[{"taxonomy":"category","embeddable":true,"href":"https:\/\/verdadincomodadiario.ar\/index.php?rest_route=%2Fwp%2Fv2%2Fcategories&post=10238"},{"taxonomy":"post_tag","embeddable":true,"href":"https:\/\/verdadincomodadiario.ar\/index.php?rest_route=%2Fwp%2Fv2%2Ftags&post=10238"}],"curies":[{"name":"wp","href":"https:\/\/api.w.org\/{rel}","templated":true}]}}