{"id":10220,"date":"2025-07-08T01:24:46","date_gmt":"2025-07-08T01:24:46","guid":{"rendered":"https:\/\/verdadincomodadiario.ar\/?p=10220"},"modified":"2025-07-08T01:24:46","modified_gmt":"2025-07-08T01:24:46","slug":"deficit-burocracia-y-fracaso-montevideo-cerro-2024-con-un-deficit-record","status":"publish","type":"post","link":"https:\/\/verdadincomodadiario.ar\/?p=10220","title":{"rendered":"D\u00e9ficit, burocracia y fracaso: Montevideo cerr\u00f3 2024 con un d\u00e9ficit r\u00e9cord"},"content":{"rendered":"<p><strong>La situaci\u00f3n fiscal de la Intendencia de Montevideo alcanz\u00f3 en 2024 su nivel m\u00e1s cr\u00edtico en a\u00f1os<\/strong>. Seg\u00fan la Rendici\u00f3n de Cuentas presentada por el gobierno departamental, el d\u00e9ficit presupuestal super\u00f3 los US$ 90 millones, marcando un deterioro financiero sin precedentes.<\/p>\n<p>En 2022 la comuna hab\u00eda cerrado con un d\u00e9ficit de apenas US$ 1,9 millones, cifra que en 2023 aument\u00f3 a US$ 11,3 millones. <strong>Pero fue en 2024 cuando el desbalance se dispar\u00f3, multiplic\u00e1ndose casi por 50 en solo dos a\u00f1os<\/strong>.<\/p>\n<p><strong>La administraci\u00f3n frenteamplista \u2014liderada inicialmente por la actual vicepresidente, Carolina Cosse, y actualmente por Mauricio Zunino\u2014 ejecut\u00f3 gastos que superaron ampliamente los ingresos<\/strong> por tributos, tasas, tarifas y transferencias nacionales. El gasto total del ejercicio fue 90 millones de d\u00f3lares superior a la recaudaci\u00f3n efectiva, profundizando el rojo fiscal.<\/p>\n<p><strong>Burocracia desmedida<\/strong><\/p>\n<p>Dentro de la Secretar\u00eda General, la Direcci\u00f3n Superior fue una de las \u00e1reas con mayor peso presupuestal, con un gasto total de 675 millones de pesos, que incluy\u00f3 410 millones en retribuciones personales, 235 millones en gastos operativos y 30 millones en inversiones.<\/p>\n<p>La Prosecretar\u00eda General ejecut\u00f3 699 millones de pesos, de los cuales la mayor parte tambi\u00e9n correspondi\u00f3 a sueldos (410 millones) y gastos de funcionamiento (282 millones), mientras que solo 6 millones fueron a inversiones.<\/p>\n<p><a href=\"https:\/\/derechadiario.com.ar\/uruguay\/politica\/mujica-delato-sus-companeros-y-colaboro-con-los-militares-1972\">Quiz\u00e1s tambi\u00e9n te interese leer sobre antiguos l\u00edderes y sus silencios inc\u00f3modos<\/a><\/p>\n<p>La Asesor\u00eda Jur\u00eddica manej\u00f3 269 millones de pesos, donde predominan los gastos en remuneraciones (229 millones) y un margen menor en funcionamiento e inversiones.<\/p>\n<div class=\"inter_image image_horizontal\">\n<picture><source class=\"img-responsive\" type=\"image\/webp\" data-srcset=\"https:\/\/filesedc.com\/uploads\/image\/post\/2025\/07\/img-20250707-wa0069_300_200.webp 300w, https:\/\/filesedc.com\/uploads\/image\/post\/2025\/07\/img-20250707-wa0069_630_420.webp 630w, https:\/\/filesedc.com\/uploads\/image\/post\/2025\/07\/img-20250707-wa0069_760_507.webp 760w, https:\/\/filesedc.com\/uploads\/image\/post\/2025\/07\/img-20250707-wa0069_1200_800.webp 1200w, https:\/\/filesedc.com\/uploads\/image\/post\/2025\/07\/img-20250707-wa0069_1600_1067.webp 1600w, \"><img decoding=\"async\" src=\"https:\/\/derechadiario.com.ar\/filesedc\/uploads\/image\/post\/2025\/07\/img-20250707-wa0069_1200_800.webp\" class=\"img-responsive lazyload\" alt=\"Tabla de presupuesto ejecutado en 2023 de la Secretar\u00eda General con detalle de gastos, inversiones, retribuciones personales y totales por cada \u00e1rea\" title=\"Tabla de presupuesto ejecutado en 2023 de la Secretar\u00eda General con detalle de gastos, inversiones, retribuciones personales y totales por cada \u00e1rea\"><\/picture>\n<div>\n<span class=\"img_footer\">Presupuesto. <\/span>| <span class=\"img_author\">Redacci\u00f3n<\/span>\n<\/div>\n<\/div>\n<p>En el \u00e1rea de Desarrollo Municipal y Participaci\u00f3n, el gasto ascendi\u00f3 a 651 millones de pesos, con 498 millones destinados a sueldos, 138 millones a gastos corrientes y algo m\u00e1s de 14 millones en infraestructura barrial y espacios p\u00fablicos cogestionados.<\/p>\n<p><strong>Relaciones Internacionales e Igualdad de G\u00e9nero: delirante presupuesto<\/strong><\/p>\n<p>La Divisi\u00f3n de Relaciones Internacionales ejecut\u00f3 70 millones de pesos, <strong>casi el doble de lo autorizado inicialmente<\/strong>. La mayor parte (46 millones) se destin\u00f3 a remuneraciones, mientras que los gastos operativos e inversiones fueron menores.<\/p>\n<p><a href=\"https:\/\/derechadiario.com.ar\/uruguay\/opinion\/asi-luce-socialdemocracia\">Quiz\u00e1s tambi\u00e9n te interese una mirada sobre la socialdemocracia<\/a><\/p>\n<p>Por su parte, la Divisi\u00f3n para la Igualdad de G\u00e9nero, considerada una prioridad pol\u00edtica para esta administraci\u00f3n ultraglobalista, ejecut\u00f3 222 millones de pesos, de los cuales 150 millones fueron a gastos corrientes, 63 millones a sueldos y 7 millones a inversiones.<\/p>\n<p>El Presupuesto Participativo, destinado a financiar proyectos votados por la ciudadan\u00eda, ejecut\u00f3 casi 100 millones de pesos, principalmente en obras e inversiones.<\/p>\n<p><strong>Montevideo lidera la carga tributaria en la regi\u00f3n<\/strong><\/p>\n<p>La capital uruguaya, donde se concentra el 40% de la poblaci\u00f3n, ya soporta una de las cargas tributarias departamentales m\u00e1s altas de Am\u00e9rica Latina. <strong>Seg\u00fan el informe Carga Tributaria Departamental 2023 del Observatorio de Coyuntura Econ\u00f3mica de la UCU, la capital lidera la regi\u00f3n en presi\u00f3n fiscal sobre el comercio y los servicios<\/strong>.<\/p>\n<p>El estudio advierte que \u201cMontevideo aplica un conjunto de tributos departamentales \u2014como la Contribuci\u00f3n Inmobiliaria, la Tasa General Municipal y las Patentes de Giro\u2014 que representan una carga efectiva muy superior a la de Buenos Aires, Santiago o San Pablo\u201d, tanto sobre los inmuebles como sobre la actividad econ\u00f3mica.<\/p>\n<p><a href=\"https:\/\/derechadiario.com.ar\/uruguay\/politica\/100-dias-bitacora-del-proyecto-gobierno-honesto-yamandu-orsi\">Quiz\u00e1s tambi\u00e9n te interese la bit\u00e1cora de un navegante comunista frente al poder estatal<\/a><\/p>\n<p>Por su parte, la C\u00e1mara de Comercio y Servicios del Uruguay, en su informe anual de competitividad 2023, concluy\u00f3 que Montevideo es \u201c<strong>la ciudad m\u00e1s cara de la regi\u00f3n para abrir, mantener y operar un comercio<\/strong>, debido a la acumulaci\u00f3n de tasas, permisos y contribuciones municipales\u201d, superando a ciudades con econom\u00edas mucho m\u00e1s grandes.<\/p>\n<p><strong>Montevideo en ca\u00edda libre<\/strong><\/p>\n<p><strong>Montevideo enfrenta hoy una situaci\u00f3n extremadamente cr\u00edtica<\/strong>. Por un lado, una presi\u00f3n fiscal creciente que asfixia tanto a los ciudadanos como a las empresas, generando un ambiente poco propicio para la inversi\u00f3n y el desarrollo del empleo.<\/p>\n<p>Por otro lado, <strong>una administraci\u00f3n municipal ideologizada, ineficiente, turbia e incapaz de manejar responsablemente los recursos p\u00fablicos<\/strong>.<\/p>\n<p>En los pr\u00f3ximos d\u00edas asumir\u00e1 oficialmente Mario Bergara para el per\u00edodo 2025\u20132030, marcando la octava gesti\u00f3n consecutiva del Frente Amplio al frente de la Intendencia de Montevideo.<\/p>\n<p><strong>Cuarenta a\u00f1os de un mismo proyecto pol\u00edtico que han ido acumulando un d\u00e9ficit fiscal que hoy alcanza niveles hist\u00f3ricos<\/strong>, reflejo de un despilfarro del dinero de los contribuyentes.<\/p>\n<p><strong>El r\u00e9cord de d\u00e9ficit en 2024 es la consecuencia directa del crecimiento descontrolado del aparato burocr\u00e1tico<\/strong> para implementar pol\u00edticas p\u00fablicas que privilegian agendas sociales progresistas. Montevideo est\u00e1 al borde del colapso financiero: <strong>necesita un cambio real, urgente y profundo<\/strong>.<\/p>\n","protected":false},"excerpt":{"rendered":"<p>La situaci\u00f3n fiscal de la Intendencia de Montevideo alcanz\u00f3 en 2024 su nivel m\u00e1s cr\u00edtico en a\u00f1os. Seg\u00fan la Rendici\u00f3n de Cuentas presentada por el gobierno departamental, el d\u00e9ficit presupuestal super\u00f3 los US$ 90 millones, marcando un deterioro financiero sin precedentes. En 2022 la comuna hab\u00eda cerrado con un d\u00e9ficit de apenas US$ 1,9 millones, [&hellip;]<\/p>\n","protected":false},"author":2,"featured_media":10221,"comment_status":"open","ping_status":"open","sticky":false,"template":"","format":"standard","meta":{"_et_pb_use_builder":"","_et_pb_old_content":"","_et_gb_content_width":"","footnotes":""},"categories":[84],"tags":[],"class_list":["post-10220","post","type-post","status-publish","format-standard","has-post-thumbnail","hentry","category-ultimomomento"],"_links":{"self":[{"href":"https:\/\/verdadincomodadiario.ar\/index.php?rest_route=\/wp\/v2\/posts\/10220","targetHints":{"allow":["GET"]}}],"collection":[{"href":"https:\/\/verdadincomodadiario.ar\/index.php?rest_route=\/wp\/v2\/posts"}],"about":[{"href":"https:\/\/verdadincomodadiario.ar\/index.php?rest_route=\/wp\/v2\/types\/post"}],"author":[{"embeddable":true,"href":"https:\/\/verdadincomodadiario.ar\/index.php?rest_route=\/wp\/v2\/users\/2"}],"replies":[{"embeddable":true,"href":"https:\/\/verdadincomodadiario.ar\/index.php?rest_route=%2Fwp%2Fv2%2Fcomments&post=10220"}],"version-history":[{"count":0,"href":"https:\/\/verdadincomodadiario.ar\/index.php?rest_route=\/wp\/v2\/posts\/10220\/revisions"}],"wp:featuredmedia":[{"embeddable":true,"href":"https:\/\/verdadincomodadiario.ar\/index.php?rest_route=\/wp\/v2\/media\/10221"}],"wp:attachment":[{"href":"https:\/\/verdadincomodadiario.ar\/index.php?rest_route=%2Fwp%2Fv2%2Fmedia&parent=10220"}],"wp:term":[{"taxonomy":"category","embeddable":true,"href":"https:\/\/verdadincomodadiario.ar\/index.php?rest_route=%2Fwp%2Fv2%2Fcategories&post=10220"},{"taxonomy":"post_tag","embeddable":true,"href":"https:\/\/verdadincomodadiario.ar\/index.php?rest_route=%2Fwp%2Fv2%2Ftags&post=10220"}],"curies":[{"name":"wp","href":"https:\/\/api.w.org\/{rel}","templated":true}]}}