{"id":10218,"date":"2025-07-08T01:24:47","date_gmt":"2025-07-08T01:24:47","guid":{"rendered":"https:\/\/verdadincomodadiario.ar\/?p=10218"},"modified":"2025-07-08T01:24:47","modified_gmt":"2025-07-08T01:24:47","slug":"grave-retroceso-institucional-la-izquierda-arremete-contra-la-libertad-educativa","status":"publish","type":"post","link":"https:\/\/verdadincomodadiario.ar\/?p=10218","title":{"rendered":"Grave retroceso institucional: la izquierda arremete contra la libertad educativa"},"content":{"rendered":"<p><strong>En un acto que representa un serio retroceso en la autonom\u00eda universitaria y en la seguridad jur\u00eddica del pa\u00eds<\/strong>, el gobierno encabezado por el Frente Amplio ha revocado la autorizaci\u00f3n definitiva concedida a seis universidades privadas bajo el art\u00edculo 29 del decreto 314\/024, medida que hab\u00eda sido aprobada legal y leg\u00edtimamente dos d\u00edas antes del cambio de mando.<\/p>\n<p>La norma, firmada en noviembre de 2024, establec\u00eda que las universidades con m\u00e1s de veinte a\u00f1os de funcionamiento sin observaciones graves pudieran solicitar una autorizaci\u00f3n definitiva, reconociendo su trayectoria y cumplimiento. <strong>En un marco de transparencia y legalidad, seis instituciones privadas accedieron a esta condici\u00f3n el 26 de febrero de 2025<\/strong>. Sin embargo, tras presiones pol\u00edticas y argumentos de dudosa solidez jur\u00eddica, el nuevo gobierno decidi\u00f3 revocar ese reconocimiento, <strong>vulnerando el principio de buena fe y minando la confianza en las reglas de juego<\/strong>.<\/p>\n<p><a href=\"https:\/\/derechadiario.com.ar\/uruguay\/politica\/mujica-delato-sus-companeros-y-colaboro-con-los-militares-1972\">Quiz\u00e1s tambi\u00e9n te interese&#8230; Mujica, la traici\u00f3n y los a\u00f1os oscuros del Uruguay<\/a><\/p>\n<p><strong>El gesto no es menor: representa un feroz ataque a la libertad educativa y un acto de hostigamiento ideol\u00f3gico contra el sector privado<\/strong>. Bajo el pretexto de \u201crevisar\u201d el proceso, el Frente Amplio ha dejado en evidencia su sesgo centralista y estatista, <strong>insistiendo en que el Estado debe mantener un rol hegem\u00f3nico en la educaci\u00f3n<\/strong>, incluso a costa de deslegitimar a instituciones que han formado miles de profesionales durante d\u00e9cadas.<\/p>\n<p><a href=\"https:\/\/derechadiario.com.ar\/uruguay\/opinion\/asi-luce-socialdemocracia\">Quiz\u00e1s tambi\u00e9n te interese&#8230; Un vistazo a los estragos del progresismo<\/a><\/p>\n<p><strong>Este atropello no s\u00f3lo lesiona la autonom\u00eda universitaria, sino que sienta un peligroso precedente institucional<\/strong>, donde lo que una norma permite, la pol\u00edtica puede anular discrecionalmente. Las universidades afectadas \u2014que han cumplido cabalmente con los requisitos exigidos\u2014 est\u00e1n hoy en la incertidumbre, <strong>mientras se premia la obediencia al relato oficial y se castiga la excelencia independiente<\/strong>.<\/p>\n<p>Desde el liberalismo, no podemos dejar de advertir lo que est\u00e1 en juego: <strong>la libertad de ense\u00f1ar y aprender, el respeto a la legalidad y el derecho de las personas a elegir su formaci\u00f3n sin tutelajes ideol\u00f3gicos<\/strong>. Si se debilita la pluralidad educativa, se debilita la democracia misma.<\/p>\n<p><a href=\"https:\/\/derechadiario.com.ar\/uruguay\/politica\/100-dias-bitacora-del-proyecto-gobierno-honesto-yamandu-orsi\">Quiz\u00e1s tambi\u00e9n te interese&#8230; Cr\u00f3nica de un experimento de honestidad fallido<\/a><\/p>\n<p><strong>El Uruguay que conf\u00eda en la educaci\u00f3n como motor de desarrollo no puede permitir que la revancha pol\u00edtica sustituya al Estado de Derecho<\/strong>.<\/p>\n","protected":false},"excerpt":{"rendered":"<p>En un acto que representa un serio retroceso en la autonom\u00eda universitaria y en la seguridad jur\u00eddica del pa\u00eds, el gobierno encabezado por el Frente Amplio ha revocado la autorizaci\u00f3n definitiva concedida a seis universidades privadas bajo el art\u00edculo 29 del decreto 314\/024, medida que hab\u00eda sido aprobada legal y leg\u00edtimamente dos d\u00edas antes del [&hellip;]<\/p>\n","protected":false},"author":2,"featured_media":10219,"comment_status":"open","ping_status":"open","sticky":false,"template":"","format":"standard","meta":{"_et_pb_use_builder":"","_et_pb_old_content":"","_et_gb_content_width":"","footnotes":""},"categories":[84],"tags":[],"class_list":["post-10218","post","type-post","status-publish","format-standard","has-post-thumbnail","hentry","category-ultimomomento"],"_links":{"self":[{"href":"https:\/\/verdadincomodadiario.ar\/index.php?rest_route=\/wp\/v2\/posts\/10218","targetHints":{"allow":["GET"]}}],"collection":[{"href":"https:\/\/verdadincomodadiario.ar\/index.php?rest_route=\/wp\/v2\/posts"}],"about":[{"href":"https:\/\/verdadincomodadiario.ar\/index.php?rest_route=\/wp\/v2\/types\/post"}],"author":[{"embeddable":true,"href":"https:\/\/verdadincomodadiario.ar\/index.php?rest_route=\/wp\/v2\/users\/2"}],"replies":[{"embeddable":true,"href":"https:\/\/verdadincomodadiario.ar\/index.php?rest_route=%2Fwp%2Fv2%2Fcomments&post=10218"}],"version-history":[{"count":0,"href":"https:\/\/verdadincomodadiario.ar\/index.php?rest_route=\/wp\/v2\/posts\/10218\/revisions"}],"wp:featuredmedia":[{"embeddable":true,"href":"https:\/\/verdadincomodadiario.ar\/index.php?rest_route=\/wp\/v2\/media\/10219"}],"wp:attachment":[{"href":"https:\/\/verdadincomodadiario.ar\/index.php?rest_route=%2Fwp%2Fv2%2Fmedia&parent=10218"}],"wp:term":[{"taxonomy":"category","embeddable":true,"href":"https:\/\/verdadincomodadiario.ar\/index.php?rest_route=%2Fwp%2Fv2%2Fcategories&post=10218"},{"taxonomy":"post_tag","embeddable":true,"href":"https:\/\/verdadincomodadiario.ar\/index.php?rest_route=%2Fwp%2Fv2%2Ftags&post=10218"}],"curies":[{"name":"wp","href":"https:\/\/api.w.org\/{rel}","templated":true}]}}