{"id":10216,"date":"2025-07-08T01:24:48","date_gmt":"2025-07-08T01:24:48","guid":{"rendered":"https:\/\/verdadincomodadiario.ar\/?p=10216"},"modified":"2025-07-08T01:24:48","modified_gmt":"2025-07-08T01:24:48","slug":"el-diputado-lgbt-esteban-paulon-que-promueve-las-infancias-trans-insulto-a-milei","status":"publish","type":"post","link":"https:\/\/verdadincomodadiario.ar\/?p=10216","title":{"rendered":"El diputado LGBT Esteban Paul\u00f3n, que promueve las &#8216;infancias trans&#8217; insult\u00f3 a Milei"},"content":{"rendered":"<p>En medio de un clima pol\u00edtico controlado por la gesti\u00f3n de <a href=\"https:\/\/derechadiario.com.ar\/politica\/gracias-javier-milei-argentina-y-reino-unido-retoman-dialogo-militar-secreto\" title=\"Gracias a Javier Milei, Argentina y Reino Unido retoman un dialogo militar secreto\"><strong>Javier Milei<\/strong><\/a>, sectores de la izquierda reaccionan con virulencia ante las cr\u00edticas a sus agendas m\u00e1s controversiales. Esta semana, el <strong>diputado nacional santafesino Esteban Paul\u00f3n<\/strong>, referente del colectivo <strong>LGBT<\/strong>\u00a0 y uno de los principales promotores de la <strong>ideolog\u00eda de g\u00e9nero en menores de edad<\/strong>, protagoniz\u00f3 un violento exabrupto contra el <strong>Presidente de la Naci\u00f3n.<\/strong><\/p>\n<p><strong><\/p>\n<div class=\"text-center\">\n<h3 class=\"dailyMotionTitle\">El diputado LGBT pro &#8220;infancias trans&#8221; Esteban Paul\u00f3n insult\u00f3 a Milei y afirm\u00f3 que &#8220;el presidente es homof\u00f3bico y cag\u00f3n&#8221;<\/h3>\n<aside>\n<figure class=\"op-interactive\"><\/figure>\n<\/aside>\n<\/div>\n<p><\/strong><\/p>\n<p>En una entrevista en vivo, <strong>Paul\u00f3n acus\u00f3 a Milei de \u201chomof\u00f3bico y cag\u00f3n\u201d<\/strong> y lo inst\u00f3 a \u00a0<strong>\u201cdecir abiertamente que piensa que los gays somos ped\u00f3filos\u201d.<\/strong> Seg\u00fan sus palabras textuales: \u00a0<strong>\u201cNo se hace cargo de lo que piensa, que es que los gays somos ped\u00f3filos. \u00a1Que lo diga! Parte de los ataques de estos d\u00edas vienen de La Derecha Diario\u201d.<\/strong><\/p>\n<div class=\"inter_image image_vertical\">\n<picture><source class=\"img-responsive\" type=\"image\/webp\" data-srcset=\"https:\/\/filesedc.com\/uploads\/image\/post\/2025\/07\/gvsjq5zxcaavmsu_300_400.webp 300w, https:\/\/filesedc.com\/uploads\/image\/post\/2025\/07\/gvsjq5zxcaavmsu_630_840.webp 630w, https:\/\/filesedc.com\/uploads\/image\/post\/2025\/07\/gvsjq5zxcaavmsu_760_1013.webp 760w, https:\/\/filesedc.com\/uploads\/image\/post\/2025\/07\/gvsjq5zxcaavmsu_1200_1600.webp 1200w, https:\/\/filesedc.com\/uploads\/image\/post\/2025\/07\/gvsjq5zxcaavmsu_1600_2133.webp 1600w, \"><img decoding=\"async\" src=\"https:\/\/derechadiario.com.ar\/filesedc\/uploads\/image\/post\/2025\/07\/gvsjq5zxcaavmsu_1200_1600.webp\" class=\"img-responsive lazyload\" alt=\"Un diputado sostiene un abanico con los colores del arco\u00edris y la palabra orgullo mientras est\u00e1 sentado en una banca, acompa\u00f1ado de un texto que critica al presidente por ser homof\u00f3bico y cobarde\" title=\"Un diputado sostiene un abanico con los colores del arco\u00edris y la palabra orgullo mientras est\u00e1 sentado en una banca, acompa\u00f1ado de un texto que critica al presidente por ser homof\u00f3bico y cobarde\"><\/picture>\n<div>\n<span class=\"img_footer\">El diputado LGBT pro &#8220;infancias trans&#8221;, Esteban Paul\u00f3n. <\/span>| <span class=\"img_author\">La Derecha Diario<\/span>\n<\/div>\n<\/div>\n<p>Las declaraciones del legislador se producen luego de una oleada de cuestionamientos en redes sociales, iniciada por un tuit de <strong>Pablo Pazos<\/strong> y profundizada durante la emisi\u00f3n del programa de streaming \u00a0<strong>\u201cLa Misa\u201d,<\/strong> conducido por el influencer libertario E<strong>l Gordo Dan<\/strong>, donde se record\u00f3 el papel de Paul\u00f3n como <strong>impulsor de normativas que permiten la hormonizaci\u00f3n y mutilaci\u00f3n quir\u00fargica de menores bajo el eufemismo de \u201cinfancias trans\u201d.<\/strong><\/p>\n<aside class=\"are-you-interested-container-photo\"><\/aside>\n<p>Cabe destacar que el propio <strong>Paul\u00f3n<\/strong>\u00a0 ha defendido <strong>p\u00fablicamente<\/strong>\u00a0 estas pr\u00e1cticas, <strong>promoviendo su legalizaci\u00f3n y financiamiento estatal<\/strong>. Desde el oficialismo y amplios sectores sociales se advierte sobre el car\u00e1cter irreversible y abusivo de tales intervenciones m\u00e9dicas en ni\u00f1os y adolescentes, que constituyen una forma de <strong>violencia institucionalizada contra la ni\u00f1ez.<\/strong><\/p>\n<figure><img decoding=\"async\" src=\"https:\/\/derechadiario.com.ar\/filesedc\/uploads\/image\/post\/2025\/07\/captura-de-pantalla-2025-07-07-220943_1200_800.webp\" class=\"img-responsive lazyload\" alt=\"Cuatro publicaciones de Twitter de Esteban Paul\u00f3n sobre derechos de la infancia y la comunidad trans, incluyendo im\u00e1genes de una ni\u00f1a de espaldas con fondo de colores, la bandera de Argentina con los colores trans, un grupo de personas reunidas al aire libre y dos personas abrazadas con banderas de la diversidad\" title=\"Cuatro publicaciones de Twitter de Esteban Paul\u00f3n sobre derechos de la infancia y la comunidad trans, incluyendo im\u00e1genes de una ni\u00f1a de espaldas con fondo de colores, la bandera de Argentina con los colores trans, un grupo de personas reunidas al aire libre y dos personas abrazadas con banderas de la diversidad\"><\/figure>\n<p>Lejos de asumir una actitud reflexiva, el diputado eligi\u00f3 <strong>victimizarse<\/strong> y apuntar contra quienes piensan distinto. Seg\u00fan sus propias palabras, <strong>eval\u00faa tomar medidas judiciales contra quienes lo criticaron<\/strong> y pidi\u00f3 la reactivaci\u00f3n de la comisi\u00f3n de <strong>libertad de expresi\u00f3n<\/strong> en el Congreso \u201cpara abordar estas situaciones\u201d. No obstante, sus dichos contradicen el esp\u00edritu de tolerancia y pluralismo democr\u00e1tico que dice defender.<\/p>\n<p>Y es que Paul\u00f3n no solo defiende la idea de que los ni\u00f1os pueden <strong>\u201cautopercibirse\u201d y modificar legalmente su g\u00e9nero<\/strong>, sino que lo milita activamente en redes. En m\u00faltiples publicaciones \u2014algunas recientes, otras de a\u00f1os anteriores\u2014 puede v\u00e9rselo <strong>posando con menores hormonizados<\/strong>, celebrando la obtenci\u00f3n de <strong>documentos<\/strong>\u00a0 con <strong>cambio registral<\/strong> y promoviendo espacios de <strong>adoctrinamiento y \u201cempoderamiento trans\u201d para ni\u00f1os.<\/strong><\/p>\n<p><strong>\u201cPor esto trabajamos cada d\u00eda, por ni\u00f1eces trans felices y libres de discriminaci\u00f3n\u201d,<\/strong> escribi\u00f3 junto a la <strong>imagen de una menor<\/strong> a la que acompa\u00f1\u00f3 en la gesti\u00f3n judicial para cambiar su DNI, pese a la negativa de su propio padre.<\/p>\n<figure><img decoding=\"async\" src=\"https:\/\/derechadiario.com.ar\/filesedc\/uploads\/image\/post\/2025\/07\/captura-de-pantalla-2025-07-07-220548_1200_1600.webp\" class=\"img-responsive lazyload\" alt=\"Publicaci\u00f3n de Esteban Paulon celebrando el reconocimiento de identidad de Sana, quien recibi\u00f3 su DNI con apoyo de su mam\u00e1, abuelo y amistades, acompa\u00f1ada de una foto donde una ni\u00f1a sostiene su documento junto a un hombre sonriente, ambos frente a una bandera de colores claros\" title=\"Publicaci\u00f3n de Esteban Paulon celebrando el reconocimiento de identidad de Sana, quien recibi\u00f3 su DNI con apoyo de su mam\u00e1, abuelo y amistades, acompa\u00f1ada de una foto donde una ni\u00f1a sostiene su documento junto a un hombre sonriente, ambos frente a una bandera de colores claros\"><\/figure>\n<p>En otra publicaci\u00f3n, del 9 de febrero de 2024, celebr\u00f3 el <strong>\u201c5to campamento de varones trans\u201d<\/strong>, un espacio donde <strong>ni\u00f1os y adultos conviven<\/strong> en jornadas organizadas bajo una <strong>bandera ideol\u00f3gica<\/strong> que cuestiona incluso los fundamentos biol\u00f3gicos de la identidad.<\/p>\n<aside class=\"whatsappChannelText\"><a href=\"https:\/\/whatsapp.com\/channel\/0029VagEjILGE56eKjedWF2U\" rel=\"nofollow\" title=\"WhatsApp Link\"><img alt=\"Logo de WhatsApp\" class=\"lazyload\" data-src=\"https:\/\/derechadiario.com.ar\/filesedc\/uploads\/other\/whatsapp_icon_mid_article.png\" width=\"32\" height=\"32\"><\/a> <a href=\"https:\/\/whatsapp.com\/channel\/0029VagEjILGE56eKjedWF2U\" rel=\"nofollow\" title=\"WhatsApp Link\"><strong>NO SE PIERDAN NINGUNA NOTICIA<\/strong>: Click aqu\u00ed para sumarte <strong>GRATIS<\/strong> al canal de noticias de <strong>La Derecha Diario en WhatsApp.<\/strong><\/a><\/aside>\n<p>Este tipo de contenidos, ampliamente compartidos, generaron la <strong>indignaci\u00f3n de muchos argentinos<\/strong> que repudian el uso pol\u00edtico de la ni\u00f1ez como herramienta de ingenier\u00eda social. Y no es para menos: detr\u00e1s del discurso de \u201cdiversidad\u201d, se esconde un activismo que promueve la <strong>medicalizaci\u00f3n temprana<\/strong>, la <strong>hormonizaci\u00f3n irreversible<\/strong> y la <strong>intervenci\u00f3n quir\u00fargica en menores de edad.<\/strong><\/p>\n","protected":false},"excerpt":{"rendered":"<p>En medio de un clima pol\u00edtico controlado por la gesti\u00f3n de Javier Milei, sectores de la izquierda reaccionan con virulencia ante las cr\u00edticas a sus agendas m\u00e1s controversiales. Esta semana, el diputado nacional santafesino Esteban Paul\u00f3n, referente del colectivo LGBT\u00a0 y uno de los principales promotores de la ideolog\u00eda de g\u00e9nero en menores de edad, [&hellip;]<\/p>\n","protected":false},"author":2,"featured_media":10217,"comment_status":"open","ping_status":"open","sticky":false,"template":"","format":"standard","meta":{"_et_pb_use_builder":"","_et_pb_old_content":"","_et_gb_content_width":"","footnotes":""},"categories":[84],"tags":[],"class_list":["post-10216","post","type-post","status-publish","format-standard","has-post-thumbnail","hentry","category-ultimomomento"],"_links":{"self":[{"href":"https:\/\/verdadincomodadiario.ar\/index.php?rest_route=\/wp\/v2\/posts\/10216","targetHints":{"allow":["GET"]}}],"collection":[{"href":"https:\/\/verdadincomodadiario.ar\/index.php?rest_route=\/wp\/v2\/posts"}],"about":[{"href":"https:\/\/verdadincomodadiario.ar\/index.php?rest_route=\/wp\/v2\/types\/post"}],"author":[{"embeddable":true,"href":"https:\/\/verdadincomodadiario.ar\/index.php?rest_route=\/wp\/v2\/users\/2"}],"replies":[{"embeddable":true,"href":"https:\/\/verdadincomodadiario.ar\/index.php?rest_route=%2Fwp%2Fv2%2Fcomments&post=10216"}],"version-history":[{"count":0,"href":"https:\/\/verdadincomodadiario.ar\/index.php?rest_route=\/wp\/v2\/posts\/10216\/revisions"}],"wp:featuredmedia":[{"embeddable":true,"href":"https:\/\/verdadincomodadiario.ar\/index.php?rest_route=\/wp\/v2\/media\/10217"}],"wp:attachment":[{"href":"https:\/\/verdadincomodadiario.ar\/index.php?rest_route=%2Fwp%2Fv2%2Fmedia&parent=10216"}],"wp:term":[{"taxonomy":"category","embeddable":true,"href":"https:\/\/verdadincomodadiario.ar\/index.php?rest_route=%2Fwp%2Fv2%2Fcategories&post=10216"},{"taxonomy":"post_tag","embeddable":true,"href":"https:\/\/verdadincomodadiario.ar\/index.php?rest_route=%2Fwp%2Fv2%2Ftags&post=10216"}],"curies":[{"name":"wp","href":"https:\/\/api.w.org\/{rel}","templated":true}]}}