{"id":10206,"date":"2025-07-07T23:26:07","date_gmt":"2025-07-07T23:26:07","guid":{"rendered":"https:\/\/verdadincomodadiario.ar\/?p=10206"},"modified":"2025-07-07T23:26:07","modified_gmt":"2025-07-07T23:26:07","slug":"escandalo-en-la-intendencia-de-montevideo-trabajadoras-sexuales-pintan-unas","status":"publish","type":"post","link":"https:\/\/verdadincomodadiario.ar\/?p=10206","title":{"rendered":"Esc\u00e1ndalo en la Intendencia de Montevideo: trabajadoras sexuales pintan u\u00f1as"},"content":{"rendered":"<p><strong>Mientras la Intendencia de Montevideo (IM) acumula un d\u00e9ficit millonario<\/strong>, destina recursos p\u00fablicos a programas ins\u00f3litos: desde 2022, mujeres y personas trans en ejercicio del trabajo sexual est\u00e1n siendo capacitadas con dinero p\u00fablico en cursos de manicura, u\u00f1as en gel y kapping.<\/p>\n<p>La capacitaci\u00f3n, exclusiva para este colectivo, forma parte de un programa promovido por las secretar\u00edas de Empleabilidad e Inclusi\u00f3n Social, Diversidad y la Asesor\u00eda para la Igualdad de G\u00e9nero, <strong>principales responsables de la cr\u00edtica situaci\u00f3n fiscal que atraviesa la Intendencia<\/strong>.<\/p>\n<p><strong>As\u00ed, las participantes reciben boletos gratuitos, kits de manicura, cuidado infantil y seguimiento personalizado<\/strong>, todo financiado por el contribuyente. Sin embargo, lo m\u00e1s grave no es solo la capacitaci\u00f3n en s\u00ed.<\/p>\n<p><a href=\"https:\/\/derechadiario.com.ar\/uruguay\/politica\/mujica-delato-sus-companeros-y-colaboro-con-los-militares-1972\">Quiz\u00e1s tambi\u00e9n te interese este archivo desclasificado de la historia reciente<\/a><\/p>\n<p><strong>U\u00f1as vip: clientela dentro de la Intendencia de Montevideo<\/strong><\/p>\n<p>Seg\u00fan declar\u00f3 esta ma\u00f1ana Karina N\u00fa\u00f1ez, fundadora del Sindicato de Trabajadoras Sexuales del Uruguay (OTRAS), a las trabajadoras sexuales se les ha permitido acceder a las oficinas p\u00fablicas, en pleno horario laboral, para ofrecer sus servicios de est\u00e9tica de u\u00f1as.<\/p>\n<p><strong>Estas mujeres no solo fueron capacitadas, sino que consiguieron a sus clientas dentro de la propia Intendencia<\/strong>. As\u00ed, las funcionarias p\u00fablicas pueden acceder a un bello esmaltado a precio amigas, mientras transcurre su jornada laboral.<\/p>\n<p>\u201cEllas empezaron con u\u00f1as dentro de la Intendencia. Las compa\u00f1eras iban con su bolsito e iban haciendo agenda dentro de las oficinas\u201d afirm\u00f3 N\u00fa\u00f1ez con orgullo.<\/p>\n<p><a href=\"https:\/\/derechadiario.com.ar\/uruguay\/opinion\/asi-luce-socialdemocracia\">Quiz\u00e1s tambi\u00e9n te interese esta reflexi\u00f3n sobre la decadente socialdemocracia<\/a><\/p>\n<p>La sindicalista declar\u00f3 que hasta ahora la Intendencia de Montevideo ha sido <strong>el \u00fanico organismo estatal que ha implementado pol\u00edticas concretas (privilegios) para su colectivo<\/strong>. Desde 2021, ha creado cupos laborales exclusivos para trabajadoras sexuales, permiti\u00e9ndoles postularse a concursos p\u00fablicos con su libreta habilitante.<\/p>\n<p>Entre 2023 y 2024, <strong>93 mujeres ingresaron a diferentes \u00e1reas de la Intendencia<\/strong>.<\/p>\n<div class=\"inter_image image_horizontal\">\n<picture><source class=\"img-responsive\" type=\"image\/webp\" data-srcset=\"https:\/\/filesedc.com\/uploads\/image\/post\/2025\/07\/img-20250707-wa0066_300_200.webp 300w, https:\/\/filesedc.com\/uploads\/image\/post\/2025\/07\/img-20250707-wa0066_630_420.webp 630w, https:\/\/filesedc.com\/uploads\/image\/post\/2025\/07\/img-20250707-wa0066_760_507.webp 760w, https:\/\/filesedc.com\/uploads\/image\/post\/2025\/07\/img-20250707-wa0066_1200_800.webp 1200w, https:\/\/filesedc.com\/uploads\/image\/post\/2025\/07\/img-20250707-wa0066_1600_1067.webp 1600w, \"><img decoding=\"async\" src=\"https:\/\/derechadiario.com.ar\/filesedc\/uploads\/image\/post\/2025\/07\/img-20250707-wa0066_1200_800.webp\" class=\"img-responsive lazyload\" alt=\"Mujer de cabello rubio y rizado limpi\u00e1ndose la boca con una servilleta en un ba\u00f1o\" title=\"Mujer de cabello rubio y rizado limpi\u00e1ndose la boca con una servilleta en un ba\u00f1o\"><\/picture>\n<div>\n<span class=\"img_footer\">Presidente del sindicato. <\/span>| <span class=\"img_author\">Redacci\u00f3n<\/span>\n<\/div>\n<\/div>\n<p><strong>Trabajadoras sexuales ATR<\/strong><\/p>\n<p>\u201cNosotras, la sociedad civil, ya venimos ATR haciendo cosas\u201d, afirm\u00f3 Karina N\u00fa\u00f1ez tras la marcha del viernes. <strong>Desde hace siete a\u00f1os, el colectivo se manifiesta cada 4 de julio en Plaza Libertad<\/strong>, recordando la promulgaci\u00f3n de la Ley 17.515 que despenaliz\u00f3 el trabajo sexual.<\/p>\n<p>Este lunes 7 de julio est\u00e1 estipulada una reuni\u00f3n con el Ministerio de Trabajo y Seguridad Social (MTSS) para pautar una gu\u00eda nacional sobre las condiciones laborales del sector.<\/p>\n<p><strong>Uno de sus reclamos centrales apunta a obtener autonom\u00eda sobre sus ingresos<\/strong> y lograr que el BPS reconozca una categor\u00eda laboral espec\u00edfica. Adem\u00e1s, piden beneficios fiscales para empresas que contraten trabajadoras sexuales.<\/p>\n<p><a href=\"https:\/\/derechadiario.com.ar\/uruguay\/politica\/100-dias-bitacora-del-proyecto-gobierno-honesto-yamandu-orsi\">Quiz\u00e1s tambi\u00e9n te interese seguir los primeros d\u00edas del comunista Orsi<\/a><\/p>\n<p><strong>Uruguay siempre primero<\/strong><\/p>\n<p>En Uruguay se estima que hay unas 70.000 personas que ofrecen servicios sexuales, pero solo 15.000 est\u00e1n registradas bajo la Ley 17.515. De estas, apenas 218 realizan aportes al BPS.<\/p>\n<p>Un informe reciente de la OEA urge a los pa\u00edses de la regi\u00f3n a generar m\u00e1s pol\u00edticas p\u00fablicas para garantizar condiciones dignas para trabajadoras sexuales. <strong>Karina N\u00fa\u00f1ez enfatiz\u00f3 que Uruguay es el \u00fanico pa\u00eds de Am\u00e9rica Latina donde el colectivo participa activamente en dise\u00f1o de pol\u00edticas<\/strong>.<\/p>\n<p>Acceden a preservativos gratuitos y atenci\u00f3n m\u00e9dica, pero denuncian que muchas medidas son mal implementadas.<\/p>\n<p><strong>Derechos s\u00ed, obligaciones no<\/strong><\/p>\n<p>La Ley N.\u00ba 17.515, promulgada en 2002, defini\u00f3 el trabajo sexual como l\u00edcito y regulado. El Registro depende del Ministerio del Interior, lo que genera rechazo por parte del colectivo.<\/p>\n<p><strong>Una de las cr\u00edticas m\u00e1s duras apunta a la Polic\u00eda<\/strong>, se\u00f1alada como \u201cel principal mal que tienen\u201d, por exigir la libreta habilitante y aplicar multas.<\/p>\n<p>Resulta curioso que no les moleste presentar la misma libreta para postularse a cargos p\u00fablicos en la Intendencia.<\/p>\n<p><strong>\u00bfQu\u00e9 reclaman?<\/strong><\/p>\n<p>Entre los reclamos: trasladar el registro al Ministerio de Trabajo, <strong>eliminar las \u201czonas rojas\u201d y crear una categor\u00eda laboral espec\u00edfica<\/strong>. Tambi\u00e9n exigen controles sanitarios y la posibilidad de trabajar de forma independiente y digital.<\/p>\n<p>La ley fue un avance tras d\u00e9cadas de persecuci\u00f3n, pero el colectivo considera que <strong>ha quedado desactualizada frente a nuevas realidades<\/strong>, como el trabajo en plataformas digitales.<\/p>\n<p>En 2022 se present\u00f3 un proyecto de reforma impulsado por OTRAS, que reclama aportes jubilatorios decrecientes con la edad y actualizaci\u00f3n normativa con enfoque de derechos humanos.<\/p>\n<p><strong>Una Ciudadana Ilustre de Montevideo con Mala Reputaci\u00f3n<\/strong><\/p>\n<p>En 2024, Karina N\u00fa\u00f1ez fue distinguida como Ciudadana Ilustre de Montevideo: \u201c<strong>un reconocimiento a su lucha contra la estigmatizaci\u00f3n del trabajo sexual<\/strong>\u201d.<\/p>\n<p>Nacida en Fray Bentos, cuarta generaci\u00f3n de trabajadoras sexuales, N\u00fa\u00f1ez ha fundado organizaciones como Visi\u00f3n Nocturna, COOVIDEY y el Sindicato OTRAS.<\/p>\n<figure><img decoding=\"async\" src=\"https:\/\/derechadiario.com.ar\/filesedc\/uploads\/image\/post\/2025\/07\/img-20250707-wa0065_1200_800.webp\" class=\"img-responsive lazyload\" alt=\"Persona sostiene un cartel en una manifestaci\u00f3n que dice No pedimos permiso pedimos respeto trabajo sexual\" title=\"Persona sostiene un cartel en una manifestaci\u00f3n que dice No pedimos permiso pedimos respeto trabajo sexual\"><\/figure>\n<p>Su historia fue retratada en el documental \u201cMala Reputaci\u00f3n\u201d, coproducido entre Uruguay y Argentina, con apoyo de la Intendencia y el INCAA.<\/p>\n<p>Durante este per\u00edodo de gobierno, el Frente Amplio crear\u00e1 programas que <strong>\u201csostengan la autonom\u00eda econ\u00f3mica\u201d de las trabajadoras sexuales<\/strong>, con m\u00e1s fondos p\u00fablicos para capacitaciones, microemprendimientos y subsidios dirigidos a minor\u00edas.<\/p>\n","protected":false},"excerpt":{"rendered":"<p>Mientras la Intendencia de Montevideo (IM) acumula un d\u00e9ficit millonario, destina recursos p\u00fablicos a programas ins\u00f3litos: desde 2022, mujeres y personas trans en ejercicio del trabajo sexual est\u00e1n siendo capacitadas con dinero p\u00fablico en cursos de manicura, u\u00f1as en gel y kapping. La capacitaci\u00f3n, exclusiva para este colectivo, forma parte de un programa promovido por [&hellip;]<\/p>\n","protected":false},"author":2,"featured_media":10207,"comment_status":"open","ping_status":"open","sticky":false,"template":"","format":"standard","meta":{"_et_pb_use_builder":"","_et_pb_old_content":"","_et_gb_content_width":"","footnotes":""},"categories":[84],"tags":[],"class_list":["post-10206","post","type-post","status-publish","format-standard","has-post-thumbnail","hentry","category-ultimomomento"],"_links":{"self":[{"href":"https:\/\/verdadincomodadiario.ar\/index.php?rest_route=\/wp\/v2\/posts\/10206","targetHints":{"allow":["GET"]}}],"collection":[{"href":"https:\/\/verdadincomodadiario.ar\/index.php?rest_route=\/wp\/v2\/posts"}],"about":[{"href":"https:\/\/verdadincomodadiario.ar\/index.php?rest_route=\/wp\/v2\/types\/post"}],"author":[{"embeddable":true,"href":"https:\/\/verdadincomodadiario.ar\/index.php?rest_route=\/wp\/v2\/users\/2"}],"replies":[{"embeddable":true,"href":"https:\/\/verdadincomodadiario.ar\/index.php?rest_route=%2Fwp%2Fv2%2Fcomments&post=10206"}],"version-history":[{"count":0,"href":"https:\/\/verdadincomodadiario.ar\/index.php?rest_route=\/wp\/v2\/posts\/10206\/revisions"}],"wp:featuredmedia":[{"embeddable":true,"href":"https:\/\/verdadincomodadiario.ar\/index.php?rest_route=\/wp\/v2\/media\/10207"}],"wp:attachment":[{"href":"https:\/\/verdadincomodadiario.ar\/index.php?rest_route=%2Fwp%2Fv2%2Fmedia&parent=10206"}],"wp:term":[{"taxonomy":"category","embeddable":true,"href":"https:\/\/verdadincomodadiario.ar\/index.php?rest_route=%2Fwp%2Fv2%2Fcategories&post=10206"},{"taxonomy":"post_tag","embeddable":true,"href":"https:\/\/verdadincomodadiario.ar\/index.php?rest_route=%2Fwp%2Fv2%2Ftags&post=10206"}],"curies":[{"name":"wp","href":"https:\/\/api.w.org\/{rel}","templated":true}]}}