{"id":10204,"date":"2025-07-07T23:26:08","date_gmt":"2025-07-07T23:26:08","guid":{"rendered":"https:\/\/verdadincomodadiario.ar\/?p=10204"},"modified":"2025-07-07T23:26:08","modified_gmt":"2025-07-07T23:26:08","slug":"cordoba-vecinos-filmaron-a-jorge-grasso-espiando-por-varias-cerraduras","status":"publish","type":"post","link":"https:\/\/verdadincomodadiario.ar\/?p=10204","title":{"rendered":"C\u00f3rdoba: vecinos filmaron a Jorge\u202fGrasso espiando por varias cerraduras"},"content":{"rendered":"<p>El edificio de avenida Col\u00f3n\u202f600 volvi\u00f3 al foco p\u00fablico tras la difusi\u00f3n de \u00a0<strong>videos que muestran a Jorge\u202fJavier\u202fGrasso espiando por mirillas<\/strong>. Las im\u00e1genes fueron enviadas por residentes al medio ElDoce.tv y muestran al hombre recorriendo distintos pisos. La secuencia se grab\u00f3 pocos d\u00edas despu\u00e9s de que alba\u00f1iles hallaran un cuerpo en el departamento de su hermano, Gustavo\u202fGrasso.<\/p>\n<p>Gustavo, expolic\u00eda condenado a 27\u202fa\u00f1os por el homicidio de Facundo\u202fNovillo en 2006, <strong>resid\u00eda en el inmueble donde apareci\u00f3 el cad\u00e1ver<\/strong>. Jorge\u202fGrasso solicit\u00f3 trabajos de refacci\u00f3n y los obreros descubrieron restos humanos, hecho que activ\u00f3 una nueva causa penal. Mientras tanto, <strong>el exoficial contin\u00faa detenido en la <a href=\"https:\/\/derechadiario.com.ar\/sociedad\/cordoba-hallan-arsenal-drogas-y-39-celulares-solo-pabellon-bouwer\" title=\"C\u00f3rdoba: hallan arsenal, drogas y 39 celulares en un solo pabell\u00f3n de Bouwer\">c\u00e1rcel de Bouwer<\/a>.<\/strong><\/p>\n<p>Un vecino relat\u00f3 la conducta del ahora denunciado dentro del edificio:\u00a0\u201cviv\u00eda en el noveno piso, se llevaba p\u00e9simo con todos\u201d, declar\u00f3. Asimismo, a\u00f1adi\u00f3 que \u201c<strong>las chicas lo denunciaban por acoso, espiaba por las mirillas, abr\u00eda puertas\u201d.<\/strong> Algunas residentes tramitaron botones antip\u00e1nico ante la reiteraci\u00f3n de episodios.<\/p>\n<div class=\"inter_image image_horizontal\">\n<picture><source class=\"img-responsive\" type=\"image\/webp\" data-srcset=\"https:\/\/filesedc.com\/uploads\/image\/post\/2025\/07\/captura-de-pantalla-2025-07-07-194924_300_200.webp 300w, https:\/\/filesedc.com\/uploads\/image\/post\/2025\/07\/captura-de-pantalla-2025-07-07-194924_630_420.webp 630w, https:\/\/filesedc.com\/uploads\/image\/post\/2025\/07\/captura-de-pantalla-2025-07-07-194924_760_507.webp 760w, https:\/\/filesedc.com\/uploads\/image\/post\/2025\/07\/captura-de-pantalla-2025-07-07-194924_1200_800.webp 1200w, https:\/\/filesedc.com\/uploads\/image\/post\/2025\/07\/captura-de-pantalla-2025-07-07-194924_1600_1067.webp 1600w, \"><img decoding=\"async\" src=\"https:\/\/derechadiario.com.ar\/filesedc\/uploads\/image\/post\/2025\/07\/captura-de-pantalla-2025-07-07-194924_1200_800.webp\" class=\"img-responsive lazyload\" alt=\"Documento nacional de identidad argentino con la foto de un hombre de cabello oscuro y un c\u00edrculo rojo resaltando el campo de sexo que indica la letra F\" title=\"Documento nacional de identidad argentino con la foto de un hombre de cabello oscuro y un c\u00edrculo rojo resaltando el campo de sexo que indica la letra F\"><\/picture>\n<div>\n<span class=\"img_footer\">Jorge\u202fGrasso solicit\u00f3 trato acorde a la identidad de g\u00e9nero que figura en su documento <\/span>| <span class=\"img_author\">La Derecha Diario<\/span>\n<\/div>\n<\/div>\n<h2>Antecedentes y detenci\u00f3n en Paraguay<\/h2>\n<p>El registro de conflictos no es nuevo para Jorge\u202fGrasso, quien fue <strong>detenido en diciembre\u202fde\u202f2024 en Ciudad del Este.<\/strong> Empleados de un shopping lo vincularon con la sustracci\u00f3n de un bolso con USD\u202f12.000 y lo reconocieron al regresar al d\u00eda siguiente. La Polic\u00eda paraguaya lo puso a disposici\u00f3n de la Justicia local.<\/p>\n<aside class=\"are-you-interested-container-photo\"><\/aside>\n<p>Durante el tr\u00e1mite, \u00a0<strong>solicit\u00f3 trato acorde a la identidad de g\u00e9nero que figura en su documento<\/strong>, aunque su nombre legal no hab\u00eda sido modificado. Tras las actuaciones judiciales, fue deportado y regres\u00f3 a <a href=\"https:\/\/derechadiario.com.ar\/politica\/buscan-que-los-radares-sean-unica-forma-control-velocidad-rutas-cordoba\" title=\"Buscan que los radares sean la \u00fanica forma de control de velocidad en rutas de C\u00f3rdoba\">C\u00f3rdoba<\/a>, donde se instal\u00f3 en el departamento referido. Desde entonces <strong>los vecinos reportan incidentes reiterados en \u00e1reas comunes.<\/strong><\/p>\n<aside class=\"whatsappChannelText\"><a href=\"https:\/\/whatsapp.com\/channel\/0029VagEjILGE56eKjedWF2U\" rel=\"nofollow\" title=\"WhatsApp Link\"><img alt=\"Logo de WhatsApp\" class=\"lazyload\" data-src=\"https:\/\/derechadiario.com.ar\/filesedc\/uploads\/other\/whatsapp_icon_mid_article.png\" width=\"32\" height=\"32\"><\/a> <a href=\"https:\/\/whatsapp.com\/channel\/0029VagEjILGE56eKjedWF2U\" rel=\"nofollow\" title=\"WhatsApp Link\"><strong>NO SE PIERDAN NINGUNA NOTICIA<\/strong>: Click aqu\u00ed para sumarte <strong>GRATIS<\/strong> al canal de noticias de <strong>La Derecha Diario en WhatsApp.<\/strong><\/a><\/aside>\n<p>El Ministerio P\u00fablico Fiscal investiga las im\u00e1genes aportadas y eval\u00faa si configuran alg\u00fan delito contra la privacidad. <strong>La administraci\u00f3n del edificio destac\u00f3 que se reforzar\u00e1n c\u00e1maras y cerraduras para evitar nuevos episodios.<\/strong> Por el hallazgo del cad\u00e1ver, la causa contin\u00faa bajo secreto de sumario mientras se realizan pericias de identificaci\u00f3n.<\/p>\n","protected":false},"excerpt":{"rendered":"<p>El edificio de avenida Col\u00f3n\u202f600 volvi\u00f3 al foco p\u00fablico tras la difusi\u00f3n de \u00a0videos que muestran a Jorge\u202fJavier\u202fGrasso espiando por mirillas. Las im\u00e1genes fueron enviadas por residentes al medio ElDoce.tv y muestran al hombre recorriendo distintos pisos. La secuencia se grab\u00f3 pocos d\u00edas despu\u00e9s de que alba\u00f1iles hallaran un cuerpo en el departamento de su [&hellip;]<\/p>\n","protected":false},"author":2,"featured_media":10205,"comment_status":"open","ping_status":"open","sticky":false,"template":"","format":"standard","meta":{"_et_pb_use_builder":"","_et_pb_old_content":"","_et_gb_content_width":"","footnotes":""},"categories":[84],"tags":[],"class_list":["post-10204","post","type-post","status-publish","format-standard","has-post-thumbnail","hentry","category-ultimomomento"],"_links":{"self":[{"href":"https:\/\/verdadincomodadiario.ar\/index.php?rest_route=\/wp\/v2\/posts\/10204","targetHints":{"allow":["GET"]}}],"collection":[{"href":"https:\/\/verdadincomodadiario.ar\/index.php?rest_route=\/wp\/v2\/posts"}],"about":[{"href":"https:\/\/verdadincomodadiario.ar\/index.php?rest_route=\/wp\/v2\/types\/post"}],"author":[{"embeddable":true,"href":"https:\/\/verdadincomodadiario.ar\/index.php?rest_route=\/wp\/v2\/users\/2"}],"replies":[{"embeddable":true,"href":"https:\/\/verdadincomodadiario.ar\/index.php?rest_route=%2Fwp%2Fv2%2Fcomments&post=10204"}],"version-history":[{"count":0,"href":"https:\/\/verdadincomodadiario.ar\/index.php?rest_route=\/wp\/v2\/posts\/10204\/revisions"}],"wp:featuredmedia":[{"embeddable":true,"href":"https:\/\/verdadincomodadiario.ar\/index.php?rest_route=\/wp\/v2\/media\/10205"}],"wp:attachment":[{"href":"https:\/\/verdadincomodadiario.ar\/index.php?rest_route=%2Fwp%2Fv2%2Fmedia&parent=10204"}],"wp:term":[{"taxonomy":"category","embeddable":true,"href":"https:\/\/verdadincomodadiario.ar\/index.php?rest_route=%2Fwp%2Fv2%2Fcategories&post=10204"},{"taxonomy":"post_tag","embeddable":true,"href":"https:\/\/verdadincomodadiario.ar\/index.php?rest_route=%2Fwp%2Fv2%2Ftags&post=10204"}],"curies":[{"name":"wp","href":"https:\/\/api.w.org\/{rel}","templated":true}]}}