{"id":10162,"date":"2025-07-07T19:28:08","date_gmt":"2025-07-07T19:28:08","guid":{"rendered":"https:\/\/verdadincomodadiario.ar\/?p=10162"},"modified":"2025-07-07T19:28:08","modified_gmt":"2025-07-07T19:28:08","slug":"inhabilitado-evo-morales-pidio-declarar-un-dia-de-luto-por-su-candidatura","status":"publish","type":"post","link":"https:\/\/verdadincomodadiario.ar\/?p=10162","title":{"rendered":"Inhabilitado: Evo Morales pidi\u00f3 declarar un &#8221;d\u00eda de luto&#8221; por su candidatura"},"content":{"rendered":"<p>El fin de semana, el exdictador <a href=\"https:\/\/derechadiario.com.ar\/bolivia\/politica\/evo-morales-advirtio-que-solo-habilitacion-su-candidatura-frenara-los-asesinatos\" title=\"Evo Morales advirti\u00f3 que solo la habilitaci\u00f3n de su candidatura frenar\u00e1 los asesinatos\">Evo Morales reconoci\u00f3 que ya no podr\u00e1 ser candidato<\/a> en las elecciones del 17 de agosto. Confirm\u00f3 que el pasado 3 de julio fue la fecha l\u00edmite y no logr\u00f3 inscribirse con ninguna sigla.<\/p>\n<p>Llam\u00f3 a ese d\u00eda el <strong>\u201cd\u00eda de luto para la democracia\u201d<\/strong> y acus\u00f3 al <a href=\"https:\/\/derechadiario.com.ar\/bolivia\/politica\/complice-luis-arce-reconocio-cinicamente-que-ha-evitado-capturar-evo-morales\" title=\"C\u00f3mplice: Luis Arce reconoci\u00f3 c\u00ednicamente que ha evitado capturar a Evo Morales\">presidente Luis Arce de ordenar su exclusi\u00f3n<\/a>. Dijo que al mediod\u00eda de ese mi\u00e9rcoles qued\u00f3 <strong>\u201cliquidado como candidato\u201d<\/strong>. Asegur\u00f3 que su inhabilitaci\u00f3n es parte de un plan imperial.<\/p>\n<p>Seg\u00fan Morales, en la madrugada de ese d\u00eda recibi\u00f3 una llamada para confirmarle que podr\u00eda ser inscrito. Evit\u00f3 decir con qu\u00e9 partido negociaba <strong>pero afirm\u00f3 que la sigla estaba dispuesta a colocarlo como candidato<\/strong>.<\/p>\n<p>Sin embargo, relat\u00f3 que en la tarde, todo se cay\u00f3 con \u201cpretextos\u201d y presi\u00f3n desde Argentina. Se\u00f1al\u00f3 a Arce como responsable directo de sabotear su inscripci\u00f3n. <strong>\u201cLuis Arce llamaba permanentemente para decir que no pod\u00eda ir Evo\u201d<\/strong>, afirm\u00f3.<\/p>\n<h2>Desconectado de la realidad<\/h2>\n<div class=\"inter_image image_horizontal\">\n<picture><source class=\"img-responsive\" type=\"image\/webp\" data-srcset=\"https:\/\/filesedc.com\/uploads\/image\/post\/2025\/07\/img-686a85e07a3ae_300_200.webp 300w, https:\/\/filesedc.com\/uploads\/image\/post\/2025\/07\/img-686a85e07a3ae_630_420.webp 630w, https:\/\/filesedc.com\/uploads\/image\/post\/2025\/07\/img-686a85e07a3ae_760_507.webp 760w, https:\/\/filesedc.com\/uploads\/image\/post\/2025\/07\/img-686a85e07a3ae_1200_800.webp 1200w, https:\/\/filesedc.com\/uploads\/image\/post\/2025\/07\/img-686a85e07a3ae_1600_1067.webp 1600w, \"><img decoding=\"async\" src=\"https:\/\/derechadiario.com.ar\/filesedc\/uploads\/image\/post\/2025\/07\/img-686a85e07a3ae_1200_800.webp\" class=\"img-responsive lazyload\" alt=\"Hombre de cabello oscuro y camisa clara hablando frente a un micr\u00f3fono en una cabina de radio con fondo de logotipos de RKC\" title=\"Hombre de cabello oscuro y camisa clara hablando frente a un micr\u00f3fono en una cabina de radio con fondo de logotipos de RKC\"><\/picture>\n<div>\n<span class=\"img_footer\">Considera que tiene el respaldo de la poblaci\u00f3n <\/span>| <span class=\"img_author\">La Derecha Diario<\/span>\n<\/div>\n<\/div>\n<p>El l\u00edder cocalero se mostr\u00f3 visiblemente afectado en sus declaraciones. Dijo que <strong>el pa\u00eds perder\u00e1 al candidato con mayor respaldo<\/strong>. Seg\u00fan \u00e9l, m\u00e1s de dos millones de personas no votar\u00e1n si \u00e9l no est\u00e1 en la papeleta.<\/p>\n<p>Adem\u00e1, asegur\u00f3 que hubo una marcha con tres millones de participantes que lo respaldaban. Calific\u00f3 su <a href=\"https:\/\/derechadiario.com.ar\/bolivia\/politica\/pausa-humanitaria-evistas-anunciaron-pausa-sus-sanguinarias-movilizaciones\" title=\"''Pausa humanitaria'': Evistas anunciaron un p\u00e1rate a sus sanguinarias movilizaciones\">inhabilitaci\u00f3n como una violaci\u00f3n a los derechos pol\u00edticos del pueblo<\/a>.<\/p>\n<p>Morales sostuvo que se trata de una estrategia dirigida desde el exterior. Mencion\u00f3 al \u201cimperio\u201d norteamericano y <a href=\"https:\/\/derechadiario.com.ar\/bolivia\/politica\/bolivia360-proyecto-marcelo-claure-convoco-los-candidatos-presidencia\" title=\"Bolivia360: el proyecto de Marcelo Claure que convoc\u00f3 a los candidatos presidenciales\">al empresario Marcelo Claure<\/a> como las figuras detr\u00e1s del acuerdo para impedir su candidatura.<\/p>\n<p>Asegur\u00f3 que desde Estados Unidos se defini\u00f3 que la izquierda no deb\u00eda volver al poder. Por ello acusa a Arce de actuar como agente externo. Tambi\u00e9n <strong>vincul\u00f3 a otros candidatos con ese supuesto pacto<\/strong>.<\/p>\n<p>El exdictador\u00a0afirm\u00f3 que la sigla que lo descart\u00f3 lo hizo para evitarse problemas legales. Seg\u00fan su relato, en la ma\u00f1ana todo parec\u00eda acordado pero luego recibi\u00f3 la negativa.<\/p>\n<p>Responsabiliz\u00f3 a \u201clos jefes\u201d del partido de ceder a presiones. Mencion\u00f3 que fue v\u00edctima de exclusi\u00f3n, persecuci\u00f3n y proscripci\u00f3n pol\u00edtica. Afirm\u00f3 que su liderazgo no podr\u00e1 ser eliminado por decreto.<\/p>\n<h2>Se siente abandonado<\/h2>\n<figure><img decoding=\"async\" src=\"https:\/\/derechadiario.com.ar\/filesedc\/uploads\/image\/post\/2025\/07\/images-1751866975037_1200_800.webp\" class=\"img-responsive lazyload\" alt=\"Hombre de cabello oscuro y corto vistiendo un su\u00e9ter negro sentado en una silla dentro de una habitaci\u00f3n iluminada\" title=\"Hombre de cabello oscuro y corto vistiendo un su\u00e9ter negro sentado en una silla dentro de una habitaci\u00f3n iluminada\"><\/figure>\n<p>A pesar del rev\u00e9s, Morales dijo que sigue recibiendo llamadas de dirigentes del MAS. Indic\u00f3 que senadores y diputados del <a href=\"https:\/\/derechadiario.com.ar\/bolivia\/politica\/debilitado-andronico-rodriguez-ratifico-mariana-prado-como-parte-su-binomio\" title=\"Un debilitado Andr\u00f3nico Rodr\u00edguez ratific\u00f3 a Mariana Prado como parte de su binomio\">bloque de Andr\u00f3nico Rodr\u00edguez<\/a> le piden unidad.<\/p>\n<p>Sin embargo, descalific\u00f3 al presidente del Senado y lo llam\u00f3 <strong>\u201ccandidato del imperio\u201d<\/strong>. Insinu\u00f3 que Rodr\u00edguez fue impuesto para dividir a las bases del movimiento. Reiter\u00f3 que no hay proyecto pol\u00edtico sin \u00e9l.<\/p>\n<p>Desde su programa dominical, Morales lanz\u00f3 nuevos ataques contra Arce. Lo acus\u00f3 de traicionar al proceso de cambio y de actuar por encargo extranjero. Afirm\u00f3 que el presidente nunca habr\u00eda llegado al poder sin \u00e9l.<\/p>\n<p>Asimismo, se mostr\u00f3 dolido por la falta de respaldo desde dentro de su propio partido. Dijo que se siente abandonado por quienes alguna vez fueron sus aliados.<\/p>\n<h2>Cr\u00edticas de la oposici\u00f3n\u00a0<\/h2>\n<figure><img decoding=\"async\" src=\"https:\/\/derechadiario.com.ar\/filesedc\/uploads\/image\/post\/2025\/07\/captura-de-pantalla-2025-07-05-161201-e1751746337233_1200_800.webp\" class=\"img-responsive lazyload\" alt=\"Hombre con gafas y camisa azul claro dando una entrevista a varios medios de comunicaci\u00f3n al aire libre con una palmera de fondo\" title=\"Hombre con gafas y camisa azul claro dando una entrevista a varios medios de comunicaci\u00f3n al aire libre con una palmera de fondo\"><\/figure>\n<p>El diputado Walthy Eg\u00fcez calific\u00f3 a Morales como un hombre cegado por el poder. Afirm\u00f3 que su obsesi\u00f3n lo ha vuelto irracional y peligroso. Dijo que <a href=\"https:\/\/derechadiario.com.ar\/bolivia\/politica\/terroristas-evistas-armados-asesinaron-policias-que-intentaban-defender-llallagua\" title=\"Terroristas: Evistas armados asesinaron a polic\u00edas que intentaban defender Llallagua\">su ambici\u00f3n caus\u00f3 muertes en Llallagua<\/a>, durante recientes enfrentamientos.<\/p>\n<p>Para Eg\u00fcez, el pa\u00eds ya no quiere a Morales y eso qued\u00f3 claro en las calles. Agreg\u00f3 que su tiempo como l\u00edder ha terminado hace mucho.<\/p>\n<p>Desde la oposici\u00f3n, muchos coinciden en que Morales est\u00e1 acabado pol\u00edticamente. Se\u00f1alan que <strong>su influencia disminuye a medida que se radicaliza su discurso<\/strong>. Ven en su ret\u00f3rica una muestra de desesperaci\u00f3n por recuperar protagonismo.<\/p>\n<p>Adem\u00e1s, aseguran que su exclusi\u00f3n no es persecuci\u00f3n sino respeto a la ley. Consideran que su intento por volver fue una provocaci\u00f3n innecesaria.<\/p>\n<h2>Desde el Chapare preparan nuevas movilizaciones<\/h2>\n<figure><img decoding=\"async\" src=\"https:\/\/derechadiario.com.ar\/filesedc\/uploads\/image\/post\/2025\/07\/1751811231379_1200_800.webp\" class=\"img-responsive lazyload\" alt=\"Hombre de cabello oscuro se\u00f1alando hacia el frente con expresi\u00f3n sonriente\" title=\"Hombre de cabello oscuro se\u00f1alando hacia el frente con expresi\u00f3n sonriente\"><\/figure>\n<p>Morales anunci\u00f3 que el pr\u00f3ximo s\u00e1bado encabezar\u00e1 un ampliado en Lauca \u00d1. Dijo que se debatir\u00e1 c\u00f3mo enfrentar el <strong>\u201cgolpe electoral\u201d<\/strong> que sufri\u00f3.<\/p>\n<p>Tambi\u00e9n mencion\u00f3 que se analizar\u00e1n acciones para \u201cdefender Bolivia\u201d. Invit\u00f3 a militantes y dirigentes a participar del encuentro. Asegur\u00f3 que se tomar\u00e1 una decisi\u00f3n firme frente a su inhabilitaci\u00f3n.<\/p>\n<p>Afirm\u00f3 que el encuentro ser\u00e1 ideol\u00f3gico, pol\u00edtico y geopol\u00edtico. Insisti\u00f3 en que hay una conspiraci\u00f3n internacional contra \u00e9l. Asegur\u00f3 que enfrentar\u00e1 a todos los \u00a0<strong>\u201ccandidatos del imperio\u201d<\/strong>.<\/p>\n<p>Prometi\u00f3 una resistencia organizada desde las bases sociales. Afirm\u00f3 que a\u00fan tiene fuerza y respaldo para seguir luchando.<\/p>\n<p>Mientras tanto, el calendario electoral sigue avanzando sin su nombre en la papeleta. El Tribunal Supremo Electoral no se pronunci\u00f3 sobre su exclusi\u00f3n.<\/p>\n<p>Las dem\u00e1s candidaturas ya est\u00e1n en campa\u00f1a. Morales qued\u00f3 fuera tras semanas de intentos fallidos por inscribirse. Ahora dice que no es el fin, sino el comienzo de una nueva etapa.<\/p>\n","protected":false},"excerpt":{"rendered":"<p>El fin de semana, el exdictador Evo Morales reconoci\u00f3 que ya no podr\u00e1 ser candidato en las elecciones del 17 de agosto. Confirm\u00f3 que el pasado 3 de julio fue la fecha l\u00edmite y no logr\u00f3 inscribirse con ninguna sigla. Llam\u00f3 a ese d\u00eda el \u201cd\u00eda de luto para la democracia\u201d y acus\u00f3 al presidente [&hellip;]<\/p>\n","protected":false},"author":2,"featured_media":10163,"comment_status":"open","ping_status":"open","sticky":false,"template":"","format":"standard","meta":{"_et_pb_use_builder":"","_et_pb_old_content":"","_et_gb_content_width":"","footnotes":""},"categories":[84],"tags":[],"class_list":["post-10162","post","type-post","status-publish","format-standard","has-post-thumbnail","hentry","category-ultimomomento"],"_links":{"self":[{"href":"https:\/\/verdadincomodadiario.ar\/index.php?rest_route=\/wp\/v2\/posts\/10162","targetHints":{"allow":["GET"]}}],"collection":[{"href":"https:\/\/verdadincomodadiario.ar\/index.php?rest_route=\/wp\/v2\/posts"}],"about":[{"href":"https:\/\/verdadincomodadiario.ar\/index.php?rest_route=\/wp\/v2\/types\/post"}],"author":[{"embeddable":true,"href":"https:\/\/verdadincomodadiario.ar\/index.php?rest_route=\/wp\/v2\/users\/2"}],"replies":[{"embeddable":true,"href":"https:\/\/verdadincomodadiario.ar\/index.php?rest_route=%2Fwp%2Fv2%2Fcomments&post=10162"}],"version-history":[{"count":0,"href":"https:\/\/verdadincomodadiario.ar\/index.php?rest_route=\/wp\/v2\/posts\/10162\/revisions"}],"wp:featuredmedia":[{"embeddable":true,"href":"https:\/\/verdadincomodadiario.ar\/index.php?rest_route=\/wp\/v2\/media\/10163"}],"wp:attachment":[{"href":"https:\/\/verdadincomodadiario.ar\/index.php?rest_route=%2Fwp%2Fv2%2Fmedia&parent=10162"}],"wp:term":[{"taxonomy":"category","embeddable":true,"href":"https:\/\/verdadincomodadiario.ar\/index.php?rest_route=%2Fwp%2Fv2%2Fcategories&post=10162"},{"taxonomy":"post_tag","embeddable":true,"href":"https:\/\/verdadincomodadiario.ar\/index.php?rest_route=%2Fwp%2Fv2%2Ftags&post=10162"}],"curies":[{"name":"wp","href":"https:\/\/api.w.org\/{rel}","templated":true}]}}