{"id":10160,"date":"2025-07-07T19:28:09","date_gmt":"2025-07-07T19:28:09","guid":{"rendered":"https:\/\/verdadincomodadiario.ar\/?p=10160"},"modified":"2025-07-07T19:28:09","modified_gmt":"2025-07-07T19:28:09","slug":"fox-news-alerta-haiti-al-borde-del-colapso","status":"publish","type":"post","link":"https:\/\/verdadincomodadiario.ar\/?p=10160","title":{"rendered":"Fox News alerta: Hait\u00ed al borde del colapso"},"content":{"rendered":"<p>Fox News, junto a otros medios internacionales y organismos como la ONU, ha alertado sobre el\u00a0control casi total\u00a0que ejercen las bandas criminales en Hait\u00ed, especialmente en Puerto Pr\u00edncipe, donde dominan\u00a0m\u00e1s del 90% de la capital.<\/p>\n<p>Esta situaci\u00f3n, agravada desde el asesinato del presidente Jovenel Mo\u00efse en 2021, ha llevado al pa\u00eds al borde del\u00a0colapso institucional, con un Estado incapaz de garantizar seguridad b\u00e1sica o servicios p\u00fablicos.<\/p>\n<p>La crisis se ha generado por expansi\u00f3n territorial de las bandas que operan en las diferentes zonas y tienen como objetivo adquirir mayor control territorial.<\/p>\n<p>Las pandillas han extendido su control a zonas antes pac\u00edficas, como el sur y el este del pa\u00eds, bloqueando rutas comerciales clave (ej: Belladere y Malpasse) y atacando a fuerzas de seguridad.<\/p>\n<p>Seg\u00fan la ONU, su dominio incluye\u00a0paralizar el comercio legal, provocando escasez de alimentos y combustible, con precios disparados.<\/p>\n<p>Hait\u00ed carece de presidente desde 2021, y el gobierno interino ha perdido autoridad. La polic\u00eda nacional, con solo\u00a01,663 agentes renunciados en 2023, est\u00e1 sobrepasada.<\/p>\n<p>La\u00a0misi\u00f3n internacional liderada por Kenia\u00a0(MMAS), destinada a apoyar, solo ha desplegado\u00a01,000 de los 2,500 efectivos prometidos\u00a0por falta de recursos.<\/p>\n<p>Si las bandas consolidan su poder, podr\u00edan establecer\u00a0estructuras paralelas de gobierno, como ya hacen controlando puertos y cobrando &#8220;impuestos&#8221;.<\/p>\n","protected":false},"excerpt":{"rendered":"<p>Fox News, junto a otros medios internacionales y organismos como la ONU, ha alertado sobre el\u00a0control casi total\u00a0que ejercen las bandas criminales en Hait\u00ed, especialmente en Puerto Pr\u00edncipe, donde dominan\u00a0m\u00e1s del 90% de la capital. Esta situaci\u00f3n, agravada desde el asesinato del presidente Jovenel Mo\u00efse en 2021, ha llevado al pa\u00eds al borde del\u00a0colapso institucional, [&hellip;]<\/p>\n","protected":false},"author":2,"featured_media":10161,"comment_status":"open","ping_status":"open","sticky":false,"template":"","format":"standard","meta":{"_et_pb_use_builder":"","_et_pb_old_content":"","_et_gb_content_width":"","footnotes":""},"categories":[84],"tags":[],"class_list":["post-10160","post","type-post","status-publish","format-standard","has-post-thumbnail","hentry","category-ultimomomento"],"_links":{"self":[{"href":"https:\/\/verdadincomodadiario.ar\/index.php?rest_route=\/wp\/v2\/posts\/10160","targetHints":{"allow":["GET"]}}],"collection":[{"href":"https:\/\/verdadincomodadiario.ar\/index.php?rest_route=\/wp\/v2\/posts"}],"about":[{"href":"https:\/\/verdadincomodadiario.ar\/index.php?rest_route=\/wp\/v2\/types\/post"}],"author":[{"embeddable":true,"href":"https:\/\/verdadincomodadiario.ar\/index.php?rest_route=\/wp\/v2\/users\/2"}],"replies":[{"embeddable":true,"href":"https:\/\/verdadincomodadiario.ar\/index.php?rest_route=%2Fwp%2Fv2%2Fcomments&post=10160"}],"version-history":[{"count":0,"href":"https:\/\/verdadincomodadiario.ar\/index.php?rest_route=\/wp\/v2\/posts\/10160\/revisions"}],"wp:featuredmedia":[{"embeddable":true,"href":"https:\/\/verdadincomodadiario.ar\/index.php?rest_route=\/wp\/v2\/media\/10161"}],"wp:attachment":[{"href":"https:\/\/verdadincomodadiario.ar\/index.php?rest_route=%2Fwp%2Fv2%2Fmedia&parent=10160"}],"wp:term":[{"taxonomy":"category","embeddable":true,"href":"https:\/\/verdadincomodadiario.ar\/index.php?rest_route=%2Fwp%2Fv2%2Fcategories&post=10160"},{"taxonomy":"post_tag","embeddable":true,"href":"https:\/\/verdadincomodadiario.ar\/index.php?rest_route=%2Fwp%2Fv2%2Ftags&post=10160"}],"curies":[{"name":"wp","href":"https:\/\/api.w.org\/{rel}","templated":true}]}}