{"id":10144,"date":"2025-07-07T18:27:25","date_gmt":"2025-07-07T18:27:25","guid":{"rendered":"https:\/\/verdadincomodadiario.ar\/?p=10144"},"modified":"2025-07-07T18:27:25","modified_gmt":"2025-07-07T18:27:25","slug":"peaje-con-privilegios-en-la-calera-pagaran-menos-solo-por-vivir-cerca-del-puesto","status":"publish","type":"post","link":"https:\/\/verdadincomodadiario.ar\/?p=10144","title":{"rendered":"Peaje con privilegios: en La Calera pagar\u00e1n menos solo por vivir cerca del puesto"},"content":{"rendered":"<p>Desde el lunes 7 de julio, <strong>los vecinos de <a href=\"https:\/\/derechadiario.com.ar\/sociedad\/calera-ex-sargento-se-atrinchero-y-disparo-contra-policias-tras-denuncia\" title=\"La Calera: ex sargento se atrincher\u00f3 y dispar\u00f3 contra polic\u00edas tras una denuncia\">La Calera<\/a> pagar\u00e1n $455 por pasada en el peaje de la Avenida Ej\u00e9rcito Argentino<\/strong>. El acuerdo se firm\u00f3 entre Camino de las Sierras, el municipio local y autoridades provinciales. El nuevo valor representa un <strong>30% de descuento<\/strong> adicional sobre la tarifa que ya abonaban con Telepeaje.<\/p>\n<p><strong>Solo podr\u00e1n acceder al beneficio quienes acrediten domicilio en barrios puntuales de La Calera y <a href=\"https:\/\/derechadiario.com.ar\/economia\/renault-ajusta-cordoba-y-gremio-pide-mas-trabas-las-importaciones\" title=\"Renault ajusta en C\u00f3rdoba y el gremio pide m\u00e1s trabas a las importaciones\">C\u00f3rdoba<\/a>.<\/strong> Entre ellos figuran Lomas de Los Carolinos, El Bosque, Villa Warcalde y Alto Hermoso. Esto deja en evidencia un trato desigual frente a quienes transitan la misma ruta pero no califican para el beneficio.<\/p>\n<p>La diferencia tarifaria fue uno de los reclamos hist\u00f3ricos de la \u00a0<strong>organizaci\u00f3n \u201cNo al Peaje\u201d<\/strong>. El grupo cuestiona la ubicaci\u00f3n del puesto y pide su eliminaci\u00f3n o traslado. Aunque celebraron el descuento, insisten en que se trata de una \u201csituaci\u00f3n injusta\u201d y piden que el gobernador Llaryora \u201chaga justicia\u201d.<\/p>\n<div class=\"inter_image image_horizontal\">\n<picture><source class=\"img-responsive\" type=\"image\/webp\" data-srcset=\"https:\/\/filesedc.com\/uploads\/image\/post\/2025\/07\/captura-de-pantalla-2025-07-07-131223_300_200.webp 300w, https:\/\/filesedc.com\/uploads\/image\/post\/2025\/07\/captura-de-pantalla-2025-07-07-131223_630_420.webp 630w, https:\/\/filesedc.com\/uploads\/image\/post\/2025\/07\/captura-de-pantalla-2025-07-07-131223_760_507.webp 760w, https:\/\/filesedc.com\/uploads\/image\/post\/2025\/07\/captura-de-pantalla-2025-07-07-131223_1200_800.webp 1200w, https:\/\/filesedc.com\/uploads\/image\/post\/2025\/07\/captura-de-pantalla-2025-07-07-131223_1600_1067.webp 1600w, \"><img decoding=\"async\" src=\"https:\/\/derechadiario.com.ar\/filesedc\/uploads\/image\/post\/2025\/07\/captura-de-pantalla-2025-07-07-131223_1200_800.webp\" class=\"img-responsive lazyload\" alt=\"Un grupo de personas bloquea una cabina de peaje bajo un cielo nublado\" title=\"Un grupo de personas bloquea una cabina de peaje bajo un cielo nublado\"><\/picture>\n<div>\n<span class=\"img_footer\">Protesta de vecinos en el Peaje en La Calera <\/span>| <span class=\"img_author\">La Derecha Diario<\/span>\n<\/div>\n<\/div>\n<h2>Un alivio selectivo que refuerza las desigualdades ante la ley<\/h2>\n<p>El descuento s\u00f3lo aplica a un grupo determinado, generando un <strong>privilegio arbitrario seg\u00fan lugar de residencia<\/strong>. As\u00ed, dos personas que usan el mismo servicio terminan pagando tarifas diferentes por <strong>un criterio pol\u00edtico<\/strong>. La igualdad ante la ley queda subordinada a acuerdos discrecionales entre autoridades y empresas.<\/p>\n<aside class=\"are-you-interested-container-photo\"><\/aside>\n<p>Hasta el domingo, todos los automovilistas de categor\u00eda 2 pagaban $650 sin excepci\u00f3n. Ahora, <strong>algunos usuarios ver\u00e1n su tarifa reducida mientras otros seguir\u00e1n asumiendo el costo completo<\/strong>. No hay fundamentos t\u00e9cnicos ni contractuales que expliquen esta diferenciaci\u00f3n en el cobro.<\/p>\n<aside class=\"whatsappChannelText\"><a href=\"https:\/\/whatsapp.com\/channel\/0029VagEjILGE56eKjedWF2U\" rel=\"nofollow\" title=\"WhatsApp Link\"><img alt=\"Logo de WhatsApp\" class=\"lazyload\" data-src=\"https:\/\/derechadiario.com.ar\/filesedc\/uploads\/other\/whatsapp_icon_mid_article.png\" width=\"32\" height=\"32\"><\/a> <a href=\"https:\/\/whatsapp.com\/channel\/0029VagEjILGE56eKjedWF2U\" rel=\"nofollow\" title=\"WhatsApp Link\"><strong>NO SE PIERDAN NINGUNA NOTICIA<\/strong>: Click aqu\u00ed para sumarte <strong>GRATIS<\/strong> al canal de noticias de <strong>La Derecha Diario en WhatsApp.<\/strong><\/a><\/aside>\n<p>Este tipo de medidas erosiona el principio de equidad en el uso de la infraestructura p\u00fablica. Las rutas concesionadas deben sostenerse bajo reglas parejas y previsibles para todos. <strong>Cuando se otorgan beneficios selectivos, lo que se promueve no es la b\u00fasqueda de\u00a0justicia sino la concesi\u00f3n de privilegios.<\/strong><\/p>\n","protected":false},"excerpt":{"rendered":"<p>Desde el lunes 7 de julio, los vecinos de La Calera pagar\u00e1n $455 por pasada en el peaje de la Avenida Ej\u00e9rcito Argentino. El acuerdo se firm\u00f3 entre Camino de las Sierras, el municipio local y autoridades provinciales. El nuevo valor representa un 30% de descuento adicional sobre la tarifa que ya abonaban con Telepeaje. [&hellip;]<\/p>\n","protected":false},"author":2,"featured_media":10145,"comment_status":"open","ping_status":"open","sticky":false,"template":"","format":"standard","meta":{"_et_pb_use_builder":"","_et_pb_old_content":"","_et_gb_content_width":"","footnotes":""},"categories":[84],"tags":[],"class_list":["post-10144","post","type-post","status-publish","format-standard","has-post-thumbnail","hentry","category-ultimomomento"],"_links":{"self":[{"href":"https:\/\/verdadincomodadiario.ar\/index.php?rest_route=\/wp\/v2\/posts\/10144","targetHints":{"allow":["GET"]}}],"collection":[{"href":"https:\/\/verdadincomodadiario.ar\/index.php?rest_route=\/wp\/v2\/posts"}],"about":[{"href":"https:\/\/verdadincomodadiario.ar\/index.php?rest_route=\/wp\/v2\/types\/post"}],"author":[{"embeddable":true,"href":"https:\/\/verdadincomodadiario.ar\/index.php?rest_route=\/wp\/v2\/users\/2"}],"replies":[{"embeddable":true,"href":"https:\/\/verdadincomodadiario.ar\/index.php?rest_route=%2Fwp%2Fv2%2Fcomments&post=10144"}],"version-history":[{"count":0,"href":"https:\/\/verdadincomodadiario.ar\/index.php?rest_route=\/wp\/v2\/posts\/10144\/revisions"}],"wp:featuredmedia":[{"embeddable":true,"href":"https:\/\/verdadincomodadiario.ar\/index.php?rest_route=\/wp\/v2\/media\/10145"}],"wp:attachment":[{"href":"https:\/\/verdadincomodadiario.ar\/index.php?rest_route=%2Fwp%2Fv2%2Fmedia&parent=10144"}],"wp:term":[{"taxonomy":"category","embeddable":true,"href":"https:\/\/verdadincomodadiario.ar\/index.php?rest_route=%2Fwp%2Fv2%2Fcategories&post=10144"},{"taxonomy":"post_tag","embeddable":true,"href":"https:\/\/verdadincomodadiario.ar\/index.php?rest_route=%2Fwp%2Fv2%2Ftags&post=10144"}],"curies":[{"name":"wp","href":"https:\/\/api.w.org\/{rel}","templated":true}]}}