{"id":10124,"date":"2025-07-07T14:36:56","date_gmt":"2025-07-07T14:36:56","guid":{"rendered":"https:\/\/verdadincomodadiario.ar\/?p=10124"},"modified":"2025-07-07T14:36:56","modified_gmt":"2025-07-07T14:36:56","slug":"croacia-despierta-medio-millon-se-reune-para-proclamar-fe-patria-e-identididad","status":"publish","type":"post","link":"https:\/\/verdadincomodadiario.ar\/?p=10124","title":{"rendered":"Croacia despierta: medio mill\u00f3n se re\u00fane para proclamar fe, patria e identididad"},"content":{"rendered":"<p><strong>En tiempos donde las masas se movilizan por esl\u00f3ganes vac\u00edos, ideolog\u00edas importadas o espect\u00e1culos desechables<\/strong>, lo ocurrido anoche en Croacia rompe todos los esquemas. No fue una protesta, ni un acto pol\u00edtico partidario, ni un festival comercializado por multinacionales. Fue otra cosa. Fue un pueblo que se alz\u00f3 para decir qui\u00e9n es.<\/p>\n<p>M\u00e1s de medio mill\u00f3n de croatas se congregaron en el Hip\u00f3dromo de Zagreb, no para exigir privilegios, sino para defender algo mucho m\u00e1s profundo: su fe, su patria y su memoria.<\/p>\n<p>En el centro del evento, <strong>Marko Perkovi\u0107, conocido como Thompson, s\u00edmbolo viviente de la resistencia cultural croata, dio un concierto que se convirti\u00f3 en una ceremonia nacional.<\/strong><\/p>\n<p>El evento, anunciado como el concierto solista m\u00e1s multitudinario de Europa, super\u00f3 cualquier expectativa. Fue una <strong>manifestaci\u00f3n espiritual, patri\u00f3tica y cultural sin precedentes en el continente europeo del siglo XXI.<\/strong><\/p>\n<p>Perkovi\u0107 abri\u00f3 la noche con una salutaci\u00f3n que, para muchos en Occidente, resulta casi incomprensible:<br \/><strong>\u201c\u00a1Hvaljen Isus i Marija!\u201d<\/strong> \u2014una f\u00f3rmula cat\u00f3lica tradicional del mundo eslavo que significa: \u201c\u00a1Alabados sean Jes\u00fas y Mar\u00eda!\u201d.<\/p>\n<p><strong>No fue una frase decorativa. Fue una declaraci\u00f3n de principios.<\/strong><\/p>\n<p>Y lo hizo en Zagreb \u2014una capital europea gobernada por la coalici\u00f3n ecoizquierdista Mo\u017eemo (que en croata significa \u201c\u00a1Podemos!\u201d), cuyo programa pol\u00edtico incluye feminismo radical, ideolog\u00eda de g\u00e9nero, reingenier\u00eda cultural y desarraigo nacional.<\/p>\n<p><strong>El contraste no pudo ser m\u00e1s expl\u00edcito.<\/strong><\/p>\n<p>Mientras el alcalde Tomislav Toma\u0161evi\u0107 promueve con entusiasmo proyectos de despatriarcalizaci\u00f3n, lenguaje inclusivo y activismo clim\u00e1tico subvencionado, \u00a0<strong>medio mill\u00f3n de croatas respondieron con fervor cat\u00f3lico. Crucifijos en alto, c\u00e1nticos patri\u00f3ticos, banderas nacionales<\/strong> \u2014todo eso ocurri\u00f3 en su ciudad, bajo su mandato. Y sin que \u00e9l pudiera impedirlo.<\/p>\n<p>Fue el pueblo el que tom\u00f3 la palabra. Y la palabra fue: tradici\u00f3n.<\/p>\n<p>Desde el escenario, <strong>Thompson agradeci\u00f3 la presencia masiva, expres\u00f3 el deseo de unidad nacional y exhort\u00f3 al retorno a las ra\u00edces cristianas<\/strong>. Subray\u00f3 que los asistentes, llegados desde todos los rincones del pa\u00eds, compart\u00edan los mismos valores fundamentales: familia, tradici\u00f3n, naci\u00f3n.<\/p>\n<p>Durante m\u00e1s de tres horas, <strong>el veterano de guerra transform\u00f3 un concierto en un acto lit\u00fargico de pertenencia nacional.<\/strong> No fue espect\u00e1culo. Fue identidad encarnada.<\/p>\n<p>Y no es casualidad que fuera precisamente un m\u00fasico quien movilizara semejante multitud. <strong>Y mucho menos que ese m\u00fasico fuera Marko Perkovi\u0107.<\/strong><\/p>\n<p>Thompson se ha convertido en un s\u00edmbolo nacional que divide seg\u00fan el punto de vista: para muchos, un h\u00e9roe; para otros, un chivo expiatorio. Su biograf\u00eda est\u00e1 \u00edntimamente entrelazada con el Domovinski rat, la \u201cGuerra Patria\u201d croata de los a\u00f1os 90. Como joven voluntario, luch\u00f3 en el frente con una metralleta Thompson. \u00a0<strong>El arma se convirti\u00f3 en guitarra, el campo de batalla en escenario, y la marcha militar en declaraci\u00f3n cultural.<\/strong><\/p>\n<p><strong>No es de extra\u00f1ar que los medios occidentales no sepan c\u00f3mo clasificarlo. Perkovi\u0107 no encaja en los paradigmas de la cultura pop posnacional.<\/strong><\/p>\n<p>Las cr\u00edticas le son conocidas desde hace a\u00f1os. Se le ha acusado de utilizar s\u00edmbolos asociados al r\u00e9gimen Usta\u0161a. Pero la realidad es otra: P<strong>erkovi\u0107 se ha distanciado p\u00fablica y repetidamente de toda ideolog\u00eda fascista<\/strong>, de manera clara y rotunda. Sus letras no se centran en los a\u00f1os cuarenta, sino en los noventa; no hablan de colaboraci\u00f3n, sino de supervivencia.<\/p>\n<p><strong>La prensa occidental no sabe c\u00f3mo digerirlo. Porque Thompson no se ajusta al molde del entretenimiento globalizado ni de la cultura pop posnacional.<\/strong> No es un \u00eddolo producido. Es un croata que canta como croata, para croatas \u2014y eso, para muchos en Bruselas y Berl\u00edn, es intolerable.<\/p>\n<p>Bojna \u010cavoglave (\u201cLa batalla de \u010cavoglave\u201d), su himno m\u00e1s c\u00e9lebre, comienza con el grito Za dom spremni (\u201c\u00a1Por la patria, listos!\u201d). En Occidente, se le teme. En Croacia, se le responde. <strong>Porque no se trata de provocaci\u00f3n, sino de una consigna que, para muchos, representa resistencia, honor y memoria viva<\/strong>.<\/p>\n<p>Que esta tensi\u00f3n se debata abiertamente en Croacia, lejos de ser un problema, es muestra de madurez democr\u00e1tica. Aqu\u00ed no se censura la historia: se enfrenta. Se recuerda. Se vive.<\/p>\n<p>Mientras tanto, los mismos medios que callan ante verdaderas amenazas totalitarias, se escandalizan cuando medio mill\u00f3n de personas canta a su bandera y <strong>reza a su Dios.<\/strong><\/p>\n<p><strong>Y lo hicieron con convicci\u00f3n.<\/strong><\/p>\n<p>A lo largo de la noche, la dimensi\u00f3n religiosa fue protagonista. \u00a0<strong>Las letras de Thompson est\u00e1n impregnadas de referencias cristianas: la cruz, la Virgen, los santos<\/strong>. Para la clase dirigente globalista, esto es una provocaci\u00f3n. Para el pueblo croata, es lo m\u00e1s natural del mundo. No fue espect\u00e1culo evangelizador. Fue catolicismo popular \u2014vivo, aut\u00e9ntico, innegociable.<\/p>\n<p>En un momento culminante, <strong>se enton\u00f3 el himno Maranatha (\u201c\u00a1Ven, Se\u00f1or!\u201d, en arameo), compuesto por el obispo Ante Ivas, mientras en pantalla se proyectaba una vela encendida por las v\u00edctimas de Bleiburg.<\/strong> La historia no olvidada se hizo presente \u2014como oraci\u00f3n, como reclamo de justicia, como acto de fe.<\/p>\n<p>Durante Ne\u0107u izdat ja (\u201cYo no traicionar\u00e9\u201d), \u00a0<strong>Perkovi\u0107 cedi\u00f3 el micr\u00f3fono al joven cantante cat\u00f3lico Petar Buljan, quien proclam\u00f3 que \u00e9l y su casa servir\u00edan al Se\u00f1or<\/strong> \u2014en eco del Libro de Josu\u00e9. El p\u00fablico lo repiti\u00f3 al un\u00edsono. Medio mill\u00f3n de personas orando juntas. Sin l\u00edderes. <strong>Sin sectarismos. Solo fe.<\/strong><\/p>\n<p><strong>Los drones en el cielo formaron las im\u00e1genes de la Virgen Mar\u00eda y la Cruz.<\/strong> Y el Hip\u00f3dromo cay\u00f3 en silencio. No fue parte del espect\u00e1culo. Fue consagraci\u00f3n colectiva.<\/p>\n<p>La potencia del mensaje no estuvo solo en lo religioso. Musicalmente, Thompson une hard rock, metal y folclore croata. Sus canciones no siguen tendencias, sino que marcan territorio emocional y cultural. \u00a0<strong>Lo que para la \u00e9lite es \u201cpopulismo emocional\u201d, para su pueblo es autenticidad sin filtro.<\/strong><\/p>\n<p>El punto m\u00e1s electrizante lleg\u00f3, como era de esperar, con Bojna \u010cavoglave (\u201cLa batalla de \u010cavoglave\u201d). \u00a0<strong>El p\u00fablico core\u00f3 desde las entra\u00f1as. Para algunos, esc\u00e1ndalo. Para muchos, justicia.<\/strong><\/p>\n<p>Al final del evento, <strong>Perkovi\u0107 tom\u00f3 la palabra una vez m\u00e1s. Agradeci\u00f3 la unidad vivida esa noche y dio gracias a Dios. Coment\u00f3 que, aunque el concierto hab\u00eda durado casi tres horas<\/strong>, el tiempo hab\u00eda pasado velozmente gracias al esp\u00edritu de comuni\u00f3n entre todos. Dirigi\u00e9ndose especialmente a los j\u00f3venes, dijo que eran m\u00e1s firmes que su propia generaci\u00f3n y expres\u00f3 que ahora pod\u00eda morir en paz, porque Croacia estaba en buenas manos. Cerr\u00f3 con la promesa de que se volver\u00edan a ver, e interpret\u00f3 las dos \u00faltimas canciones.<\/p>\n<p><strong>Lo vivido en Zagreb fue una se\u00f1al poderosa para toda Europa. No hubo odio. No hubo violencia. Hubo memoria, oraci\u00f3n y unidad.<\/strong><\/p>\n<p><strong>Fue el testimonio de una naci\u00f3n que no necesita pedir perd\u00f3n por existir.<\/strong> Y aunque Zagreb est\u00e9 lejos, para muchos argentinos de origen croata lo ocurrido anoche fue tambi\u00e9n propio. En Buenos Aires, Chaco o Mendoza \u2014donde miles de familias conservan apellidos, recuerdos y devociones croatas\u2014 la patria no es solo una geograf\u00eda, sino una herencia del alma.<\/p>\n<aside class=\"whatsappChannelText\"><a href=\"https:\/\/whatsapp.com\/channel\/0029VagEjILGE56eKjedWF2U\" rel=\"nofollow\" title=\"WhatsApp Link\"><img alt=\"Logo de WhatsApp\" class=\"lazyload\" data-src=\"https:\/\/derechadiario.com.ar\/filesedc\/uploads\/other\/whatsapp_icon_mid_article.png\" width=\"32\" height=\"32\"><\/a> <a href=\"https:\/\/whatsapp.com\/channel\/0029VagEjILGE56eKjedWF2U\" rel=\"nofollow\" title=\"WhatsApp Link\"><strong>NO SE PIERDAN NINGUNA NOTICIA<\/strong>: Click aqu\u00ed para sumarte <strong>GRATIS<\/strong> al canal de noticias de <strong>La Derecha Diario en WhatsApp.<\/strong><\/a><\/aside>\n<p>Croacia no termina en Europa. Tambi\u00e9n vive en Am\u00e9rica. <strong>Y anoche, su coraz\u00f3n habl\u00f3 a quienes nunca dejaron de escucharlo.<\/strong><\/p>\n<p>Mientras en Madrid se retiran crucifijos y se subvencionan festivales de desmemoria, en Zagreb se alzan himnos, banderas y oraciones.<\/p>\n<p><strong>Europa necesita menos Davos\u2026 y m\u00e1s Zagreb.<\/strong><\/p>\n","protected":false},"excerpt":{"rendered":"<p>En tiempos donde las masas se movilizan por esl\u00f3ganes vac\u00edos, ideolog\u00edas importadas o espect\u00e1culos desechables, lo ocurrido anoche en Croacia rompe todos los esquemas. No fue una protesta, ni un acto pol\u00edtico partidario, ni un festival comercializado por multinacionales. Fue otra cosa. Fue un pueblo que se alz\u00f3 para decir qui\u00e9n es. M\u00e1s de medio [&hellip;]<\/p>\n","protected":false},"author":2,"featured_media":10125,"comment_status":"open","ping_status":"open","sticky":false,"template":"","format":"standard","meta":{"_et_pb_use_builder":"","_et_pb_old_content":"","_et_gb_content_width":"","footnotes":""},"categories":[84],"tags":[],"class_list":["post-10124","post","type-post","status-publish","format-standard","has-post-thumbnail","hentry","category-ultimomomento"],"_links":{"self":[{"href":"https:\/\/verdadincomodadiario.ar\/index.php?rest_route=\/wp\/v2\/posts\/10124","targetHints":{"allow":["GET"]}}],"collection":[{"href":"https:\/\/verdadincomodadiario.ar\/index.php?rest_route=\/wp\/v2\/posts"}],"about":[{"href":"https:\/\/verdadincomodadiario.ar\/index.php?rest_route=\/wp\/v2\/types\/post"}],"author":[{"embeddable":true,"href":"https:\/\/verdadincomodadiario.ar\/index.php?rest_route=\/wp\/v2\/users\/2"}],"replies":[{"embeddable":true,"href":"https:\/\/verdadincomodadiario.ar\/index.php?rest_route=%2Fwp%2Fv2%2Fcomments&post=10124"}],"version-history":[{"count":0,"href":"https:\/\/verdadincomodadiario.ar\/index.php?rest_route=\/wp\/v2\/posts\/10124\/revisions"}],"wp:featuredmedia":[{"embeddable":true,"href":"https:\/\/verdadincomodadiario.ar\/index.php?rest_route=\/wp\/v2\/media\/10125"}],"wp:attachment":[{"href":"https:\/\/verdadincomodadiario.ar\/index.php?rest_route=%2Fwp%2Fv2%2Fmedia&parent=10124"}],"wp:term":[{"taxonomy":"category","embeddable":true,"href":"https:\/\/verdadincomodadiario.ar\/index.php?rest_route=%2Fwp%2Fv2%2Fcategories&post=10124"},{"taxonomy":"post_tag","embeddable":true,"href":"https:\/\/verdadincomodadiario.ar\/index.php?rest_route=%2Fwp%2Fv2%2Ftags&post=10124"}],"curies":[{"name":"wp","href":"https:\/\/api.w.org\/{rel}","templated":true}]}}